{"id":25498,"date":"2017-12-20T18:13:03","date_gmt":"2017-12-20T16:13:03","guid":{"rendered":"http:\/\/akincilardergisi.com\/dergi\/?p=25498"},"modified":"2023-11-04T20:12:15","modified_gmt":"2023-11-04T17:12:15","slug":"tarih-iste-boyle-yaziliyor","status":"publish","type":"post","link":"https:\/\/akincilardergisi.com\/tr\/tarih-iste-boyle-yaziliyor\/","title":{"rendered":"TAR\u0130H \u0130\u015eTE B\u00d6YLE YAZILIYOR"},"content":{"rendered":"<p style=\"color: #000000\"><img decoding=\"async\" src=\"https:\/\/pbs.twimg.com\/media\/CVzCTplW4AA3z_n.jpg\" alt=\"\" \/><\/p>\n<p style=\"color: #000000\">Tarih\u00e7iler derler ki: Hi\u00e7 kimsenin hi\u00e7bir tarih bilgisi, mesela \u0130stanbul\u2019da bir hafta ya\u015fam\u0131\u015f bir insan\u0131n \u0130stanbul bilgisinden daha kesin ve daha do\u011fru de\u011fildir.<\/p>\n<p style=\"color: #000000\">Ger\u00e7ekten de \u00f6yledir. Tarih, tarih\u00e7inin olaylar i\u00e7inden bir ki\u015fi veya birka\u00e7 ki\u015finin o olaylara tan\u0131kl\u0131\u011f\u0131n\u0131 esas alarak, i\u015fin i\u00e7ine bir de kendi kanaatini ekleyerek yazd\u0131klar\u0131d\u0131r.<\/p>\n<p style=\"color: #000000\">D\u00fc\u015f\u00fcn\u00fcn ki, taaa seksenlere kadar hi\u00e7 g\u00fcndeme gelmemi\u015f \u201cermeni soyk\u0131r\u0131m\u0131\u201d meselesi, seksenlerde bir b\u00fcy\u00fckel\u00e7inin ve ard\u0131ndan da bir gizli servis eleman\u0131n\u0131n g\u00fcya ger\u00e7ekmi\u015f gibi birka\u00e7 \u015fey gevelemesinden sonra sanki bir hakikatmi\u015f gibi tarih kitaplar\u0131n\u0131n i\u00e7ine girmi\u015ftir.<\/p>\n<p style=\"color: #000000\">\u00c7anakkale sava\u015f\u0131, cepheden ailelere yaz\u0131lm\u0131\u015f birka\u00e7 mektup ile tarihi hakikat \u00f6zelli\u011fine kavu\u015fuyor. O mektuplar da olmasa, sava\u015f olmu\u015f-bitmi\u015f ve sadece neticeleri ile bilinen bir yoklu\u011fa mahk\u00fbm edilmi\u015fti.<\/p>\n<p style=\"color: #000000\">Nitekim yirmi y\u0131l \u00f6ncesine kadar T\u00fcrkiye Cumhuriyeti Devletinin bir \u201c\u00c7anakkale sava\u015f\u0131\u201d meselesi ve bilgisi yoktu. \u00c7\u00fcnk\u00fc T\u00fcrkiye tarihi 1919 y\u0131l\u0131nda Mustafa Kemal Pa\u015fa\u2019n\u0131n Samsun\u2019a \u00e7\u0131k\u0131\u015f\u0131 ile ba\u015fl\u0131yordu ve bu devlet i\u00e7in 1919\u2019dan \u00f6ncesi T\u00fcrklerin ve T\u00fcrkiye\u2019nin tarihi de de\u011fildi.<\/p>\n<p style=\"color: #000000\">Zaten, 20 y\u0131l \u00f6ncesine kadar sava\u015f\u0131n ad\u0131 \u00c7anakkale Sava\u015f\u0131 de\u011fil de Birinci Cihan sava\u015f\u0131 idi. \u00c7anakkale Sava\u015f\u0131, bu b\u00fcy\u00fck sava\u015f\u0131n sadece bir cephesi idi. T\u0131pk\u0131 Gali\u00e7ya Cephesi gibi ve t\u0131pk\u0131 Irak Cephesi gibi ve t\u0131pk\u0131 Kafkasya Cephesi gibi ve t\u0131pk\u0131 Gazze Cephesi gibi\u2026<\/p>\n<p style=\"color: #000000\">\u015eimdi: \u00c7anakkale cephesini \u201c\u00c7anakkale Sava\u015f\u0131\u201d olarak biliyorsunuz. Bunu da yirmi y\u0131ld\u0131r biliyorsunuz.<\/p>\n<p style=\"color: #000000\">Biliyor musunuz: Yirmi y\u0131l \u00f6ncesinde baz\u0131 sivil toplum kurulu\u015flar\u0131 \u201c\u00c7anakkale \u015eehitleri\u201dni anmak isterlerdi ve resmi kurumlara ve askeri birlik komutanl\u0131klar\u0131na davetiye g\u00f6nderirlerdi de bu davetiyeler, \u201c\u00c7anakkale Sava\u015f\u0131 Osmanl\u0131 devletinin sava\u015f\u0131d\u0131r ve bu sava\u015f\u0131n T\u00fcrkiye Cumhuriyeti devleti ile ilgisi yoktur.\u201d yollu cevaplarla red edilirlerdi.<\/p>\n<p style=\"color: #000000\">Hatta\u2026 1973 y\u0131l\u0131nda Amerika\u2019da bilmem ne Manukyan isimli bir ermeni katil, bizim ba\u015fkonsolosluk g\u00f6revlilerini \u00f6ld\u00fcrm\u00fc\u015ft\u00fc ve bu i\u015fi 1915 y\u0131l\u0131ndaki ermeni soyk\u0131r\u0131m\u0131n\u0131n intikam\u0131 i\u00e7in yapt\u0131m demi\u015fti de\u2026 Bizim o zamanki hariciyemiz: Yani d\u0131\u015fi\u015fleri bakanl\u0131\u011f\u0131m\u0131z \u00fc\u00e7 g\u00fcn susmu\u015ftu. \u00dc\u00e7 g\u00fcnden sonra da \u015f\u00f6yle demi\u015fti.<\/p>\n<p style=\"color: #000000\">-Efendim. Say\u0131n Manukyan\u2019\u0131n da dedi\u011fi gibi o olaylar 1915 y\u0131l\u0131nda olmu\u015ftur. T\u00fcrkiye Cumhuriyeti Devleti ise 1923\u2019te kurulmu\u015ftur. Yani o bahsedilen olaylar\u0131n bizim devletimiz ile ilgisi yoktur.<\/p>\n<p style=\"color: #000000\">Bunun \u00fczerine de o Amerikal\u0131 ermeni katil, a\u00e7\u0131k a\u00e7\u0131k \u015f\u00f6yle sormu\u015ftu: Bu t\u00fcrkler p..\u00e7 midirler?<\/p>\n<p style=\"color: #000000\">\u015eimdiiii\u2026<\/p>\n<p style=\"color: #000000\">Biz bunlar\u0131 niye dedik:<\/p>\n<p style=\"color: #000000\">Bak\u0131n\u0131z, \u015fu anda\u2026 Evet \u015fu anda.. \u015eu i\u00e7inde bulundu\u011fumuz anlar i\u00e7inde tarih yaz\u0131l\u0131yor. Tarih yaz\u0131l\u0131yor ve biz, tarihin i\u00e7inde ya\u015fad\u0131\u011f\u0131m\u0131z\u0131 bilmiyoruz.<\/p>\n<p style=\"color: #000000\">G\u00fcn olacak, \u015fu i\u00e7inde bizzat bizim ya\u015fad\u0131\u011f\u0131m\u0131z T\u00fcrkiye\u2019yi, hem de bizim \u00e7ocuklar\u0131m\u0131za, \u00e7ocuklar\u0131m\u0131z\u0131n da \u00e7ocuklar\u0131na ve yani bizim neslimize kim bilir nas\u0131l anlatacaklar.<\/p>\n<p style=\"color: #000000\">Siz, biz, hepimiz\u2026 Kim bilir, tarihe nas\u0131l ge\u00e7ece\u011fiz.<\/p>\n<p style=\"color: #000000\">Yani, efendiler\u2026 Bey efendiler\u2026 Han\u0131m efendiler\u2026 Tarihe ge\u00e7iyorsunuz.<\/p>\n<p style=\"color: #000000\">Tarih i\u00e7indeki yerinize haz\u0131r m\u0131s\u0131n\u0131z?&#8230; Buna ne kadar haz\u0131r oldu\u011funuz konusu: Emin olun, \u015fu anda kendinizi ve an\u0131n\u0131z\u0131 ve zaman\u0131n\u0131z\u0131 bilmenize ba\u011fl\u0131d\u0131r.<\/p>\n<p style=\"color: #000000\">Dik durun ve dik duranlar\u0131n yan\u0131nda olun da tarihe bir s\u00fcl\u00fck gibi ge\u00e7meyin.<\/p>\n<p style=\"color: #000000\">Ho\u015f, s\u00fcl\u00fckler tarihe ge\u00e7mez ya\u2026 Kim bilir, bir g\u00fcn bir s\u00fcl\u00fck de padi\u015fah olabilir.<\/p>\n<p style=\"color: #000000\">Kal\u0131n sa\u011fl\u0131cakla\u2026.<\/p>\n","protected":false},"excerpt":{"rendered":"<p>Tarih\u00e7iler derler ki: Hi\u00e7 kimsenin hi\u00e7bir tarih bilgisi, mesela \u0130stanbul\u2019da bir hafta ya\u015fam\u0131\u015f bir insan\u0131n \u0130stanbul bilgisinden daha kesin ve daha do\u011fru de\u011fildir. Ger\u00e7ekten de \u00f6yledir. Tarih, tarih\u00e7inin olaylar i\u00e7inden bir ki\u015fi veya birka\u00e7 ki\u015finin o olaylara tan\u0131kl\u0131\u011f\u0131n\u0131 esas alarak, i\u015fin i\u00e7ine bir de kendi kanaatini ekleyerek yazd\u0131klar\u0131d\u0131r. D\u00fc\u015f\u00fcn\u00fcn ki, taaa seksenlere kadar hi\u00e7 g\u00fcndeme &hellip;<\/p>\n","protected":false},"author":17,"featured_media":45966,"comment_status":"open","ping_status":"open","sticky":false,"template":"","format":"standard","meta":{"om_disable_all_campaigns":false,"_themeisle_gutenberg_block_has_review":false,"_joinchat":[],"footnotes":""},"categories":[53,38,43],"tags":[],"class_list":["post-25498","post","type-post","status-publish","format-standard","has-post-thumbnail","","category-aydin","category-guncel","category-yazarlar"],"_links":{"self":[{"href":"https:\/\/akincilardergisi.com\/tr\/wp-json\/wp\/v2\/posts\/25498","targetHints":{"allow":["GET"]}}],"collection":[{"href":"https:\/\/akincilardergisi.com\/tr\/wp-json\/wp\/v2\/posts"}],"about":[{"href":"https:\/\/akincilardergisi.com\/tr\/wp-json\/wp\/v2\/types\/post"}],"author":[{"embeddable":true,"href":"https:\/\/akincilardergisi.com\/tr\/wp-json\/wp\/v2\/users\/17"}],"replies":[{"embeddable":true,"href":"https:\/\/akincilardergisi.com\/tr\/wp-json\/wp\/v2\/comments?post=25498"}],"version-history":[{"count":0,"href":"https:\/\/akincilardergisi.com\/tr\/wp-json\/wp\/v2\/posts\/25498\/revisions"}],"wp:featuredmedia":[{"embeddable":true,"href":"https:\/\/akincilardergisi.com\/tr\/wp-json\/wp\/v2\/media\/45966"}],"wp:attachment":[{"href":"https:\/\/akincilardergisi.com\/tr\/wp-json\/wp\/v2\/media?parent=25498"}],"wp:term":[{"taxonomy":"category","embeddable":true,"href":"https:\/\/akincilardergisi.com\/tr\/wp-json\/wp\/v2\/categories?post=25498"},{"taxonomy":"post_tag","embeddable":true,"href":"https:\/\/akincilardergisi.com\/tr\/wp-json\/wp\/v2\/tags?post=25498"}],"curies":[{"name":"wp","href":"https:\/\/api.w.org\/{rel}","templated":true}]}}