{"id":25281,"date":"2017-12-08T00:00:03","date_gmt":"2017-12-07T22:00:03","guid":{"rendered":"http:\/\/akincilardergisi.com\/dergi\/?p=25281"},"modified":"2023-11-05T13:26:00","modified_gmt":"2023-11-05T10:26:00","slug":"kudus-dehasi-abdulhamid-han","status":"publish","type":"post","link":"https:\/\/akincilardergisi.com\/tr\/kudus-dehasi-abdulhamid-han\/","title":{"rendered":"KUD\u00dcS DEHASI ABD\u00dcLHAM\u0130D HAN"},"content":{"rendered":"<p style=\"text-align: justify\">Ge\u00e7ti\u011fimiz g\u00fcnlerde olanlar malum. ABD Ba\u015fkan\u0131 Donald Trump, Kud\u00fcs&#8217;\u00fc \u0130srail&#8217;in ba\u015fkenti olarak resmen tan\u0131d\u0131. Ayn\u0131 zamanda da Tel Aviv&#8217;deki b\u00fcy\u00fckel\u00e7ili\u011fi Kud\u00fcs&#8217;e ta\u015f\u0131yaca\u011f\u0131n\u0131 da ifade etti. Asl\u0131na bak\u0131l\u0131rsa bunda pek \u015fa\u015f\u0131lacak bir \u015fey yok. Zira Trump bunu se\u00e7im kampanyalar\u0131 d\u00f6neminde vadetmi\u015fti.<\/p>\n<p style=\"text-align: justify\">Trump bu karar\u0131 a\u00e7\u0131klar a\u00e7\u0131klamaz bir\u00e7ok \u00fclke buna tepki g\u00f6sterdi. Zira hi\u00e7bir \u00fclke bunu \u015fimdiye kadar kabul etmemi\u015fti. ABD bu konuda bir ilki ger\u00e7ekle\u015ftirmi\u015f olacak. Trump&#8217;\u0131n bu karar\u0131na en b\u00fcy\u00fck tepki Recep Tayyip Erdo\u011fan&#8217;dan geldi. \u00d6yle ki Filistin Lideri Hamas da bunu belirtmi\u015fti ve Erdo\u011fan&#8217;\u0131n bu a\u00e7\u0131klamas\u0131ndan son derece memnuniyet duydu\u011funu da s\u00f6yledi&#8230;<\/p>\n<p style=\"text-align: justify\">Bu k\u0131sa a\u00e7\u0131klamalardan sonra biz olaya ba\u015fka bir a\u00e7\u0131dan bakal\u0131m ve Kud\u00fcs&#8217;\u00fcn \u015fimdiye kadar neden \u0130srail&#8217;in ba\u015fkenti olarak tan\u0131namamas\u0131ndan bahsedelim. Bu konuda en g\u00fczel a\u00e7\u0131klamay\u0131 Sanat Tarih\u00e7isi Talha U\u011furluel kat\u0131ld\u0131\u011f\u0131 Kud\u00fcs Konferans\u0131nda \u00e7ok net bir \u015fekilde dile getirdi. \u015eimdi ben de o konu\u015fmay\u0131 kendi c\u00fcmlelerimle \u00f6zetleyerek siz de\u011ferli okuyuculara aktar\u0131yorum&#8230;<\/p>\n<p style=\"text-align: justify\">Bilindi\u011fi gibi biz Kud\u00fcs&#8217;\u00fc 9 Aral\u0131k 1917&#8217;de kaybetmi\u015ftik. Haliyle de 9 Aral\u0131k&#8217;a \u015funun \u015furas\u0131nda bir g\u00fcn kald\u0131. \u0130slam D\u00fcnyas\u0131n\u0131n bu konudaki hassasiyetini bilenler de biz M\u00fcsl\u00fcmanlar\u0131n bu durum kar\u015f\u0131s\u0131ndaki sesini k\u0131smak i\u00e7in b\u00f6yle bir a\u00e7\u0131klama yapt\u0131lar. Trump&#8217;\u0131n a\u00e7\u0131klamas\u0131 da bunu g\u00f6steriyor \u00f6yle ki. Ve a\u00e7\u0131klamas\u0131nda bu tan\u0131may\u0131 &#8220;ge\u00e7 kal\u0131nm\u0131\u015f bir tan\u0131ma&#8221; olarak nitelendirdi.<\/p>\n<p style=\"text-align: justify\">Peki \u015fimdiye kadar Kud\u00fcs&#8217;\u00fc neden \u0130srail&#8217;in ba\u015fkenti olarak ilan edemediler. \u015eimdi bunun cevab\u0131n\u0131 aramaya \u00e7al\u0131\u015fal\u0131m&#8230; Sultan Abd\u00fclhamid Han d\u00f6nemindeyiz. O d\u00f6nemde Ayestefanos ve Berlin Anla\u015fmalar\u0131 bizi olduk\u00e7a y\u0131pratm\u0131\u015ft\u0131. \u0130\u015fin ba\u015f\u0131nda da tabi Rus&#8217;lar vard\u0131. Rusya, Abd\u00fclhamid Han&#8217;a Kud\u00fcs&#8217;te bir Kilise yapt\u0131rmak istedi\u011fini s\u00f6yledi. Ruslar&#8217;\u0131n bu iste\u011fine Sultan&#8217;\u0131n ne yaz\u0131k ki hay\u0131r deme imkan\u0131 yoktu. \u00c7\u00fcnk\u00fc o d\u00f6nemde g\u00fcc\u00fcm\u00fcz yoktu. Abd\u00fclhamid buna izin verdi. Rusya, Zeytinda\u011f\u0131&#8217;na 1-2 d\u00f6n\u00fcml\u00fck araziye kilise in\u015fas\u0131n\u0131 ger\u00e7ekle\u015ftirdi. Rusya&#8217;n\u0131n oradaki amac\u0131 Kud\u00fcs&#8217;t\u00fc. Oray\u0131 Ortodoks Ba\u015fkenti yapmak ana hedefleriydi.<\/p>\n<p style=\"text-align: justify\">\u0130\u015fte burada kar\u015f\u0131m\u0131za m\u00fcthi\u015f bir zeka \u00e7\u0131kmaktad\u0131r. ABD\u00dcLHAM\u0130D HAN&#8230; Sultan, buradaki oyunu \u00e7ok net bir \u015fekilde g\u00f6rm\u00fc\u015ft\u00fc. \u00c7\u00fcnk\u00fc \u0130ngilizler buray\u0131 Protestan Merkezi yapmak istiyorlard\u0131. Frans\u0131zlar Katolik Merkezi yapmak istiyorlard\u0131. (Fransa da bu karara kar\u015f\u0131 \u00e7\u0131kan \u00fclkelerden biridir.) Yahudiler Yahudi ba\u015fkenti yapmak istiyorlard\u0131. Ermeniler Ermeni ba\u015fkenti yapmak istiyorlard\u0131.<\/p>\n<p style=\"text-align: justify\">\u015eimdi, Abdilhamid&#8217;in yapt\u0131\u011f\u0131 zeka k\u00fcp\u00fc niteli\u011findeki hamlesine bak\u0131n. \u015eapka \u00e7\u0131karacaks\u0131n\u0131z \u00f6n\u00fcnde. O g\u00fcnlerde Abd\u00fclhamid, Almanya ile iyi ili\u015fkiler s\u00fcrd\u00fcrmekteydi. Alman \u0130mparatoru II.Wilhelm&#8217;e g\u00f6z k\u0131rparak, &#8220;Sana da Davud Da\u011f\u0131&#8217;nda 1-2 d\u00f6n\u00fcm yer vereyim, sen de bir kilise yap.&#8221;dedi. (Protestan Kilise&#8217;si-Ruslar&#8217;\u0131n Ortodoks Kilisesinin kar\u015f\u0131s\u0131nda). Frans\u0131zlara size de bir yer vereyim Katolik Kilisesi yap\u0131n dedi. Ermenilere de bir Gregoryan Kilisesi siz in\u015fa edin dedi.<\/p>\n<p style=\"text-align: justify\">Burada a\u00e7\u0131k ve net olal\u0131m. Biz o d\u00f6nemde ya\u015f\u0131yor olsayd\u0131k neler demezdik Ulu Hakan&#8217;a. Ama \u015fimdi anl\u0131yoruz ki onun bir bildi\u011fi varm\u0131\u015f, 33 y\u0131l \u00e7\u00f6kmek \u00fczere olan Osmanl\u0131&#8217;n\u0131n \u00f6mr\u00fcn\u00fc bo\u015funa uzatmam\u0131\u015f&#8230;<\/p>\n<p style=\"text-align: justify\">Devam&#8230; Yahudiler, mutlak ba\u015fkentimizdir dediler, hi\u00e7kimse tan\u0131mad\u0131. Neden? \u00c7\u00fcnk\u00fc herkesin Kud\u00fcs&#8217;te bir avu\u00e7 topra\u011f\u0131 vard\u0131. B\u00dcY\u00dcK DEHA ABD\u00dcLHAM\u0130D HAN, KUD\u00dcS&#8217;\u00dc bu plan\u0131yla payla\u015f\u0131lamaz bir \u015fehir haline getirdi. Her ne kadar ABD ba\u015fkan\u0131 Yahudilere dayanarak bu karar\u0131 alsa da unutulmamal\u0131d\u0131r ki orada hala herkesin arazisi var.<\/p>\n<p style=\"text-align: justify\">ABD&#8217;nin bu tan\u0131ma karar\u0131 \u00f6yle ki Hristiyan aleminin de tepkisini \u00e7ekecektir. \u00c7\u00fcnk\u00fc Kud\u00fcs ayn\u0131 zamanda Hristiyanlar i\u00e7in \u00e7ok b\u00fcy\u00fck \u00f6nem arz etmektedir. \u015eunu da belirtmekte fayda vard\u0131r: Dindar hi\u00e7bir Yahudi, Hristiyan&#8217;\u0131 sevmez, dindar hi\u00e7bir Hristiyan da Yahudi&#8217;yi sevmez. \u00c7\u00fcnk\u00fc b\u00fct\u00fcn dindar Yahudilere g\u00f6re ha\u015fa Hz. \u0130sa sahtekard\u0131r. Onlara g\u00f6re metresi ile evlenmi\u015ftir. \u00c7arm\u0131ha gerilip \u00f6ld\u00fcr\u00fclm\u00fc\u015ft\u00fcr. Krall\u0131k iddia eden ve hi\u00e7bir zaman Peygamber olmayan biridir&#8230;<\/p>\n<p style=\"text-align: justify\">Bitirecek olursak ABD&#8217;nin bu karar\u0131 k\u0131sa s\u00fcrede \u00e7ok b\u00fcy\u00fck bir tepki toplayaca\u011fa benziyor. Toplad\u0131 da zaten. Burada a\u00e7\u0131k\u00e7a g\u00f6r\u00fcl\u00fcyor ki Cennet Mekan ULU HAKAN ABD\u00dcLHAM\u0130D HAN&#8217;\u0131n ekti\u011fi tohumlar meyvelerini bir as\u0131r boyunca vermi\u015f. Yahudi alemi, Hristiyan alemi ne yaparsa yaps\u0131n hepsi beyhudedir. KUD\u00dcS (Mescid-i Aksa) biz M\u00fcsl\u00fcmanlar\u0131n ilk k\u0131blesi ve son kalelerimizden biridir. Onu her \u015feyden \u00f6nce Allah koruyacakt\u0131r. Biz M\u00fcsl\u00fcmanlara d\u00fc\u015fen de Allah&#8217;\u0131n ve onun nezdinde Hz. Peygamber (sav) in emanetine sahip \u00e7\u0131kmakt\u0131r&#8230;<\/p>\n<p style=\"text-align: justify\">Selam ve dua ile&#8230;<\/p>\n<p style=\"text-align: justify\"><strong>\u0130BRAH\u0130M YAVUZ<\/strong><\/p>\n","protected":false},"excerpt":{"rendered":"<p>Ge\u00e7ti\u011fimiz g\u00fcnlerde olanlar malum. ABD Ba\u015fkan\u0131 Donald Trump, Kud\u00fcs&#8217;\u00fc \u0130srail&#8217;in ba\u015fkenti olarak resmen tan\u0131d\u0131. Ayn\u0131 zamanda da Tel Aviv&#8217;deki b\u00fcy\u00fckel\u00e7ili\u011fi Kud\u00fcs&#8217;e ta\u015f\u0131yaca\u011f\u0131n\u0131 da ifade etti. Asl\u0131na bak\u0131l\u0131rsa bunda pek \u015fa\u015f\u0131lacak bir \u015fey yok. Zira Trump bunu se\u00e7im kampanyalar\u0131 d\u00f6neminde vadetmi\u015fti. Trump bu karar\u0131 a\u00e7\u0131klar a\u00e7\u0131klamaz bir\u00e7ok \u00fclke buna tepki g\u00f6sterdi. Zira hi\u00e7bir \u00fclke bunu \u015fimdiye &hellip;<\/p>\n","protected":false},"author":20,"featured_media":48521,"comment_status":"open","ping_status":"open","sticky":false,"template":"","format":"standard","meta":{"om_disable_all_campaigns":false,"_themeisle_gutenberg_block_has_review":false,"_joinchat":[],"footnotes":""},"categories":[38,57,43],"tags":[],"class_list":["post-25281","post","type-post","status-publish","format-standard","has-post-thumbnail","","category-guncel","category-ibrahim","category-yazarlar"],"_links":{"self":[{"href":"https:\/\/akincilardergisi.com\/tr\/wp-json\/wp\/v2\/posts\/25281","targetHints":{"allow":["GET"]}}],"collection":[{"href":"https:\/\/akincilardergisi.com\/tr\/wp-json\/wp\/v2\/posts"}],"about":[{"href":"https:\/\/akincilardergisi.com\/tr\/wp-json\/wp\/v2\/types\/post"}],"author":[{"embeddable":true,"href":"https:\/\/akincilardergisi.com\/tr\/wp-json\/wp\/v2\/users\/20"}],"replies":[{"embeddable":true,"href":"https:\/\/akincilardergisi.com\/tr\/wp-json\/wp\/v2\/comments?post=25281"}],"version-history":[{"count":0,"href":"https:\/\/akincilardergisi.com\/tr\/wp-json\/wp\/v2\/posts\/25281\/revisions"}],"wp:featuredmedia":[{"embeddable":true,"href":"https:\/\/akincilardergisi.com\/tr\/wp-json\/wp\/v2\/media\/48521"}],"wp:attachment":[{"href":"https:\/\/akincilardergisi.com\/tr\/wp-json\/wp\/v2\/media?parent=25281"}],"wp:term":[{"taxonomy":"category","embeddable":true,"href":"https:\/\/akincilardergisi.com\/tr\/wp-json\/wp\/v2\/categories?post=25281"},{"taxonomy":"post_tag","embeddable":true,"href":"https:\/\/akincilardergisi.com\/tr\/wp-json\/wp\/v2\/tags?post=25281"}],"curies":[{"name":"wp","href":"https:\/\/api.w.org\/{rel}","templated":true}]}}