{"id":24893,"date":"2017-11-14T05:29:42","date_gmt":"2017-11-14T03:29:42","guid":{"rendered":"http:\/\/akincilardergisi.com\/dergi\/?p=24893"},"modified":"2023-11-04T20:12:16","modified_gmt":"2023-11-04T17:12:16","slug":"koyluluk-olunce-hayvancilik-yasayacak-miydi-ki","status":"publish","type":"post","link":"https:\/\/akincilardergisi.com\/tr\/koyluluk-olunce-hayvancilik-yasayacak-miydi-ki\/","title":{"rendered":"K\u00d6YL\u00dcL\u00dcK \u00d6L\u00dcNCE HAYVANCILIK YA\u015eAYACAK MIYDI K\u0130?"},"content":{"rendered":"<p style=\"color: #000000\">\n<p style=\"color: #000000\"><img decoding=\"async\" src=\"http:\/\/www.medyatrabzon.com\/d\/other\/koyluler-mermer-ocagini-basti-IH3-30781-2-t.jpg\" alt=\"\" \/>T\u00fcrkiye\u2019de hayvanc\u0131l\u0131k \u00f6ld\u00fc. Neden \u00f6ld\u00fc: \u00c7\u00fcnk\u00fc k\u00f6yl\u00fcl\u00fck \u00f6ld\u00fc.<\/p>\n<p style=\"color: #000000\">K\u00f6yl\u00fcl\u00fck nas\u0131l \u00f6ld\u00fc peki?<\/p>\n<p style=\"color: #000000\">Kendimiz \u00f6ld\u00fcrd\u00fck.<\/p>\n<p style=\"color: #000000\">Arnold Tonbye y\u00fcz y\u0131l kadar \u00f6nce s\u00f6ylemi\u015fti: \u201cT\u00fcrk milletinin k\u00f6yl\u00fcl\u00fck karakteri yok edilmeden T\u00fcrk milleti asla yenilemez\u201d demi\u015fti.<\/p>\n<p style=\"color: #000000\">Biz de k\u00f6yl\u00fcl\u00fc\u011f\u00fcm\u00fcz\u00fc kendi ellerimizle \u00f6ld\u00fcrd\u00fck. B\u00f6ylece de Tonbye e\u011fer isabet etti ise kendi milletimizi yenilebilir hale getirdik.<\/p>\n<p style=\"color: #000000\">K\u00f6yl\u00fcl\u00fc\u011f\u00fcm\u00fcz\u00fc \u201cSekiz y\u0131ll\u0131k kesintisiz E\u011fitim\u201d diyerek ve bunu k\u00f6yl\u00fcm\u00fcze dayatarak onu \u00f6ld\u00fcrd\u00fck.<\/p>\n<p style=\"color: #000000\">K\u00f6yl\u00fc \u00e7ocuklar\u0131m\u0131z\u0131 ta\u015f\u0131mal\u0131 model ile \u015fehirlere ta\u015f\u0131d\u0131k. \u00c7ocuklar\u0131m\u0131z\u0131 \u015fehirli b\u00fcy\u00fctt\u00fck. B\u00f6ylece \u00e7ocuklar\u0131m\u0131z hem topraktan hem de hayvanlardan uzak oldu. Art\u0131k, hi\u00e7bir \u00e7ocu\u011fumuz k\u00f6yl\u00fc de olsa malak nedir \u00e7ebi\u00e7 nedir teke nedir kuzu nedir \u015fi\u015fek nedir buza\u011f\u0131 nedir dana nedir tay nedir k\u0131srak nedir mala nedir pulluk nedir bilmez oldu. Bilirse de bunlar\u0131 kitaplar\u0131nda e\u011fer ge\u00e7ti ise onlardan g\u00f6rd\u00fc. G\u00f6rd\u00fc ama tabii ki yine bilmedi. \u00c7\u00fcnk\u00fc hi\u00e7 birisine eli de\u011fmedi. De\u011femedi.<\/p>\n<p style=\"color: #000000\">\u015eehirli b\u00fcy\u00fcyen \u00e7ocuk i\u00e7in kuzu ile k\u00f6pe\u011fin fark\u0131 yoktur. Kurt ile kuzunun da fark\u0131 yoktur. \u0130kisi de ona yabani gelir ve g\u00f6rd\u00fc\u011f\u00fcnde her ikisinden de korkar olur.<\/p>\n<p style=\"color: #000000\">Bendeniz, bu yazd\u0131klar\u0131ma benzer s\u00f6zleri 2016 y\u0131l\u0131nda yay\u0131mlad\u0131\u011f\u0131m #\u0130NSanlar\u0131 Ahmetler kitab\u0131m\u0131zda herkesin anlayaca\u011f\u0131 bir dille yazd\u0131m. Bunu da diyorum ki, bu s\u00f6ylediklerimi siyasal bir zeminde iktidar yanda\u015fl\u0131\u011f\u0131 \u015feklinde de\u011ferlendirmeyesiniz diye.. \u00c7\u00fcnk\u00fc, \u00f6yle bir zamanda ya\u015f\u0131yoruz ki, ne s\u00f6ylersek s\u00f6yleyelim s\u00f6ylediklerimiz illa ki siyaset ve parti yanda\u015fl\u0131\u011f\u0131 veya kar\u015f\u0131tl\u0131\u011f\u0131 \u00fczerinden de\u011ferlendiriliyor.<\/p>\n<p style=\"color: #000000\">Hay\u0131r, siyasi konu\u015fmuyoruz. Vak\u0131ay\u0131 yani olay\u0131 yani ba\u015f\u0131m\u0131za gelenleri s\u00f6ylemeye \u00e7al\u0131\u015f\u0131yoruz.<\/p>\n<p style=\"color: #000000\">Sekiz Y\u0131ll\u0131k Kesintisiz E\u011fitim ve buna ba\u011fl\u0131 olarak Ta\u015f\u0131mal\u0131 sistem k\u00f6yl\u00fcl\u00fc\u011f\u00fcm\u00fcz\u00fc \u00f6ld\u00fcrd\u00fc ve yok etti.<\/p>\n<p style=\"color: #000000\">K\u00f6ylerimizde art\u0131k gen\u00e7 nesil yok\u2026 Hatta gen\u00e7 neslimizin analar\u0131 babalar\u0131 bile art\u0131k \u015fehirli oldu. \u00c7\u00fcnk\u00fc, k\u00f6y\u00fc bilmeyen \u00e7ocuklar k\u00f6ye gelemeyince onlar\u0131n analar\u0131 ve babalar\u0131 da onlar\u0131n yan\u0131na ve onlar\u0131n pe\u015fine \u015fehre geldiler. G\u00fcya \u00e7ocuklar\u0131n\u0131 okutmak i\u00e7in\u2026 \u00c7ocuklar\u0131m\u0131z okusun i\u00e7in\u2026 Neticede onlar da k\u00f6ylerinden \u00e7\u0131kt\u0131lar. K\u00f6ylerde art\u0131k sadece ya\u015fl\u0131lar ve birka\u00e7 da kimi kimsesi olmayan emekliler ya\u015f\u0131yor.<\/p>\n<p style=\"color: #000000\">Bunlarla da elbette hayvanc\u0131l\u0131k ve tar\u0131m olmuyor. Olmas\u0131 da m\u00fcmk\u00fcn de\u011fil\u2026<\/p>\n<p style=\"color: #000000\">\u015eimdi de, o sekiz y\u0131ll\u0131k kesintisiz e\u011fitimin kurucu ve onlarca sene de uygulay\u0131c\u0131s\u0131 olan kesimler iktidar\u0131 tar\u0131m ve hayvanc\u0131l\u0131\u011f\u0131 yok etmekle su\u00e7luyor.<\/p>\n<p style=\"color: #000000\">Ne bekliyordunuz.. K\u00f6yl\u00fcl\u00fck \u00f6lecek de tamamen k\u00f6yl\u00fcl\u00fc\u011fe dayal\u0131 hayvanc\u0131l\u0131k ve tar\u0131m ya\u015f\u0131yor mu olacakt\u0131. B\u00f6yle bir fizik kanunu var da biz mi bilmiyoruz.<\/p>\n<p style=\"color: #000000\">Yani anlayaca\u011f\u0131n\u0131z, tar\u0131m ve hayvanc\u0131l\u0131\u011f\u0131n yok edilmi\u015f olmas\u0131 1998 y\u0131l\u0131nda zorunlu hale gelen sekiz y\u0131ll\u0131k kesintisiz ve ta\u015f\u0131mal\u0131 e\u011fitim dayatmas\u0131n\u0131n tabii neticesi\u2026 Ba\u015fkas\u0131 olmas\u0131 da d\u00fc\u015f\u00fcn\u00fclemezdi.<\/p>\n<p style=\"color: #000000\">\u015eimdi.. K\u00f6yl\u00fcl\u00fc\u011f\u00fc \u00f6ld\u00fcrd\u00fck\u2026 O kolayd\u0131. Yapt\u0131n\u0131z ve yapabildiniz. K\u00f6yl\u00fcy\u00fc \u015fehirlile\u015ftirdiniz.<\/p>\n<p style=\"color: #000000\">Hadi\u2026 S\u0131k\u0131ysa \u015fimdi, illa hayvanc\u0131l\u0131k ve tar\u0131m ya\u015fas\u0131n istiyorsan\u0131z \u015fehirlileri k\u00f6yl\u00fcle\u015ftiriniz de g\u00f6relim.<\/p>\n<p style=\"color: #000000\">Yap\u0131n: Yapabilin de aln\u0131n\u0131zdan \u00f6pelim.<\/p>\n<p style=\"color: #000000\">Yapamayacaks\u0131n\u0131z. \u00c7\u00fcnk\u00fc \u015fehre gelen k\u00f6yl\u00fc bir gecede \u015fehirli olur ammaaa\u2026 \u015eehrin \u00e7ocu\u011funu bin sene de ge\u00e7se art\u0131k k\u00f6yl\u00fcle\u015ftiremezsiniz.<\/p>\n<p style=\"color: #000000\">\u00d6yleyse, tar\u0131m ve hayvanc\u0131l\u0131k, art\u0131k \u00f6ld\u00fc. \u00c7\u00fcnk\u00fc k\u00f6yl\u00fc ve k\u00f6yl\u00fcl\u00fck \u00f6ld\u00fc. Buna kendinizi al\u0131\u015ft\u0131r\u0131n ve d\u00fcnyan\u0131n neresinde k\u00f6yl\u00fc varsa onlar\u0131n aya\u011f\u0131na gidin ve tar\u0131m ve hayvanc\u0131l\u0131k dilenin.<\/p>\n<p style=\"color: #000000\">M\u00fcstehakt\u0131r bize\u2026<\/p>\n","protected":false},"excerpt":{"rendered":"<p>T\u00fcrkiye\u2019de hayvanc\u0131l\u0131k \u00f6ld\u00fc. Neden \u00f6ld\u00fc: \u00c7\u00fcnk\u00fc k\u00f6yl\u00fcl\u00fck \u00f6ld\u00fc. K\u00f6yl\u00fcl\u00fck nas\u0131l \u00f6ld\u00fc peki? Kendimiz \u00f6ld\u00fcrd\u00fck. Arnold Tonbye y\u00fcz y\u0131l kadar \u00f6nce s\u00f6ylemi\u015fti: \u201cT\u00fcrk milletinin k\u00f6yl\u00fcl\u00fck karakteri yok edilmeden T\u00fcrk milleti asla yenilemez\u201d demi\u015fti. Biz de k\u00f6yl\u00fcl\u00fc\u011f\u00fcm\u00fcz\u00fc kendi ellerimizle \u00f6ld\u00fcrd\u00fck. B\u00f6ylece de Tonbye e\u011fer isabet etti ise kendi milletimizi yenilebilir hale getirdik. K\u00f6yl\u00fcl\u00fc\u011f\u00fcm\u00fcz\u00fc \u201cSekiz y\u0131ll\u0131k kesintisiz E\u011fitim\u201d &hellip;<\/p>\n","protected":false},"author":17,"featured_media":45961,"comment_status":"open","ping_status":"open","sticky":false,"template":"","format":"standard","meta":{"om_disable_all_campaigns":false,"_themeisle_gutenberg_block_has_review":false,"_joinchat":[],"footnotes":""},"categories":[53,38,43],"tags":[],"class_list":["post-24893","post","type-post","status-publish","format-standard","has-post-thumbnail","","category-aydin","category-guncel","category-yazarlar"],"_links":{"self":[{"href":"https:\/\/akincilardergisi.com\/tr\/wp-json\/wp\/v2\/posts\/24893","targetHints":{"allow":["GET"]}}],"collection":[{"href":"https:\/\/akincilardergisi.com\/tr\/wp-json\/wp\/v2\/posts"}],"about":[{"href":"https:\/\/akincilardergisi.com\/tr\/wp-json\/wp\/v2\/types\/post"}],"author":[{"embeddable":true,"href":"https:\/\/akincilardergisi.com\/tr\/wp-json\/wp\/v2\/users\/17"}],"replies":[{"embeddable":true,"href":"https:\/\/akincilardergisi.com\/tr\/wp-json\/wp\/v2\/comments?post=24893"}],"version-history":[{"count":0,"href":"https:\/\/akincilardergisi.com\/tr\/wp-json\/wp\/v2\/posts\/24893\/revisions"}],"wp:featuredmedia":[{"embeddable":true,"href":"https:\/\/akincilardergisi.com\/tr\/wp-json\/wp\/v2\/media\/45961"}],"wp:attachment":[{"href":"https:\/\/akincilardergisi.com\/tr\/wp-json\/wp\/v2\/media?parent=24893"}],"wp:term":[{"taxonomy":"category","embeddable":true,"href":"https:\/\/akincilardergisi.com\/tr\/wp-json\/wp\/v2\/categories?post=24893"},{"taxonomy":"post_tag","embeddable":true,"href":"https:\/\/akincilardergisi.com\/tr\/wp-json\/wp\/v2\/tags?post=24893"}],"curies":[{"name":"wp","href":"https:\/\/api.w.org\/{rel}","templated":true}]}}