{"id":24693,"date":"2017-11-01T03:36:09","date_gmt":"2017-11-01T01:36:09","guid":{"rendered":"http:\/\/akincilardergisi.com\/dergi\/?p=24693"},"modified":"2023-11-04T20:12:17","modified_gmt":"2023-11-04T17:12:17","slug":"kartepe-zirvesinde-fetoyu-gordum","status":"publish","type":"post","link":"https:\/\/akincilardergisi.com\/tr\/kartepe-zirvesinde-fetoyu-gordum\/","title":{"rendered":"KARTEPE Z\u0130RVES\u0130NDE FETO\u2019YU G\u00d6RD\u00dcM"},"content":{"rendered":"<p style=\"color: #000000\">\n<p style=\"color: #000000\"><a href=\"http:\/\/akincilardergisi.com\/dergi\/wp-content\/uploads\/FETO.jpg\"><img loading=\"lazy\" decoding=\"async\" class=\"alignnone size-medium wp-image-18605\" src=\"http:\/\/akincilardergisi.com\/dergi\/wp-content\/uploads\/FETO-300x164.jpg\" alt=\"feto\" width=\"300\" height=\"164\" \/><\/a>Ba\u015fl\u0131\u011fa b\u00f6yle yazd\u0131m ama tabii ki g\u00f6rmedim. \u00c7\u00fcnk\u00fc g\u00f6r\u00fclm\u00fcyor ki g\u00f6resin.<\/p>\n<p style=\"color: #000000\">Konu\u015fmac\u0131lardan birisi FETO\u2019yu dinsel bir yap\u0131 olarak g\u00f6stermeye \u00e7al\u0131\u015f\u0131yor ve ona g\u00f6re anlat\u0131mlar yap\u0131yor. Yap\u0131yor ama kar\u015f\u0131lar\u0131nda dini bilen birisi olarak oturuyorum ve anlat\u0131lanlar ne olursa olsun benim g\u00f6zlerim onlar\u0131n anlatt\u0131klar\u0131n\u0131 g\u00f6rm\u00fcyor. \u00c7\u00fcnk\u00fc ben, dini biliyorum ve dinin dindar\u0131n\u0131n nas\u0131l olmas\u0131 gerekti\u011fini de biliyorum.<\/p>\n<p style=\"color: #000000\">Halbuki konu\u015fmac\u0131n\u0131n anlatt\u0131klar\u0131 ile din ve dindarl\u0131k aras\u0131nda ilgi yok\u2026\u201d Dindarlar iki ayakl\u0131d\u0131rlar. Feto ki\u015fileri de iki ayakl\u0131d\u0131rlar. O halde feto dinsel bir yap\u0131 ve fetocular dindard\u0131r\u201d diyebilmek meseleyi izah etmiyor.<\/p>\n<p style=\"color: #000000\">Bir ba\u015fka konu\u015fmac\u0131 fetoyu bir ihanet \u00f6rg\u00fct\u00fc olarak anlat\u0131yor. Bunu anlat\u0131rken bize ihanet denen \u015feyin ne oldu\u011funu kimse s\u00f6ylemiyor. B\u00f6yle olunca devlete paralel ve devlet i\u00e7inde hangi \u00f6rg\u00fct\u00fcn ihanet \u00f6rg\u00fct\u00fc olmad\u0131\u011f\u0131n\u0131 da biz ak\u0131l edemiyoruz. Ama, fetoya bir ihanet \u00f6rg\u00fct\u00fc olarak bakmak zorunda oldu\u011fumuzu bize s\u00f6ylemi\u015f oluyorlar. Haticenin kim oldu\u011funu bilmesek de netice \u00fczerinden d\u00fc\u015f\u00fcnd\u00fc\u011f\u00fcm\u00fczde Hatice \u00e7ok k\u00f6t\u00fc birisi olmaktad\u0131r neticede.<\/p>\n<p style=\"color: #000000\">Mesela, 15 Temmuz ihanetinden sonra \u015fu c\u00fcmleyi \u00e7ok duyduk..\u201dFetocu subaylar askeri darbe yapmaya kalk\u0131\u015ft\u0131lar ve fakat Atat\u00fcrk\u00e7\u00fc ve bir de Perin\u00e7ekci askerler darbeye kar\u015f\u0131 kahramanca direndiler ve darbe te\u015febb\u00fcs\u00fcn\u00fc yenilgiyle sonu\u00e7land\u0131rd\u0131lar.\u201d<\/p>\n<p style=\"color: #000000\">Bu c\u00fcmleyi muhataplar de\u011fil, bizzat olaya taraf olanlar kurdu. Yani bu c\u00fcmle bir isnad de\u011fil aksine bir itiraf\u2026<\/p>\n<p style=\"color: #000000\">Perin\u00e7ek veya adamlar\u0131 b\u00f6yle s\u00f6ylediler. Muvazzaf veya emekli askerler Atat\u00fcrk\u00e7\u00fcl\u00fck ad\u0131na b\u00f6yle konu\u015ftular. Onlar itiraf etti biz \u015fimdi iki itiraf\u0131 birle\u015ftirmi\u015f olduk. \u201cDarbeyi Perin\u00e7ekci ve Atat\u00fcrk\u00e7\u00fc askerler akamete u\u011fratt\u0131.\u201d<\/p>\n<p style=\"color: #000000\">Biz siviliz ya\u2026 Biz de siviller olarak meydanlarda darbeye kar\u015f\u0131 direndik ya\u2026 \u015eehitler verdik.. Gazilerimiz oldu ya\u2026 Perin\u00e7ekci ve Atat\u00fcrk\u00e7\u00fc itiraf\u00e7\u0131lara bir cevap olsun diye \u201cDarbeyi halk engelledi..Darbeyi millet engelledi\u201d diyoruz. Bu deyi\u015fimiz Perin\u00e7ek\u00e7i veya Atat\u00fcrk\u00e7\u00fc itiraflar\u0131 yok etmiyor. Edemiyor. \u00c7\u00fcnk\u00fc ikrar ve itiraf devam ediyor.<\/p>\n<p style=\"color: #000000\">Bu durumda neyi g\u00f6rmek gerekir: Kartepe zirvesinde hi\u00e7 kimse olay\u0131n asl\u0131n\u0131 ve kendisini g\u00f6rmedi. G\u00f6rmediklerini g\u00f6rd\u00fcm de oradan biliyorum.<\/p>\n<p style=\"color: #000000\">\u015eimdi bir \u015feyler s\u00f6yledik ya ..Belki g\u00f6r\u00fclm\u00fc\u015ft\u00fcr diyeyim ama, biliyorum ki halen g\u00f6r\u00fclmedi.<\/p>\n<p style=\"color: #000000\">\u00c7\u00fcnk\u00fc, hen\u00fcz soruyu sormad\u0131k.<\/p>\n<p style=\"color: #000000\">Kartepe zirvesinde de bu soru sorulmad\u0131\u011f\u0131 i\u00e7in zaten g\u00f6r\u00fclmedi. Ho\u015f sorulmaya kalk\u0131lsayd\u0131 kime sorulacakt\u0131 ki.. Onlarca ayr\u0131 salon ve y\u00fczlerce her birisi kendi kli\u011finin ve \u00f6rg\u00fct\u00fcn\u00fcn adam\u0131 insan..Hangisine soracaks\u0131n ve cevab\u0131 da kimden alacaks\u0131n?<\/p>\n<p style=\"color: #000000\">Yani, g\u00f6r\u00fclseydi de kim kime nas\u0131l anlatacakt\u0131 ki.. Konu\u015fmac\u0131lardan baz\u0131s\u0131 Atat\u00fcrk\u00e7\u00fc baz\u0131s\u0131 Perin\u00e7ekci ve baz\u0131s\u0131 da propaganda eleman\u0131\u2026 Herkese olaya nas\u0131l bakmas\u0131 gerekti\u011fi zaten kendi kliklerince\u2026 Yani kendi \u00f6rg\u00fctlerince\u2026 Yani kendi ihanet \u00f6rg\u00fctlerince yani kendi dinsel yap\u0131lar\u0131nca yani kendi yurtta\u015fl\u0131k<\/p>\n<p style=\"color: #000000\">\u00f6\u011freticilerince yani hulasai kelam herkese kendi dersinde \u00f6\u011fretildi\u011fi \u015fekilde her \u015fey \u00f6\u011fretilip ezberletilmi\u015f\u2026<\/p>\n<p style=\"color: #000000\">Herkes her \u015feyi kendi dersine g\u00f6re anlat\u0131yor ve anlat\u0131lanlar i\u00e7inde bizim kafam\u0131zdan ge\u00e7en o soru yok.<\/p>\n<p style=\"color: #000000\">Soru olmay\u0131nca da her \u015fey bir ders oluyor. Oldu da nitekim.\u201dBu derstir ulan i\u015fte\u201d herkesin hal dili\u2026<\/p>\n<p style=\"color: #000000\">Soruyu biz de sormayal\u0131m ama, zirvede anlat\u0131lanlara g\u00f6re zirvede Perin\u00e7ekci, Atat\u00fcrk\u00e7\u00fc ve de propaganda eleman\u0131 olarak konu\u015fanlar\u0131n konu\u015ftuklar\u0131ndan \u00e7\u0131kard\u0131\u011f\u0131m\u0131z neticeyi anlatal\u0131m.<\/p>\n<p style=\"color: #000000\">Feto kalk\u0131\u015fmas\u0131 bir ihanet kalk\u0131\u015fmas\u0131 ve kalk\u0131\u015fmaya kat\u0131lanlar hainlerdirler.Herkesin neticesi bu.<\/p>\n<p style=\"color: #000000\">\u00c7\u00fcnk\u00fc:<\/p>\n<p style=\"color: #000000\">Kalk\u0131\u015fmaya kalkanlar Atat\u00fcrk\u00e7\u00fc de\u011fillerdir. Atat\u00fcrk\u00e7\u00fc olsayd\u0131lar elbette hain olmayacaklard\u0131lar. Bunu kim s\u00f6yl\u00fcyor peki\u2026 Bunu Atat\u00fcrk\u00e7\u00fc konu\u015fmac\u0131lar s\u00f6yl\u00fcyor.<\/p>\n<p style=\"color: #000000\">\u00c7\u00fcnk\u00fc:<\/p>\n<p style=\"color: #000000\">Kalk\u0131\u015fmaya kalkanlar Perin\u00e7ek\u00e7i de\u011fillerdir. Perin\u00e7ek\u00e7i olsayd\u0131lar elbette hain olmayacaklard\u0131lar. Bunu kim s\u00f6yl\u00fcyor peki\u2026 Bunu Perin\u00e7ek\u00e7i konu\u015fmac\u0131lar s\u00f6yl\u00fcyor.<\/p>\n<p style=\"color: #000000\">\u00c7\u00fcnk\u00fc:<\/p>\n<p style=\"color: #000000\">Kalk\u0131\u015fmaya kalkanlar \u0130ktidar yanl\u0131s\u0131 herhangi bir dinsel yap\u0131 de\u011fillerdir. \u0130ktidar yanl\u0131s\u0131 bir dinsel yap\u0131 olsayd\u0131lar elbette hain olmayacaklard\u0131lar. Bunu kim s\u00f6yl\u00fcyor peki\u2026 Bunu iktidar yanl\u0131s\u0131 propaganda eleman\u0131 olan konu\u015fmac\u0131lar s\u00f6yl\u00fcyor.<\/p>\n<p style=\"color: #000000\">Akl\u0131m\u0131zda duran soruyu sormay\u0131p da konu\u015fmac\u0131lar \u00fczerinden neticeye gitti\u011fimizde zirvenin sonucu \u015fu:<\/p>\n<p style=\"color: #000000\">T\u00fcrkiyemizde, vatan\u0131m\u0131z\u0131 ve devletimizi ve milletimizi diyelim benim gibi vatan\u0131m\u0131z ve devletimiz ve milletimiz oldu\u011fu i\u00e7in seven ve koruyan bir \u201cAllah\u2019\u0131n kulu\u201d yok. Vatan\u0131 ve milleti ve devleti herkes kendi mensubiyeti ad\u0131na seviyor.<\/p>\n<p style=\"color: #000000\">Yani, herkes fetocular gibi seviyor.<\/p>\n<p style=\"color: #000000\">Arada elbette fark var: Aradaki fark \u00e7ok b\u00fcy\u00fck bir fark\u2026 Feto veya Festo hain\u2026 Atat\u00fcrk\u00e7\u00fcler ve Perin\u00e7ek\u00e7iler ve propaganda elemanlar\u0131 hain de\u011fil\u2026 Birisi ihanet \u00f6rg\u00fct\u00fc ve hain\u2026 Di\u011ferleri de \u00f6rg\u00fctl\u00fcler ama hen\u00fcz hain de\u011filler. Hain olmad\u0131klar\u0131n\u0131 da fetocu olmamalar\u0131ndan anlayabilirsiniz. Yoksa, \u015fekil 1 a\u2019ya g\u00f6re\u2026 Hepsi ayn\u0131\u2026<\/p>\n<p style=\"color: #000000\">Anlayal\u0131m: Do\u011fruyu yanl\u0131\u015f anlamayal\u0131m. Yanl\u0131\u015f\u0131 da do\u011fru anlamayal\u0131m. Do\u011fruyu do\u011fru, yanl\u0131\u015f\u0131 da yanl\u0131\u015f anlayal\u0131m.<\/p>\n<p style=\"color: #000000\">Anlayabilirsek e\u011fer\u2026 Yoksa, anlamayal\u0131m. Herkes kendi yerinde dursun ve herkes hain veya vatansever olma s\u0131ras\u0131n\u0131 beklesin.<\/p>\n<p style=\"color: #000000\">Nas\u0131l olsa s\u0131ra kendisine de gelecek.<\/p>\n<p style=\"color: #000000\">Ve, \u0130n\u015fallah gelecek.<\/p>\n","protected":false},"excerpt":{"rendered":"<p>Ba\u015fl\u0131\u011fa b\u00f6yle yazd\u0131m ama tabii ki g\u00f6rmedim. \u00c7\u00fcnk\u00fc g\u00f6r\u00fclm\u00fcyor ki g\u00f6resin. Konu\u015fmac\u0131lardan birisi FETO\u2019yu dinsel bir yap\u0131 olarak g\u00f6stermeye \u00e7al\u0131\u015f\u0131yor ve ona g\u00f6re anlat\u0131mlar yap\u0131yor. Yap\u0131yor ama kar\u015f\u0131lar\u0131nda dini bilen birisi olarak oturuyorum ve anlat\u0131lanlar ne olursa olsun benim g\u00f6zlerim onlar\u0131n anlatt\u0131klar\u0131n\u0131 g\u00f6rm\u00fcyor. \u00c7\u00fcnk\u00fc ben, dini biliyorum ve dinin dindar\u0131n\u0131n nas\u0131l olmas\u0131 gerekti\u011fini de biliyorum. &hellip;<\/p>\n","protected":false},"author":17,"featured_media":45960,"comment_status":"open","ping_status":"open","sticky":false,"template":"","format":"standard","meta":{"om_disable_all_campaigns":false,"_themeisle_gutenberg_block_has_review":false,"_joinchat":[],"footnotes":""},"categories":[53,38,43],"tags":[],"class_list":["post-24693","post","type-post","status-publish","format-standard","has-post-thumbnail","","category-aydin","category-guncel","category-yazarlar"],"_links":{"self":[{"href":"https:\/\/akincilardergisi.com\/tr\/wp-json\/wp\/v2\/posts\/24693","targetHints":{"allow":["GET"]}}],"collection":[{"href":"https:\/\/akincilardergisi.com\/tr\/wp-json\/wp\/v2\/posts"}],"about":[{"href":"https:\/\/akincilardergisi.com\/tr\/wp-json\/wp\/v2\/types\/post"}],"author":[{"embeddable":true,"href":"https:\/\/akincilardergisi.com\/tr\/wp-json\/wp\/v2\/users\/17"}],"replies":[{"embeddable":true,"href":"https:\/\/akincilardergisi.com\/tr\/wp-json\/wp\/v2\/comments?post=24693"}],"version-history":[{"count":0,"href":"https:\/\/akincilardergisi.com\/tr\/wp-json\/wp\/v2\/posts\/24693\/revisions"}],"wp:featuredmedia":[{"embeddable":true,"href":"https:\/\/akincilardergisi.com\/tr\/wp-json\/wp\/v2\/media\/45960"}],"wp:attachment":[{"href":"https:\/\/akincilardergisi.com\/tr\/wp-json\/wp\/v2\/media?parent=24693"}],"wp:term":[{"taxonomy":"category","embeddable":true,"href":"https:\/\/akincilardergisi.com\/tr\/wp-json\/wp\/v2\/categories?post=24693"},{"taxonomy":"post_tag","embeddable":true,"href":"https:\/\/akincilardergisi.com\/tr\/wp-json\/wp\/v2\/tags?post=24693"}],"curies":[{"name":"wp","href":"https:\/\/api.w.org\/{rel}","templated":true}]}}