{"id":24396,"date":"2017-10-20T00:00:49","date_gmt":"2017-10-19T21:00:49","guid":{"rendered":"http:\/\/akincilardergisi.com\/dergi\/?p=24396"},"modified":"2023-11-05T13:26:03","modified_gmt":"2023-11-05T10:26:03","slug":"aile-toplum-ve-devlet-medeniyet-kurmanin-unsurlari-ii","status":"publish","type":"post","link":"https:\/\/akincilardergisi.com\/tr\/aile-toplum-ve-devlet-medeniyet-kurmanin-unsurlari-ii\/","title":{"rendered":"A\u0130LE, TOPLUM VE DEVLET\u2026 MEDEN\u0130YET KURMANIN UNSURLARI -II-"},"content":{"rendered":"<p style=\"text-align: justify\">Osmanl\u0131, Irak\u2019\u0131 kolay y\u00f6netebilmek amac\u0131yla, b\u00f6lgenin dini, etnik, siyasi, demografik \u00f6zelliklerini de g\u00f6z \u00f6n\u00fcne alarak Irak\u2019\u0131 \u015fu \u015fekilde y\u00f6netmi\u015fti: Irak\u2019ta \u00fc\u00e7 b\u00f6lge s\u00f6z konusuydu. Basra eyaleti, Ba\u011fdat Eyaleti ve Musul Eyaleti. Basra eyaletinde \u015eiiler bulunuyordu ve Osmanl\u0131 buray\u0131 \u015eii f\u0131kh\u0131n\u0131 uygulayarak y\u00f6netiyordu. Ba\u011fdat eyaletinde Hanefiler bulunuyordu, Osmanl\u0131 buray\u0131 Hanefi f\u0131kh\u0131n\u0131 uygulayarak y\u00f6netiyordu. Yukar\u0131daki Musul eyaletinde ise \u015eafiler bulunuyordu, buray\u0131 da \u015eafi f\u0131kh\u0131n\u0131 uygulayarak y\u00f6netiyordu\u2026<\/p>\n<p style=\"text-align: justify\">\u00a0\u00a0\u00a0\u00a0 Osmanl\u0131\u2019n\u0131n buradaki derdi sen \u015fu, sen bu de\u011fildi. Basra, Ba\u011fdat ve Musul\u2019u bu \u015fekilde y\u00f6neterek daha kolay bir y\u00f6netim politikas\u0131 uyguluyordu. Nitekim bu eyaletlerin hi\u00e7biri ben \u015fuyum ben buyum demiyor, ben Osmanl\u0131y\u0131m diyordu.<\/p>\n<p style=\"text-align: justify\">\u00a0\u00a0\u00a0\u00a0 Peki ne oldu da bu medeniyet ufkumuzu kaybettik? Cevap \u00e7ok basit. G\u00fc\u00e7 meselesi. Anlad\u0131k ki bir devleti ayakta tutan unsurlar ortadan kalkarsa, ne devlet kal\u0131r ne de medeniyet. Birinci D\u00fcnya Sava\u015f\u0131\u2019ndan sonra zaten zay\u0131flam\u0131\u015f olan Osmanl\u0131, tasfiye edildikten sonra geriye kalan i\u015fleri kolayd\u0131 Emperyalist devletler i\u00e7in.<\/p>\n<p style=\"text-align: justify\">\u00a0\u00a0\u00a0\u00a0 Yine Irak \u00fczerinden gidelim. Tabi Osmanl\u0131 her cephede zay\u0131f d\u00fc\u015f\u00fcnce, Irak\u2019\u0131n par\u00e7alanmas\u0131 da kolay olacakt\u0131. Gertr\u00fcth Bell diye bir kad\u0131n Irak\u2019\u0131n haritas\u0131n\u0131 \u00e7izdi. Par\u00e7alara ay\u0131rd\u0131. Ve sonu\u00e7 g\u00fcn\u00fcm\u00fcz. K\u0131sacas\u0131 ne aile kald\u0131 ne toplum ne de devlet. En sonunda da medeniyet ufkumuzu kaybettik gitti.<\/p>\n<p style=\"text-align: justify\">\u00a0\u00a0\u00a0\u00a0 \u015eimdilerde devlet b\u00fcy\u00fc\u011f\u00fcm\u00fcz Recep Tayyip Erdo\u011fan bunu yapm\u0131\u015f oldu\u011fu \u00fclke ziyaretleri ile ifade etmektedir asl\u0131nda. \u0130ran ziyareti ile Kuzey Irak meselesine \u00e7\u00f6z\u00fcm aramas\u0131 ve S\u0131rbistan\u2019a giderek S\u0131rbistan Cumhurba\u015fkan\u0131 ile Bo\u015fnaklar\u0131 ziyaret etmesi hep bu uyand\u0131rma \u00e7abalar\u0131n\u0131n tezah\u00fcr\u00fcd\u00fcr\u2026<\/p>\n<p style=\"text-align: justify\">\u00a0\u00a0\u00a0\u00a0 Sonu\u00e7 olarak bize yaz\u0131lan re\u00e7eteye yakla\u015f\u0131k bir sene boyunca riayet ettik. \u015eimdi de temelden ba\u015flayarak i\u00e7imizdeki s\u0131k\u0131nt\u0131lar\u0131 gidermek zorunday\u0131z. Aileden ba\u015flayarak \u00f6ncelikle e\u011fitim,\u00a0 k\u00fclt\u00fcr, \u00e7al\u0131\u015fkanl\u0131k, azim sorunlar\u0131m\u0131z\u0131 halletmeli, sonras\u0131nda dinamikleri sa\u011flam bir toplum yap\u0131s\u0131 olu\u015fturulmal\u0131 ve nihayetinde de g\u00fc\u00e7l\u00fc, m\u00fcreffeh bir T\u00fcrkiye\u2019yi yeniden in\u015fa etmeliyiz\u2026<\/p>\n<p style=\"text-align: justify\">\u00a0\u00a0\u00a0\u00a0 Ancak t\u00fcm bunlar bir arada sa\u011flanarak \u0130slam K\u00fclt\u00fcr ve Medeniyetini yeniden kurabiliriz. O zaman ne Olimpos,un \u00e7ocuklar\u0131na ne BATI\u2019ya bakar\u0131z. Tek y\u00f6n\u00fcm\u00fcz olur. O da Allah\u2019\u0131n ipinin y\u00f6n\u00fc, Kabe, Kur\u2019an ve Hz. Peygamber (sav)\u2019in s\u00fcnneti. Buna inanc\u0131m\u0131z tam.<\/p>\n<p style=\"text-align: justify\">\u00a0\u00a0\u00a0\u00a0 Selam ve dua ile\u2026<\/p>\n<p style=\"text-align: justify\">\u00a0\u00a0\u00a0\u00a0 <strong>\u0130BRAH\u0130M YAVUZ<\/strong><\/p>\n","protected":false},"excerpt":{"rendered":"<p>Osmanl\u0131, Irak\u2019\u0131 kolay y\u00f6netebilmek amac\u0131yla, b\u00f6lgenin dini, etnik, siyasi, demografik \u00f6zelliklerini de g\u00f6z \u00f6n\u00fcne alarak Irak\u2019\u0131 \u015fu \u015fekilde y\u00f6netmi\u015fti: Irak\u2019ta \u00fc\u00e7 b\u00f6lge s\u00f6z konusuydu. Basra eyaleti, Ba\u011fdat Eyaleti ve Musul Eyaleti. Basra eyaletinde \u015eiiler bulunuyordu ve Osmanl\u0131 buray\u0131 \u015eii f\u0131kh\u0131n\u0131 uygulayarak y\u00f6netiyordu. Ba\u011fdat eyaletinde Hanefiler bulunuyordu, Osmanl\u0131 buray\u0131 Hanefi f\u0131kh\u0131n\u0131 uygulayarak y\u00f6netiyordu. Yukar\u0131daki Musul eyaletinde &hellip;<\/p>\n","protected":false},"author":20,"featured_media":48521,"comment_status":"open","ping_status":"open","sticky":false,"template":"","format":"standard","meta":{"om_disable_all_campaigns":false,"_themeisle_gutenberg_block_has_review":false,"_joinchat":[],"footnotes":""},"categories":[38,57,43],"tags":[],"class_list":["post-24396","post","type-post","status-publish","format-standard","has-post-thumbnail","","category-guncel","category-ibrahim","category-yazarlar"],"_links":{"self":[{"href":"https:\/\/akincilardergisi.com\/tr\/wp-json\/wp\/v2\/posts\/24396","targetHints":{"allow":["GET"]}}],"collection":[{"href":"https:\/\/akincilardergisi.com\/tr\/wp-json\/wp\/v2\/posts"}],"about":[{"href":"https:\/\/akincilardergisi.com\/tr\/wp-json\/wp\/v2\/types\/post"}],"author":[{"embeddable":true,"href":"https:\/\/akincilardergisi.com\/tr\/wp-json\/wp\/v2\/users\/20"}],"replies":[{"embeddable":true,"href":"https:\/\/akincilardergisi.com\/tr\/wp-json\/wp\/v2\/comments?post=24396"}],"version-history":[{"count":0,"href":"https:\/\/akincilardergisi.com\/tr\/wp-json\/wp\/v2\/posts\/24396\/revisions"}],"wp:featuredmedia":[{"embeddable":true,"href":"https:\/\/akincilardergisi.com\/tr\/wp-json\/wp\/v2\/media\/48521"}],"wp:attachment":[{"href":"https:\/\/akincilardergisi.com\/tr\/wp-json\/wp\/v2\/media?parent=24396"}],"wp:term":[{"taxonomy":"category","embeddable":true,"href":"https:\/\/akincilardergisi.com\/tr\/wp-json\/wp\/v2\/categories?post=24396"},{"taxonomy":"post_tag","embeddable":true,"href":"https:\/\/akincilardergisi.com\/tr\/wp-json\/wp\/v2\/tags?post=24396"}],"curies":[{"name":"wp","href":"https:\/\/api.w.org\/{rel}","templated":true}]}}