{"id":24304,"date":"2017-10-18T04:40:20","date_gmt":"2017-10-18T01:40:20","guid":{"rendered":"http:\/\/akincilardergisi.com\/dergi\/?p=24304"},"modified":"2023-11-05T13:26:03","modified_gmt":"2023-11-05T10:26:03","slug":"aile-toplum-ve-devlet-medeniyet-kurmanin-unsurlari","status":"publish","type":"post","link":"https:\/\/akincilardergisi.com\/tr\/aile-toplum-ve-devlet-medeniyet-kurmanin-unsurlari\/","title":{"rendered":"A\u0130LE, TOPLUM VE DEVLET\u2026 MEDEN\u0130YET KURMANIN UNSURLARI"},"content":{"rendered":"<p style=\"text-align: justify\">Uluslararas\u0131 Vuslat Platformu\u2019nun 13-15 Ekim 2017 tarihleri aras\u0131nda Bolu-Abant\u2019ta d\u00fczenlemi\u015f oldu\u011fu<strong> A\u0130LE, TOPLUM VE DEVLET <\/strong>adl\u0131 sempozyumun genel itibari ile verimli ge\u00e7ti\u011fini s\u00f6yleyebiliriz. Bir\u00e7ok i\u015f adam\u0131, akademisyen, rekt\u00f6rler konu ile ilgili d\u00fc\u015f\u00fcncelerini, \u00e7\u00f6z\u00fcm \u00f6nerilerini, istatistiki verileri beyan ettiler. Konu ile ilgili g\u00f6r\u00fc\u015flerime \u015funu s\u00f6ylemeden ge\u00e7emeyece\u011fim. A\u00e7\u0131k\u00e7a ifade etmek gerekir ki sempozyumun konu ile ilgili olarak en verimli g\u00fcn\u00fc kapan\u0131\u015f konu\u015fmas\u0131n\u0131n oldu\u011fu g\u00fcnd\u00fc. Kapan\u0131\u015f konu\u015fmas\u0131nda Azerbaycan milletvekili Ganire Pa\u015fayeva ve Diyanet \u0130\u015fleri Eski Ba\u015fkan\u0131 Prof. Dr. Mehmet G\u00f6rmez muhte\u015fem bir konu\u015fma yapt\u0131lar\u2026 Dileyenler bu konu\u015fmalara ula\u015fabilirler\u2026<\/p>\n<p style=\"text-align: justify\">\u00a0\u00a0\u00a0\u00a0 \u00dc\u00e7 g\u00fcn boyunca konu\u015fmac\u0131lar ailenin \u00e7ekirdekten ba\u015flay\u0131p da devletle \u015fekillenerek medeniyet \u00e7at\u0131s\u0131n\u0131n nas\u0131l olu\u015fturulabilece\u011fini tart\u0131\u015ft\u0131lar, \u00f6neriler sundular. Konuya nacizane devletler \u00fcst\u00fc bakma gere\u011fi duyuyorum\u2026<\/p>\n<p style=\"text-align: justify\">\u00a0\u00a0\u00a0\u00a0 Aile, toplum ve devletten sonra asl\u0131na bakt\u0131\u011f\u0131m\u0131zda devlet taraf\u0131ndan yeni bir pencere a\u00e7\u0131l\u0131yor. Medeniyete giden as\u0131l yol da buradan ge\u00e7iyor.<\/p>\n<p style=\"text-align: justify\">\u00a0\u00a0\u00a0\u00a0 Osmanl\u0131 Devleti, \u0130slam K\u00fclt\u00fcr ve Medeniyetini alt\u0131 y\u00fcz sene boyunca aile, toplum ve devlet b\u00fct\u00fcnl\u00fc\u011f\u00fcn\u00fc sa\u011flayarak kurdu. Balkanlar\u2019da uygulad\u0131\u011f\u0131 politika, 400 sene boyunca bir vali ile y\u00f6netti\u011fimiz Yunanistan\u2019da uygulad\u0131\u011f\u0131m\u0131z y\u00f6netim politikas\u0131, Orta Do\u011fu\u2019da, Afrika\u2019da, Pakistan\u2019da, Hindistan\u2019da ve daha bir\u00e7ok yerde uygulad\u0131\u011f\u0131m\u0131z y\u00f6netim sistemi politikas\u0131n\u0131 belirtti\u011fimiz \u00fc\u00e7 unsuru bir arada ya\u015fatmas\u0131 ile bir medeniyet kurmu\u015ftur Osmanl\u0131.<\/p>\n<p style=\"text-align: justify\">\u00a0\u00a0\u00a0\u00a0 Biz medeniyettik, bunlar bizim evimizin \u00e7ocuklar\u0131yd\u0131. Balkanlar bir aileydi, Kafkaslar bir aileydi, Orta Do\u011fu bir aileydi, Hindistan, Pakistan, Afrika \u00fclkeleri birer aileydi. Biz de baba oca\u011f\u0131yd\u0131k. Bu g\u00fc\u00e7 ancak ve ancak tek bir g\u00fc\u00e7le sa\u011flanabilirdi. O da \u0130slam\u2019\u0131n evrenselli\u011fidir. \u0130slam ve K\u00fclt\u00fcr medeniyeti i\u015fte buydu\u2026 Aile, toplum ve devlet i\u015fte buydu\u2026<\/p>\n<p style=\"text-align: justify\">\u00a0\u00a0\u00a0\u00a0 Osmanl\u0131\u2019n\u0131n medeniyet havzas\u0131n\u0131 kurmas\u0131n\u0131 temelde dinen \u00e7at\u0131da siyaseten uygulad\u0131\u011f\u0131 bir \u00f6rnekle temellendirebiliriz. Kuzey Irak\u2019\u0131 bug\u00fcn \u00e7ok tart\u0131\u015f\u0131yoruz \u00f6yle de\u011fil mi? Niye? Ba\u011f\u0131ms\u0131zl\u0131k referandumu yapt\u0131lar ya ondan\u2026 Osmanl\u0131 d\u00f6neminde b\u00f6yle miydi, de\u011fildi. \u00c7\u00fcnk\u00fc Osmanl\u0131, uygulad\u0131\u011f\u0131 devlet y\u00f6netme politikas\u0131 ile bu co\u011frafyalar\u0131 bir b\u00fct\u00fcn halinde y\u00f6netebiliyordu. Bu biraz da g\u00fc\u00e7 ile ilgilidir asl\u0131nda. G\u00fc\u00e7l\u00fc olan devletlerde i\u00e7erideki unsurlar her zaman bu g\u00fcce riayet etmek zorundad\u0131r. Tam z\u0131tt\u0131 olarak ne zaman ki bu g\u00fc\u00e7 ortadan kalkar, bu unsurlar ba\u015flarlar seslerini y\u00fckseltmeye. Kuzey Irak\u2019\u0131n durumu da b\u00f6yledir. ABD, Irak\u2019\u0131 param par\u00e7a etti zaten y\u0131llard\u0131r. Haliyle buray\u0131 y\u00f6netmek daha kolay hale gelebiliyor\u2026<\/p>\n<p style=\"text-align: justify\">(Devam edecek)&#8230;<\/p>\n<p style=\"text-align: justify\"><strong>\u0130BRAH\u0130M YAVUZ<\/strong><\/p>\n","protected":false},"excerpt":{"rendered":"<p>Uluslararas\u0131 Vuslat Platformu\u2019nun 13-15 Ekim 2017 tarihleri aras\u0131nda Bolu-Abant\u2019ta d\u00fczenlemi\u015f oldu\u011fu A\u0130LE, TOPLUM VE DEVLET adl\u0131 sempozyumun genel itibari ile verimli ge\u00e7ti\u011fini s\u00f6yleyebiliriz. Bir\u00e7ok i\u015f adam\u0131, akademisyen, rekt\u00f6rler konu ile ilgili d\u00fc\u015f\u00fcncelerini, \u00e7\u00f6z\u00fcm \u00f6nerilerini, istatistiki verileri beyan ettiler. Konu ile ilgili g\u00f6r\u00fc\u015flerime \u015funu s\u00f6ylemeden ge\u00e7emeyece\u011fim. A\u00e7\u0131k\u00e7a ifade etmek gerekir ki sempozyumun konu ile ilgili olarak &hellip;<\/p>\n","protected":false},"author":20,"featured_media":48521,"comment_status":"open","ping_status":"open","sticky":false,"template":"","format":"standard","meta":{"om_disable_all_campaigns":false,"_themeisle_gutenberg_block_has_review":false,"_joinchat":[],"footnotes":""},"categories":[38,57,43],"tags":[],"class_list":["post-24304","post","type-post","status-publish","format-standard","has-post-thumbnail","","category-guncel","category-ibrahim","category-yazarlar"],"_links":{"self":[{"href":"https:\/\/akincilardergisi.com\/tr\/wp-json\/wp\/v2\/posts\/24304","targetHints":{"allow":["GET"]}}],"collection":[{"href":"https:\/\/akincilardergisi.com\/tr\/wp-json\/wp\/v2\/posts"}],"about":[{"href":"https:\/\/akincilardergisi.com\/tr\/wp-json\/wp\/v2\/types\/post"}],"author":[{"embeddable":true,"href":"https:\/\/akincilardergisi.com\/tr\/wp-json\/wp\/v2\/users\/20"}],"replies":[{"embeddable":true,"href":"https:\/\/akincilardergisi.com\/tr\/wp-json\/wp\/v2\/comments?post=24304"}],"version-history":[{"count":0,"href":"https:\/\/akincilardergisi.com\/tr\/wp-json\/wp\/v2\/posts\/24304\/revisions"}],"wp:featuredmedia":[{"embeddable":true,"href":"https:\/\/akincilardergisi.com\/tr\/wp-json\/wp\/v2\/media\/48521"}],"wp:attachment":[{"href":"https:\/\/akincilardergisi.com\/tr\/wp-json\/wp\/v2\/media?parent=24304"}],"wp:term":[{"taxonomy":"category","embeddable":true,"href":"https:\/\/akincilardergisi.com\/tr\/wp-json\/wp\/v2\/categories?post=24304"},{"taxonomy":"post_tag","embeddable":true,"href":"https:\/\/akincilardergisi.com\/tr\/wp-json\/wp\/v2\/tags?post=24304"}],"curies":[{"name":"wp","href":"https:\/\/api.w.org\/{rel}","templated":true}]}}