{"id":24211,"date":"2017-10-14T09:27:06","date_gmt":"2017-10-14T06:27:06","guid":{"rendered":"http:\/\/akincilardergisi.com\/dergi\/?p=24211"},"modified":"2023-11-07T15:59:09","modified_gmt":"2023-11-07T12:59:09","slug":"batiya-hizmet-boyle-olur-2","status":"publish","type":"post","link":"https:\/\/akincilardergisi.com\/tr\/batiya-hizmet-boyle-olur-2\/","title":{"rendered":"BATIYA H\u0130ZMET B\u00d6YLE OLUR!"},"content":{"rendered":"<p style=\"color: #000000\"><a href=\"http:\/\/akincilardergisi.com\/dergi\/wp-content\/uploads\/04.jpg\"><img loading=\"lazy\" decoding=\"async\" class=\"alignnone size-full wp-image-24214\" src=\"http:\/\/akincilardergisi.com\/dergi\/wp-content\/uploads\/04.jpg\" alt=\"04\" width=\"275\" height=\"183\" \/><\/a><\/p>\n<p style=\"color: #000000\">&#8221;T\u00fcrkiye&#8217;nin yar\u0131s\u0131 Banglade\u015f&#8217;in haritadaki yerini g\u00f6stersin, bu sayfay\u0131 buru\u015fturup yemeye haz\u0131r\u0131m&#8230;<\/p>\n<p style=\"color: #000000\">Banglade\u015f&#8217;le aralar\u0131 bozuk Banglade\u015f&#8217;le!&#8221;<\/p>\n<p style=\"color: #000000\">diyor.<\/p>\n<p style=\"color: #000000\">\u0130ngiliz a&#8217;maline (emellerine) hizmet b\u00f6yle oluyor i\u015fte!<\/p>\n<p style=\"color: #000000\">\u015eimdi<\/p>\n<p style=\"color: #000000\">Bu adam\u0131 okuyan bir T\u00fcrk vatanda\u015f\u0131 ayd\u0131nlanm\u0131\u015f m\u0131 oluyor?<\/p>\n<p style=\"color: #000000\">\u00d6nce<\/p>\n<p style=\"color: #000000\">Banglade\u015f gibi 170 milyon n\u00fcfuslu bir \u00fclkeyi &#8221;Haritadaki yerini g\u00f6steremezsiniz&#8230;&#8221; diyerek k\u00fc\u00e7\u00fcms\u00fcyor.<\/p>\n<p style=\"color: #000000\">Sonra<\/p>\n<p style=\"color: #000000\">Cumhurba\u015fkan\u0131m\u0131za laf sokacak ya.. Banglade\u015f&#8217;le bile aram\u0131z bozuk diyor.<\/p>\n<p style=\"color: #000000\">Niye bozuk?<\/p>\n<p style=\"color: #000000\">S\u00f6ylemiyor.<\/p>\n<p style=\"color: #000000\">LA\u0130K \u015eEYHLER<\/p>\n<p style=\"color: #000000\">Bunun okuyucular\u0131 da kafa konforlar\u0131n\u0131 bozmamak i\u00e7in ara\u015ft\u0131r\u0131p \u00f6\u011frenmez.. dediklerini aynen sa\u011fda solda tekrar edip dururlar.<\/p>\n<p style=\"color: #000000\">M\u00fcridin akl\u0131n\u0131 \u015feyhine teslim etti\u011fi gibi, bunlar da ak\u0131llar\u0131n\u0131 bu tip laik \u015feyhlere teslim etmi\u015f bulunuyor.<\/p>\n<p style=\"color: #000000\">BU T\u0130PLER<\/p>\n<p style=\"color: #000000\">B\u00d6YLE \u015eEYLER\u0130 DERT ETMEZ<\/p>\n<p style=\"color: #000000\">Banglade\u015f&#8217;le aram\u0131z neden bozuk.<\/p>\n<p style=\"color: #000000\">\u00c7\u00fcnk\u00fc<\/p>\n<p style=\"color: #000000\">Bu \u00fclke maalesef bug\u00fcn \u0130ngiliz boyunduru\u011fu alt\u0131nda.<\/p>\n<p style=\"color: #000000\">Ve maalesef<\/p>\n<p style=\"color: #000000\">Bu g\u00fczelim \u00fclke..Nehirleri ve ormanlar\u0131yla yemye\u015fil yer y\u00fcz\u00fc Cenneti gibi<\/p>\n<p style=\"color: #000000\">Ama<\/p>\n<p style=\"color: #000000\">\u0130ngilizlerin elinde mahvu peri\u015fan olmu\u015f vaziyette. Bug\u00fcn Banglade\u015f yokluk ve a\u00e7l\u0131kla bo\u011fu\u015fan bir \u00fclke durumunda.<\/p>\n<p style=\"color: #000000\">Ayr\u0131ca<\/p>\n<p style=\"color: #000000\">BANGLADE\u015e n\u00fcfus bak\u0131m\u0131ndan d\u00fcnyan\u0131n en yo\u011fun \u00fclkesi&#8230; Kilometre kareye 1.050 ki\u015fi d\u00fc\u015f\u00fcyor. T\u00fcrkiye&#8217;de 102 ki\u015fi oldu\u011fu d\u00fc\u015f\u00fcn\u00fcld\u00fc\u011f\u00fcnde ne kadar kalabal\u0131k bir \u00fclke oldu\u011fu g\u00f6r\u00fclmektedir.<\/p>\n<p style=\"color: #000000\">\u015eimdi bu kadar kalabal\u0131k bir \u00fclkeye bir de Arakan (Myanmar veya Burma) dan m\u00fclteci ya\u011fmaktad\u0131r.<\/p>\n<p style=\"color: #000000\">Bu m\u00fclteciler<\/p>\n<p style=\"color: #000000\">Banglade\u015f&#8217;e kabul\u00fcnde b\u00fcy\u00fck zorluklar ya\u015fanmakta.<\/p>\n<p style=\"color: #000000\">Halk sahip \u00e7\u0131kmak istese de<\/p>\n<p style=\"color: #000000\">\u0130ngilizlerin emrindeki h\u00fckumet \u00e7e\u015fitli zorluklar \u00e7\u0131kararak buna yana\u015fm\u0131yor.<\/p>\n<p style=\"color: #000000\">Cumhurba\u015fkan\u0131m\u0131z<\/p>\n<p style=\"color: #000000\">Banglade\u015f&#8217;e \u00e7a\u011fr\u0131da bulunarak ortada kalm\u0131\u015f \u00e7aresiz insanlar\u0131 \u00fclkeye kabul etmeleri halinde masraflar\u0131 kar\u015f\u0131lama taahh\u00fcd\u00fcnde bulundu.<\/p>\n<p style=\"color: #000000\">Banglade\u015f<\/p>\n<p style=\"color: #000000\">Fakir bir \u00fclke ama burada mesele para de\u011fil.<\/p>\n<p style=\"color: #000000\">\u0130ngilizler b\u00f6lgenin soyk\u0131r\u0131m yap\u0131larak b\u00f6lgenin etnik temizli\u011fe tabi tutulmas\u0131n\u0131 istiyor.<\/p>\n<p style=\"color: #000000\">Bu i\u015flem programl\u0131 olarak y\u0131llard\u0131r s\u00fcr\u00fcyor.<\/p>\n<p style=\"color: #000000\">\u015eimdi Reis kalkm\u0131\u015f<\/p>\n<p style=\"color: #000000\">\u0130ngilizlerin bu plan\u0131na \u00e7omak sokuyor. Bu bir.<\/p>\n<p style=\"color: #000000\">\u0130kincisi<\/p>\n<p style=\"color: #000000\">Hasine h\u00fckumeti<\/p>\n<p style=\"color: #000000\">2013 y\u0131l\u0131nda 2 M\u00fcsl\u00fcman alimi idam etti.( A. Kadir Molla ve M. Kemeruzzaman)<\/p>\n<p style=\"color: #000000\">Neden?<\/p>\n<p style=\"color: #000000\">1972 y\u0131l\u0131ndan kalan bir dava y\u00fcz\u00fcnden.<\/p>\n<p style=\"color: #000000\">Evet yanl\u0131\u015f duymad\u0131n\u0131z 1972<\/p>\n<p style=\"color: #000000\">Y\u00fcz\u00fcm\u00fcz\u00fcn ak\u0131 Cumhurba\u015fkan\u0131m\u0131z bu sa\u00e7ma sapan idam gerek\u00e7esine tav\u0131r koydu Banglade\u015f Ba\u015fbakan\u0131 Hasine&#8217;yi bu karar\u0131ndan vaz ge\u00e7irmek i\u00e7in \u00e7a\u011fr\u0131da bulundu.<\/p>\n<p style=\"color: #000000\">Ama<\/p>\n<p style=\"color: #000000\">Hasine&#8217;nin eli mahkum&#8230;<\/p>\n<p style=\"color: #000000\">Bizim de\u011fil \u0130ngilizlerin dedi\u011fini yapt\u0131 ve o 2 masum insan\u0131 idam etti.<\/p>\n<p style=\"color: #000000\">Tabii aram\u0131z limoni oldu.<\/p>\n<p style=\"color: #000000\">\u015eimdi<\/p>\n<p style=\"color: #000000\">Y\u00fcz\u00fcm\u00fcz\u00fc a\u011fartan bu asil davran\u0131\u015f\u0131<\/p>\n<p style=\"color: #000000\">\u00d6zdilgiller ne bilsin&#8230;<\/p>\n<p style=\"color: #000000\">Kalkm\u0131\u015f &#8216;Banglade\u015f&#8217;le aram\u0131z bozuk Banglade\u015f&#8217;le..&#8217; diyerek birilerini galeyana getiriyor bat\u0131 a&#8217;maline hizmet ediyor.<\/p>\n<p style=\"color: #000000\">Emin Batur<\/p>\n<p>BATIYA H\u0130ZMET<\/p>\n<p>B\u00d6YLE OLUR!<\/p>\n<p>&nbsp;<\/p>\n<p>&#8221;T\u00fcrkiye&#8217;nin yar\u0131s\u0131 Banglade\u015f&#8217;in haritadaki yerini g\u00f6stersin, bu sayfay\u0131 buru\u015fturup yemeye haz\u0131r\u0131m&#8230;<\/p>\n<p>Banglade\u015f&#8217;le aralar\u0131 bozuk Banglade\u015f&#8217;le!&#8221;<\/p>\n<p>diyor.<\/p>\n<p>&nbsp;<\/p>\n<p>\u0130ngiliz a&#8217;maline (emellerine) hizmet b\u00f6yle oluyor i\u015fte!<\/p>\n<p>\u015eimdi<\/p>\n<p>Bu adam\u0131 okuyan bir T\u00fcrk vatanda\u015f\u0131 ayd\u0131nlanm\u0131\u015f m\u0131 oluyor?<\/p>\n<p>&nbsp;<\/p>\n<p>\u00d6nce<\/p>\n<p>Banglade\u015f gibi 170 milyon n\u00fcfuslu bir \u00fclkeyi &#8221;Haritadaki yerini g\u00f6steremezsiniz&#8230;&#8221; diyerek k\u00fc\u00e7\u00fcms\u00fcyor.<\/p>\n<p>Sonra<\/p>\n<p>Cumhurba\u015fkan\u0131m\u0131za laf sokacak ya.. Banglade\u015f&#8217;le bile aram\u0131z bozuk diyor.<\/p>\n<p>Niye bozuk?<\/p>\n<p>S\u00f6ylemiyor.<\/p>\n<p>&nbsp;<\/p>\n<p>LA\u0130K \u015eEYHLER<\/p>\n<p>Bunun okuyucular\u0131 da kafa konforlar\u0131n\u0131 bozmamak i\u00e7in ara\u015ft\u0131r\u0131p \u00f6\u011frenmez.. dediklerini aynen sa\u011fda solda tekrar edip dururlar.<\/p>\n<p>M\u00fcridin akl\u0131n\u0131 \u015feyhine teslim etti\u011fi gibi, bunlar da ak\u0131llar\u0131n\u0131 bu tip laik \u015feyhlere teslim etmi\u015f bulunuyor.<\/p>\n<p>&nbsp;<\/p>\n<p>BU T\u0130PLER<\/p>\n<p>B\u00d6YLE \u015eEYLER\u0130 DERT ETMEZ<\/p>\n<p>Banglade\u015f&#8217;le aram\u0131z neden bozuk.<\/p>\n<p>\u00c7\u00fcnk\u00fc<\/p>\n<p>Bu \u00fclke maalesef bug\u00fcn \u0130ngiliz boyunduru\u011fu alt\u0131nda.<\/p>\n<p>&nbsp;<\/p>\n<p>Ve maalesef<\/p>\n<p>Bu g\u00fczelim \u00fclke..Nehirleri ve ormanlar\u0131yla yemye\u015fil yer y\u00fcz\u00fc Cenneti gibi<\/p>\n<p>Ama<\/p>\n<p>\u0130ngilizlerin elinde mahvu peri\u015fan olmu\u015f vaziyette. Bug\u00fcn Banglade\u015f yokluk ve a\u00e7l\u0131kla bo\u011fu\u015fan bir \u00fclke durumunda.<\/p>\n<p>Ayr\u0131ca<\/p>\n<p>BANGLADE\u015e n\u00fcfus bak\u0131m\u0131ndan d\u00fcnyan\u0131n en yo\u011fun \u00fclkesi&#8230; Kilometre kareye 1.050 ki\u015fi d\u00fc\u015f\u00fcyor. T\u00fcrkiye&#8217;de 102 ki\u015fi oldu\u011fu d\u00fc\u015f\u00fcn\u00fcld\u00fc\u011f\u00fcnde ne kadar kalabal\u0131k bir \u00fclke oldu\u011fu g\u00f6r\u00fclmektedir.<\/p>\n<p>&nbsp;<\/p>\n<p>\u015eimdi bu kadar kalabal\u0131k bir \u00fclkeye bir de Arakan (Myanmar veya Burma) dan m\u00fclteci ya\u011fmaktad\u0131r.<\/p>\n<p>Bu m\u00fclteciler<\/p>\n<p>Banglade\u015f&#8217;e kabul\u00fcnde b\u00fcy\u00fck zorluklar ya\u015fanmakta.<\/p>\n<p>Halk sahip \u00e7\u0131kmak istese de<\/p>\n<p>\u0130ngilizlerin emrindeki h\u00fckumet \u00e7e\u015fitli zorluklar \u00e7\u0131kararak buna yana\u015fm\u0131yor.<\/p>\n<p>&nbsp;<\/p>\n<p>Cumhurba\u015fkan\u0131m\u0131z<\/p>\n<p>Banglade\u015f&#8217;e \u00e7a\u011fr\u0131da bulunarak ortada kalm\u0131\u015f \u00e7aresiz insanlar\u0131 \u00fclkeye kabul etmeleri halinde masraflar\u0131 kar\u015f\u0131lama taahh\u00fcd\u00fcnde bulundu.<\/p>\n<p>&nbsp;<\/p>\n<p>Banglade\u015f<\/p>\n<p>Fakir bir \u00fclke ama burada mesele para de\u011fil.<\/p>\n<p>\u0130ngilizler b\u00f6lgenin soyk\u0131r\u0131m yap\u0131larak b\u00f6lgenin etnik temizli\u011fe tabi tutulmas\u0131n\u0131 istiyor.<\/p>\n<p>Bu i\u015flem programl\u0131 olarak y\u0131llard\u0131r s\u00fcr\u00fcyor.<\/p>\n<p>&nbsp;<\/p>\n<p>\u015eimdi Reis kalkm\u0131\u015f<\/p>\n<p>\u0130ngilizlerin bu plan\u0131na \u00e7omak sokuyor. Bu bir.<\/p>\n<p>\u0130kincisi<\/p>\n<p>Hasine h\u00fckumeti<\/p>\n<p>2013 y\u0131l\u0131nda 2 M\u00fcsl\u00fcman alimi idam etti.( A. Kadir Molla ve M. Kemeruzzaman)<\/p>\n<p>Neden?<\/p>\n<p>1972 y\u0131l\u0131ndan kalan bir dava y\u00fcz\u00fcnden.<\/p>\n<p>Evet yanl\u0131\u015f duymad\u0131n\u0131z 1972<\/p>\n<p>&nbsp;<\/p>\n<p>Y\u00fcz\u00fcm\u00fcz\u00fcn ak\u0131 Cumhurba\u015fkan\u0131m\u0131z bu sa\u00e7ma sapan idam gerek\u00e7esine tav\u0131r koydu Banglade\u015f Ba\u015fbakan\u0131 Hasine&#8217;yi bu karar\u0131ndan vaz ge\u00e7irmek i\u00e7in \u00e7a\u011fr\u0131da bulundu.<\/p>\n<p>Ama<\/p>\n<p>Hasine&#8217;nin eli mahkum&#8230;<\/p>\n<p>Bizim de\u011fil \u0130ngilizlerin dedi\u011fini yapt\u0131 ve o 2 masum insan\u0131 idam etti.<\/p>\n<p>Tabii aram\u0131z limoni oldu.<\/p>\n<p>&nbsp;<\/p>\n<p>\u015eimdi<\/p>\n<p>Y\u00fcz\u00fcm\u00fcz\u00fc a\u011fartan bu asil davran\u0131\u015f\u0131<\/p>\n<p>\u00d6zdilgiller ne bilsin&#8230;<\/p>\n<p>Kalkm\u0131\u015f &#8216;Banglade\u015f&#8217;le aram\u0131z bozuk Banglade\u015f&#8217;le..&#8217; diyerek birilerini galeyana getiriyor bat\u0131 a&#8217;maline hizmet ediyor.<\/p>\n<p>&nbsp;<\/p>\n<p>Emin Batur<\/p>\n","protected":false},"excerpt":{"rendered":"<p>&#8221;T\u00fcrkiye&#8217;nin yar\u0131s\u0131 Banglade\u015f&#8217;in haritadaki yerini g\u00f6stersin, bu sayfay\u0131 buru\u015fturup yemeye haz\u0131r\u0131m&#8230; Banglade\u015f&#8217;le aralar\u0131 bozuk Banglade\u015f&#8217;le!&#8221; diyor. \u0130ngiliz a&#8217;maline (emellerine) hizmet b\u00f6yle oluyor i\u015fte! \u015eimdi Bu adam\u0131 okuyan bir T\u00fcrk vatanda\u015f\u0131 ayd\u0131nlanm\u0131\u015f m\u0131 oluyor? \u00d6nce Banglade\u015f gibi 170 milyon n\u00fcfuslu bir \u00fclkeyi &#8221;Haritadaki yerini g\u00f6steremezsiniz&#8230;&#8221; diyerek k\u00fc\u00e7\u00fcms\u00fcyor. Sonra Cumhurba\u015fkan\u0131m\u0131za laf sokacak ya.. Banglade\u015f&#8217;le bile aram\u0131z bozuk &hellip;<\/p>\n","protected":false},"author":14,"featured_media":47418,"comment_status":"open","ping_status":"open","sticky":false,"template":"","format":"standard","meta":{"om_disable_all_campaigns":false,"_themeisle_gutenberg_block_has_review":false,"_joinchat":[],"footnotes":""},"categories":[56,38,43],"tags":[],"class_list":["post-24211","post","type-post","status-publish","format-standard","has-post-thumbnail","","category-emin","category-guncel","category-yazarlar"],"_links":{"self":[{"href":"https:\/\/akincilardergisi.com\/tr\/wp-json\/wp\/v2\/posts\/24211","targetHints":{"allow":["GET"]}}],"collection":[{"href":"https:\/\/akincilardergisi.com\/tr\/wp-json\/wp\/v2\/posts"}],"about":[{"href":"https:\/\/akincilardergisi.com\/tr\/wp-json\/wp\/v2\/types\/post"}],"author":[{"embeddable":true,"href":"https:\/\/akincilardergisi.com\/tr\/wp-json\/wp\/v2\/users\/14"}],"replies":[{"embeddable":true,"href":"https:\/\/akincilardergisi.com\/tr\/wp-json\/wp\/v2\/comments?post=24211"}],"version-history":[{"count":0,"href":"https:\/\/akincilardergisi.com\/tr\/wp-json\/wp\/v2\/posts\/24211\/revisions"}],"wp:featuredmedia":[{"embeddable":true,"href":"https:\/\/akincilardergisi.com\/tr\/wp-json\/wp\/v2\/media\/47418"}],"wp:attachment":[{"href":"https:\/\/akincilardergisi.com\/tr\/wp-json\/wp\/v2\/media?parent=24211"}],"wp:term":[{"taxonomy":"category","embeddable":true,"href":"https:\/\/akincilardergisi.com\/tr\/wp-json\/wp\/v2\/categories?post=24211"},{"taxonomy":"post_tag","embeddable":true,"href":"https:\/\/akincilardergisi.com\/tr\/wp-json\/wp\/v2\/tags?post=24211"}],"curies":[{"name":"wp","href":"https:\/\/api.w.org\/{rel}","templated":true}]}}