{"id":24144,"date":"2017-10-11T00:00:03","date_gmt":"2017-10-10T21:00:03","guid":{"rendered":"http:\/\/akincilardergisi.com\/dergi\/?p=24144"},"modified":"2023-11-05T13:26:03","modified_gmt":"2023-11-05T10:26:03","slug":"ayasofyanin-cigligi-buraya-gezmeye-degil-namaz-kilmaya-gelin-namaz","status":"publish","type":"post","link":"https:\/\/akincilardergisi.com\/tr\/ayasofyanin-cigligi-buraya-gezmeye-degil-namaz-kilmaya-gelin-namaz\/","title":{"rendered":"AYASOFYA\u2019NIN \u00c7I\u011eLI\u011eI: \u201cBURAYA GEZMEYE DE\u011e\u0130L NAMAZ KILMAYA GEL\u0130N NAMAZ\u201d"},"content":{"rendered":"<p style=\"text-align: justify\">Klavyenin ba\u015f\u0131na ge\u00e7ti\u011fimde yazmak istedi\u011fim konu ger\u00e7ekten elzem mi diye d\u00fc\u015f\u00fcnd\u00fcm. T\u00fcrkiye\u2019nin g\u00fcndemi bu kadar yo\u011fun, ele al\u0131nacak, de\u011ferlendirilecek, \u00fczerinde konu\u015fulacak o kadar \u00e7ok g\u00fcndem maddesi varken gerekli mi \u015fimdi diye i\u00e7imden ge\u00e7irdim. Duygular\u0131m bu konuda bir ad\u0131m \u00f6ne \u00e7\u0131kt\u0131 ve yazmaya karar verdim\u2026 Ne mi?<\/p>\n<p style=\"text-align: justify\">Ge\u00e7ti\u011fimiz hafta sonu Ayasofya\u2019y\u0131 ziyaret edelim dedik!. ( Neyin ziyareti ise art\u0131k! Camiyi ziyaret ediyordum i\u015fte!) Daha \u00f6nce gitmi\u015ftim ancak o tarihi duyguyu bir kez daha ya\u015famak niyetindeydim. Tarihi \u00f6zelliklerinden ziyade burada hissetti\u011fim duygular\u0131 aktarmak istiyorum\u2026<\/p>\n<p style=\"text-align: justify\">Caminin zemin kat\u0131ndaki izlenimlerimizi ald\u0131ktan sonra giri\u015f k\u0131sm\u0131n\u0131n sol yan\u0131ndaki ta\u015fl\u0131 yoldan yukar\u0131 do\u011fru \u00e7\u0131kt\u0131m. \u0130kinci kattan a\u015fa\u011f\u0131s\u0131n\u0131n g\u00f6r\u00fcnt\u00fcs\u00fc yaz\u0131 ile tarif edilemeyecek kadar etkileyici ve bir o kadar da duyguland\u0131r\u0131c\u0131, g\u00f6z ya\u015fart\u0131c\u0131yd\u0131 benim i\u00e7in. Ki \u00f6yle de oldu. Bir an g\u00f6zlerim doldu. Dayanamad\u0131m haliyle\u2026<\/p>\n<p style=\"text-align: justify\">1453 \u0130stanbul\u2019un Fethi nedeniyle fetih sembol\u00fc olarak camiye \u00e7evrilmi\u015f, daha sonra da 1934\u2019te m\u00fczeye \u00e7evrilmi\u015fti Ayasofya\u2026 O zamandan bu yana hasretle ve \u00f6zlemle i\u00e7inde namaz k\u0131l\u0131nmay\u0131 bekliyordu. Biz de tabi\u2026 Neyse anlatmak istedi\u011fimden kopmayal\u0131m\u2026<\/p>\n<p style=\"text-align: justify\">\u0130kinci katta gezerken turist oldu\u011funu d\u00fc\u015f\u00fcnd\u00fc\u011f\u00fcm iki ki\u015fiden biri Hz. \u0130sa\u2019n\u0131n duvardaki resmine kar\u015f\u0131 Hristiyanl\u0131\u011f\u0131n kutsama hareketini yapt\u0131. G\u00fclercesine, dalga ge\u00e7ercesine bir hareketti bu. \u00c7\u00fcnk\u00fc \u00f6yle yap\u0131lm\u0131\u015ft\u0131. Arkas\u0131ndaki arkada\u015f\u0131 da g\u00fclerek kar\u015f\u0131l\u0131k veriyordu ona.<\/p>\n<p style=\"text-align: justify\">O turistler kutsama hareketini yapt\u0131\u011f\u0131nda \u015f\u00f6yle bir d\u00fc\u015f\u00fcnd\u00fcm. Biz ne niyetle geliyoruz buraya, ne yap\u0131p gidiyoruz. Onlar g\u00fclercesine \u00e7\u0131k\u0131p giderken bizler i\u00e7imiz kan a\u011flaya a\u011flaya \u00e7\u0131k\u0131p gidiyoruz maalesef\u2026 17 as\u0131rl\u0131k caminin y\u0131llar\u0131n verdi\u011fi rutubet nedeniyle boyalar\u0131 d\u00f6k\u00fclm\u00fc\u015f duvarlar\u0131, buraya gezmek i\u00e7in de\u011fil namaz k\u0131lmak i\u00e7in gelin karde\u015fim diyordu adeta. Bu zulme bir son verin diyordu.<\/p>\n<p style=\"text-align: justify\">Duvarlar\u0131n bile ah\u0131n\u0131, g\u00f6zya\u015f\u0131n\u0131 hissetmek m\u00fcmk\u00fcn anlayaca\u011f\u0131n\u0131z\u2026 Ayasofya h\u00fczn\u00fcne ra\u011fmen hala bekliyor biz M\u00fcsl\u00fcmanlar\u0131. Tabi kolay de\u011fil tekrardan eski h\u00fcviyetine kavu\u015fturmak. Siyasi g\u00fc\u00e7 gerekiyor, ekonomik g\u00fc\u00e7 gerekiyor.<\/p>\n<p style=\"text-align: justify\">Asl\u0131nda i\u015fin kolay\u0131 var? Tabi biz bilemeyiz ne olur ne biter. Profes\u00f6r Mehmet \u00c7elik Hoca asl\u0131nda t\u00fcyo veriyordu \u0130hti\u015famdan Sefalete adl\u0131 kitab\u0131nda. Ayasofya\u2019n\u0131n a\u00e7\u0131lmas\u0131na kar\u015f\u0131l\u0131k biz de Ayasofya\u2019n\u0131n hemen yan\u0131ndaki Aya \u0130rini Kilisesini Hristiyanlar\u0131n ibadet yeri olarak a\u00e7al\u0131m diye bir \u00f6neride bulunmu\u015ftu. Tabi bu bir yerlere gitti mi, ula\u015ft\u0131 m\u0131 bilmem. Gerisi devlet b\u00fcy\u00fcklerine kalm\u0131\u015f. Ama \u015funu s\u00f6yleyeyim ki milyonlar o an\u0131 bekliyor\u2026 A\u011flarcas\u0131na\u2026<\/p>\n<p style=\"text-align: justify\"><strong>\u0130BRAH\u0130M YAVUZ <\/strong><\/p>\n","protected":false},"excerpt":{"rendered":"<p>Klavyenin ba\u015f\u0131na ge\u00e7ti\u011fimde yazmak istedi\u011fim konu ger\u00e7ekten elzem mi diye d\u00fc\u015f\u00fcnd\u00fcm. T\u00fcrkiye\u2019nin g\u00fcndemi bu kadar yo\u011fun, ele al\u0131nacak, de\u011ferlendirilecek, \u00fczerinde konu\u015fulacak o kadar \u00e7ok g\u00fcndem maddesi varken gerekli mi \u015fimdi diye i\u00e7imden ge\u00e7irdim. Duygular\u0131m bu konuda bir ad\u0131m \u00f6ne \u00e7\u0131kt\u0131 ve yazmaya karar verdim\u2026 Ne mi? Ge\u00e7ti\u011fimiz hafta sonu Ayasofya\u2019y\u0131 ziyaret edelim dedik!. ( Neyin &hellip;<\/p>\n","protected":false},"author":20,"featured_media":48521,"comment_status":"open","ping_status":"open","sticky":false,"template":"","format":"standard","meta":{"om_disable_all_campaigns":false,"_themeisle_gutenberg_block_has_review":false,"_joinchat":[],"footnotes":""},"categories":[38,57,43],"tags":[],"class_list":["post-24144","post","type-post","status-publish","format-standard","has-post-thumbnail","","category-guncel","category-ibrahim","category-yazarlar"],"_links":{"self":[{"href":"https:\/\/akincilardergisi.com\/tr\/wp-json\/wp\/v2\/posts\/24144","targetHints":{"allow":["GET"]}}],"collection":[{"href":"https:\/\/akincilardergisi.com\/tr\/wp-json\/wp\/v2\/posts"}],"about":[{"href":"https:\/\/akincilardergisi.com\/tr\/wp-json\/wp\/v2\/types\/post"}],"author":[{"embeddable":true,"href":"https:\/\/akincilardergisi.com\/tr\/wp-json\/wp\/v2\/users\/20"}],"replies":[{"embeddable":true,"href":"https:\/\/akincilardergisi.com\/tr\/wp-json\/wp\/v2\/comments?post=24144"}],"version-history":[{"count":0,"href":"https:\/\/akincilardergisi.com\/tr\/wp-json\/wp\/v2\/posts\/24144\/revisions"}],"wp:featuredmedia":[{"embeddable":true,"href":"https:\/\/akincilardergisi.com\/tr\/wp-json\/wp\/v2\/media\/48521"}],"wp:attachment":[{"href":"https:\/\/akincilardergisi.com\/tr\/wp-json\/wp\/v2\/media?parent=24144"}],"wp:term":[{"taxonomy":"category","embeddable":true,"href":"https:\/\/akincilardergisi.com\/tr\/wp-json\/wp\/v2\/categories?post=24144"},{"taxonomy":"post_tag","embeddable":true,"href":"https:\/\/akincilardergisi.com\/tr\/wp-json\/wp\/v2\/tags?post=24144"}],"curies":[{"name":"wp","href":"https:\/\/api.w.org\/{rel}","templated":true}]}}