{"id":23742,"date":"2017-09-26T07:40:38","date_gmt":"2017-09-26T04:40:38","guid":{"rendered":"http:\/\/akincilardergisi.com\/dergi\/?p=23742"},"modified":"2023-11-07T12:01:46","modified_gmt":"2023-11-07T09:01:46","slug":"seni-terk-eden-kalbimiz-kurusun","status":"publish","type":"post","link":"https:\/\/akincilardergisi.com\/tr\/seni-terk-eden-kalbimiz-kurusun\/","title":{"rendered":"SEN\u0130 TERK EDEN KALB\u0130M\u0130Z KURUSUN"},"content":{"rendered":"<p class=\"x_MsoNormal\" style=\"text-align: justify\">T\u00fcrk siyasi tarihi adam harcaman\u0131n \u00e7e\u015fitli \u00f6rnekleriyle doludur. Ayn\u0131 zamanda kendini harcayan ve harcatan adamlar\u0131n (!) \u00f6rnekleriyle de doludur. \u00c7ok d\u00fcr\u00fcst lider yak\u0131\u015ft\u0131rmal\u0131 (!) Ecevit, 15 Haziran 1977\u2019de kurdu\u011fu h\u00fck\u00fcmet cumhurba\u015fkan\u0131 Fahri Korut\u00fcrk taraf\u0131ndan onaylanm\u0131\u015ft\u0131. Ancak meclisten g\u00fcvenoyu alamad\u0131 ve d\u00fc\u015ft\u00fc. Demirel ba\u015fkanl\u0131\u011f\u0131nda ikinci milliyet\u00e7i cephe h\u00fck\u00fcmeti kuruldu. \u00c7ok d\u00fcr\u00fcst Ecevit,\u00a0<b>\u201cKumar borcu olmayan 11 milletvekili ar\u0131yorum.\u201d\u00a0<\/b>diyerek siyasi tarihimizin en ahlaks\u0131z icraat\u0131na imza atm\u0131\u015ft\u0131. \u0130stanbul\u2019da G\u00fcne\u015f Motel\u2019de g\u00f6r\u00fc\u015ft\u00fc\u011f\u00fc 11 Adalet Partili milletvekiline bakanl\u0131k s\u00f6z\u00fc vererek transfer etti ve milliyet\u00e7i cephe h\u00fck\u00fcmetini d\u00fc\u015f\u00fcrd\u00fc. Transfer etti\u011fi 11 milletvekiline de bakanl\u0131k verdi. En ilgin\u00e7 olan\u0131 ise okumas\u0131 ve yazmas\u0131 olmayan Ali Okulu mezunu Ali R\u0131za Septio\u011flu\u2019na meteorolojiden sorumlu devlet bakanl\u0131\u011f\u0131 g\u00f6revini verdi. Zavall\u0131 adam meteoroloji kelimesini bile s\u00f6yleyemiyordu. Kendini harcatma furyas\u0131 28 \u015eubat d\u00f6neminde de devam etti. Apoletlilerin sat\u0131n ald\u0131\u011f\u0131 vekiller, Do\u011fru Yol Partisi\u2019ni birer birer terk ederek Erbakan-\u00c7iller h\u00fck\u00fcmetinin d\u00fc\u015f\u00fcr\u00fclmesine ve hi\u00e7 alakas\u0131 olmayan bir oda ba\u015fkan\u0131n\u0131n h\u00fck\u00fcmet kurma g\u00f6revi almas\u0131na yol a\u00e7t\u0131lar. Bu tipler makam, mevki ve para i\u00e7in de\u011ferlerini pazara \u00e7\u0131karanlar\u0131n ahlaks\u0131zl\u0131klar\u0131yd\u0131. Bunlar ve buraya alamad\u0131\u011f\u0131m\u0131z daha niceleri T\u00fcrk siyasetindeki bu t\u00fcrden yozla\u015fman\u0131n \u00f6rnekleridir.<\/p>\n<p class=\"x_MsoNormal\" style=\"text-align: justify\">\u0130\u015fin bir ba\u015fka boyutu vard\u0131r ki bu da bizim mahallenin sakinlerinin aymazl\u0131klar\u0131d\u0131r. Bunlar genelde dinci tak\u0131m\u0131d\u0131r. Her \u015feyi bunlar bilir. Tarih bunlardan sorulur, edebiyat bunlardan sorulur, askerlik bunlardan sorulur, sanat bunlardan sorulur, din bunlardan sorulur. O kadar m\u00fcbarektirler(!) ki bilmedikleri hi\u00e7bir \u015fey yoktur. K\u00fclahta dondurma ikram etseniz mikrofon zannedip nutuk atmaya ba\u015flarlar. Tabanca dayasan benim bu konuda bilgim yok demezler, diyemezler. Bunca \u015feyi bilen siyaseti bilmez mi? Kitab\u0131n\u0131 yazarlar\u2026 Bu m\u00fcbareklere(!) adam be\u011fendiremedik. Bunlar\u0131n dedeleri ezan sesine hasret kald\u0131, bir k\u0131sm\u0131 ezan sesinin duyulmad\u0131\u011f\u0131 g\u00fcnlerde rahmetli oldu. Bu insanlar ezan sesi duyal\u0131m diye inin inim inledi ve bu u\u011furda neler \u00e7ektiler neler\u2026 Bilal kokulu davudi sese hasret kald\u0131lar. Ezana kavu\u015ftuklar\u0131nda ise bayram co\u015fkusu ya\u015fad\u0131lar. Ezan\u0131n serbest\u00e7e okundu\u011fu g\u00fcn halk nezdinde \u201cEzan Bayram\u0131\u201d olarak kutlan\u0131yordu. \u0130lk ezanlar okunmaya ba\u015flad\u0131\u011f\u0131nda (16 Haziran 1950) bunlar\u0131n dedeleri cami duvarlar\u0131n\u0131n dibinde, minarelerin g\u00f6lgesinde g\u00f6zya\u015flar\u0131 d\u00f6k\u00fcp h\u0131\u00e7k\u0131r\u0131klarla a\u011flad\u0131lar. Bunlar\u0131n babaanneleri uyuyan bebekleri uyand\u0131r\u0131p ezan dinletiyordu. Bu aymazlara dedelerinin, babalar\u0131n\u0131n g\u00f6zya\u015flar\u0131n\u0131 dindirenleri de be\u011fendiremedik. Nicelerini be\u011fendiremedi\u011fimiz gibi.<\/p>\n<p class=\"x_MsoNormal\" style=\"text-align: justify\">Biz size Sultan Abd\u00fclhamit\u2019i be\u011fendiremedik, d\u00fc\u015fmanlar\u0131n\u0131n ve d\u00fc\u015fmanl\u0131k yapanlar\u0131n ak\u0131betlerine bir bak\u0131n. Menderes\u2019i be\u011fendiremedik, \u00d6zal\u2019\u0131 be\u011fendiremedik, Erbakan\u2019\u0131 be\u011fendiremedik de Reisimizi mi be\u011fendirece\u011fiz? 28 \u015eubat\u2019\u0131n\u00a0<b>\u201cyer demir g\u00f6k bak\u0131r\u201d<\/b>\u00a0g\u00fcnlerini ne zaman unuttunuz? \u00d6n\u00fcne gelen M\u00fcsl\u00fcmanlara s\u00f6v\u00fcyordu. O g\u00fcnlerde sesi solu\u011fu \u00e7\u0131kmayan dinci hocalar, anl\u0131 \u015fanl\u0131 akademisyenler, tarih\u00e7iler, sanat\u00e7\u0131lar son on be\u015f y\u0131ld\u0131r televizyonlarda pi\u00e7 horoz gibi hop oturup hop kalk\u0131yorlar. 28 \u015eubat \u0130slama\/M\u00fcsl\u00fcmanlara yap\u0131lm\u0131\u015f bir darbeydi. Neleri elimizden ald\u0131lar, neleri almak istediler? Bunlar\u0131 unuttunuz mu? O g\u00fcn ah \u015fu ba\u015f\u00f6rt\u00fcs\u00fc diyordunuz de\u011fil mi? Akl\u0131m\u0131za dahi gelmeyen nice nimetlere gark olduk. \u015eimdilerde kadir k\u0131ymet bilmezlerden olduk \u00f6yle mi? Her \u015fey olup da bir t\u00fcrl\u00fc yerli ve milli olamad\u0131\u011f\u0131n\u0131z gibi bir de kendiniz olabilseniz ya. \u0130lla birilerinin a\u011fz\u0131yla konu\u015fup yazmak zorunda m\u0131s\u0131n\u0131z? Biz s\u00f6yleriz onlar dinlesin, biz yazar\u0131z onlar okuruz kafas\u0131n\u0131 art\u0131k b\u0131rak\u0131n.<\/p>\n<p class=\"x_MsoNormal\" style=\"text-align: justify\">D\u00fcnyan\u0131n bil umum k\u00e2firleri, \u0130slam d\u00fc\u015fmanlar\u0131, T\u00fcrk d\u00fc\u015fmanlar\u0131, T\u00fcrkiye d\u00fc\u015fmanlar\u0131 omuz omuza vermi\u015f Reis\u2019e sald\u0131r\u0131yor, siz ise homurdan\u0131yorsunuz. Reis Allah\u2019\u0131n r\u0131zas\u0131n\u0131 \u00f6nceledi\u011fi m\u00fcddet\u00e7e k\u00e2firler g\u00fcruhu d\u00fc\u015fmanl\u0131\u011f\u0131na devam edecek, siz de eften p\u00fcften sebeplerle homurdanmaya devam edin. Malum g\u00fcruha d\u00f6rt y\u0131l de\u011fil, d\u00f6rt ay verin 28 \u015eubat\u0131 mumla arars\u0131n\u0131z. Allah bizleri b\u00f6yle bir durumdan muhafaza eylesin. Ele\u015ftirmeyecek miyiz? Ele\u015ftir; ama homurdanma. Sen homurdan\u0131nca \u00f6teki senden ald\u0131\u011f\u0131 gazla sald\u0131r\u0131yor, Reis \u00fczerinden de\u011ferlerimize s\u00f6v\u00fcyor. Kininiz ve i\u00e7inde bulundu\u011funuz haset akl\u0131n\u0131z\u0131 \u00f6rtm\u00fc\u015f ve bunlar\u0131 g\u00f6rm\u00fcyorsunuz. Zaten siz neyi g\u00f6rd\u00fcn\u00fcz ki? G\u00f6z\u00fcn\u00fcze bata bata geliyorum diyen FET\u00d6\u2019y\u00fc bile g\u00f6rmediniz. \u015eimdilerde Reis\u2019e yol yordam g\u00f6steriyormu\u015f gibi yap\u0131p \u00e7akmaya kalk\u0131yorsunuz. Yemezler, ge\u00e7mi\u015fte \u00e7akt\u0131\u011f\u0131n\u0131z gibi yine \u00e7akacaks\u0131n\u0131z. Ne yaparsan\u0131z yap\u0131n, ne s\u00f6ylerseniz s\u00f6yleyin ve ne yazarsan\u0131z yaz\u0131n ama d\u00fc\u015fmanlar\u0131m\u0131zla ayn\u0131 safta yer almay\u0131n, onlar\u0131 sevindirmeyin. Siz bizi de be\u011fenmezsiniz, biz ta\u015fral\u0131y\u0131z ya; fakat unutmay\u0131n bizden ba\u015fka seveniniz de olmaz.<\/p>\n<p class=\"x_MsoNormal\" style=\"text-align: justify\">Ulu Hakan Abd\u00fclhamit\u2019in hayallerini birer birer ger\u00e7ekle\u015ftiren, \u00fcmmeti y\u00fcz y\u0131l aradan sonra yeniden heyecanland\u0131ran Reisimiz! Rabbimizin r\u0131zas\u0131n\u0131 \u00f6nceledi\u011finiz m\u00fcddet\u00e7e,\u00a0 aziz \u00fcmmetimizin duas\u0131 sizinle beraberdir. Birilerinin aymazl\u0131klar\u0131na bakarak seni terk edecek olursak kalbimiz kurusun.<\/p>\n<p class=\"x_MsoNormal\" style=\"text-align: justify\">\u00a0<b>\u00d6mer Naci YILMAZ<\/b><\/p>\n","protected":false},"excerpt":{"rendered":"<p>T\u00fcrk siyasi tarihi adam harcaman\u0131n \u00e7e\u015fitli \u00f6rnekleriyle doludur. Ayn\u0131 zamanda kendini harcayan ve harcatan adamlar\u0131n (!) \u00f6rnekleriyle de doludur. \u00c7ok d\u00fcr\u00fcst lider yak\u0131\u015ft\u0131rmal\u0131 (!) Ecevit, 15 Haziran 1977\u2019de kurdu\u011fu h\u00fck\u00fcmet cumhurba\u015fkan\u0131 Fahri Korut\u00fcrk taraf\u0131ndan onaylanm\u0131\u015ft\u0131. Ancak meclisten g\u00fcvenoyu alamad\u0131 ve d\u00fc\u015ft\u00fc. Demirel ba\u015fkanl\u0131\u011f\u0131nda ikinci milliyet\u00e7i cephe h\u00fck\u00fcmeti kuruldu. \u00c7ok d\u00fcr\u00fcst Ecevit,\u00a0\u201cKumar borcu olmayan 11 milletvekili &hellip;<\/p>\n","protected":false},"author":26,"featured_media":48521,"comment_status":"open","ping_status":"open","sticky":false,"template":"","format":"standard","meta":{"om_disable_all_campaigns":false,"_themeisle_gutenberg_block_has_review":false,"_joinchat":[],"footnotes":""},"categories":[38,54,43],"tags":[],"class_list":["post-23742","post","type-post","status-publish","format-standard","has-post-thumbnail","","category-guncel","category-omer","category-yazarlar"],"_links":{"self":[{"href":"https:\/\/akincilardergisi.com\/tr\/wp-json\/wp\/v2\/posts\/23742","targetHints":{"allow":["GET"]}}],"collection":[{"href":"https:\/\/akincilardergisi.com\/tr\/wp-json\/wp\/v2\/posts"}],"about":[{"href":"https:\/\/akincilardergisi.com\/tr\/wp-json\/wp\/v2\/types\/post"}],"author":[{"embeddable":true,"href":"https:\/\/akincilardergisi.com\/tr\/wp-json\/wp\/v2\/users\/26"}],"replies":[{"embeddable":true,"href":"https:\/\/akincilardergisi.com\/tr\/wp-json\/wp\/v2\/comments?post=23742"}],"version-history":[{"count":0,"href":"https:\/\/akincilardergisi.com\/tr\/wp-json\/wp\/v2\/posts\/23742\/revisions"}],"wp:featuredmedia":[{"embeddable":true,"href":"https:\/\/akincilardergisi.com\/tr\/wp-json\/wp\/v2\/media\/48521"}],"wp:attachment":[{"href":"https:\/\/akincilardergisi.com\/tr\/wp-json\/wp\/v2\/media?parent=23742"}],"wp:term":[{"taxonomy":"category","embeddable":true,"href":"https:\/\/akincilardergisi.com\/tr\/wp-json\/wp\/v2\/categories?post=23742"},{"taxonomy":"post_tag","embeddable":true,"href":"https:\/\/akincilardergisi.com\/tr\/wp-json\/wp\/v2\/tags?post=23742"}],"curies":[{"name":"wp","href":"https:\/\/api.w.org\/{rel}","templated":true}]}}