{"id":23580,"date":"2017-09-20T00:00:12","date_gmt":"2017-09-19T21:00:12","guid":{"rendered":"http:\/\/akincilardergisi.com\/dergi\/?p=23580"},"modified":"2023-11-05T13:26:04","modified_gmt":"2023-11-05T10:26:04","slug":"siha-da-ne-giha-geliyor-giha","status":"publish","type":"post","link":"https:\/\/akincilardergisi.com\/tr\/siha-da-ne-giha-geliyor-giha\/","title":{"rendered":"\u201cS\u0130HA DA NE, G\u0130HA GEL\u0130YOR G\u0130HA\u201d"},"content":{"rendered":"<p style=\"text-align: justify\">Ge\u00e7ti\u011fimiz cumartesi Uluslararas\u0131 Vuslat Platformu\u2019nun d\u00fczenlemi\u015f oldu\u011fu <strong>\u201cSavunma Sanayisinde Milli ve \u00d6zg\u00fcn Projelerin \u00d6nemi\u201d <\/strong>adl\u0131 konferansa kat\u0131ld\u0131k. Konferans\u0131n konu\u011fu Baykar Teknik M\u00fcd\u00fcr\u00fc ve T3 Vakf\u0131 M\u00fctevelli Heyeti Ba\u015fkan\u0131 <strong>Sel\u00e7uk Bayraktar, <\/strong>savunma sanayi ile ilgili \u00e7ok \u00f6nemli a\u00e7\u0131klamalarda bulundu.<\/p>\n<p style=\"text-align: justify\">Sel\u00e7uk Bayraktar Osmanl\u0131 d\u00f6neminden bug\u00fcne kadar havac\u0131l\u0131k sekt\u00f6r\u00fcn\u00fcn gelece\u011fi ile ilgili bilgi verdi. Konferans\u0131n ana temas\u0131 asl\u0131nda tek bir \u00e7at\u0131 alt\u0131nda toplanm\u0131\u015ft\u0131. Bu anlamda Bayraktar, g\u00fcn\u00fcm\u00fcz T\u00fcrkiye\u2019sinde havac\u0131l\u0131k sekt\u00f6r\u00fcn\u00fcn-savunma sanayisinin milli ve \u00f6zg\u00fcn bir niteli\u011fe sahip olmas\u0131 \u00fczerinde \u0131srarla durdu.<\/p>\n<p style=\"text-align: justify\">Asl\u0131na bakt\u0131\u011f\u0131m\u0131zda bu \u00e7ok \u00f6nemli bir konu. \u00c7\u00fcnk\u00fc biz T\u00fcrkiye olarak otuz be\u015f senedir PKK ile m\u00fccadele ediyoruz. Son d\u00f6nemde de Suriye\u2019de oynanmaya ba\u015flanan oyunlarla DAE\u015e, PYD, YPG gibi sonradan ortaya \u00e7\u0131kar\u0131lan ter\u00f6r \u00f6rg\u00fctleri ile yo\u011fun bir \u015fekilde m\u00fccadele ediyoruz. Bu m\u00fccadelelerimizde binlerce \u015fehit verdik.<\/p>\n<p style=\"text-align: justify\">Durum son d\u00f6nemlere kadar m\u00fccadele olarak g\u00f6r\u00fcn\u00fcyordu ama asl\u0131nda \u00f6yle de\u011fildi. PKK\u2019l\u0131 ter\u00f6ristlerin bulundu\u011fu koordinatlar\u0131 bize ABD veriyordu, sonra da PKK\u2019l\u0131 ter\u00f6ristlere haber sal\u0131n\u0131p T\u00fcrkiye \u015fu\u2026\u015fu koordinatlar\u0131 bombalayacak derhal oray\u0131 bo\u015falt\u0131n diyordu. Biz de bombo\u015f da\u011f\u0131 ta\u015f\u0131 bombal\u0131yorduk. Yani askeri harek\u00e2tlar\u0131m\u0131z tamamen ABD taraf\u0131ndan y\u00f6nlendiriliyordu.<\/p>\n<p style=\"text-align: justify\">\u00c7\u00fcnk\u00fc ne silah\u0131m\u0131z bizimdi ne de herhangi askeri bir te\u00e7hizat\u0131m\u0131z. Allah\u2019\u0131m\u0131za binlerce \u015f\u00fck\u00fcrler olsun ki bu \u00e7aresiz g\u00fcnleri a\u015ft\u0131k. \u015eimdi y\u00f6n\u00fcm\u00fcz\u00fc tam olarak millili\u011fe d\u00f6nd\u00fcrmeye ba\u015flad\u0131k. Sel\u00e7uk Bayraktar\u2019\u0131n dedi\u011fine g\u00f6re savunma sanayisinde yerlilikte %55-%60\u2019lar seviyesine geldik elhamd\u00fclillah.<\/p>\n<p style=\"text-align: justify\">Hem PKK hem de di\u011fer ter\u00f6r \u00f6rg\u00fctleri ile m\u00fccadele ederken yerli ve milli S\u0130HA ve \u0130HA\u2019lar\u0131m\u0131z\u0131 kullan\u0131yoruz.\u00a0 Bayraktar bu anlamda \u00fcrettikleri mini \u0130HA\u2019lar\u0131n ve Bayraktar TB2 \u0130HA\u2019lar\u0131n ter\u00f6rle m\u00fccadelede b\u00fcy\u00fck bir \u00f6neme sahip oldu\u011funu vurgulad\u0131.<\/p>\n<p style=\"text-align: justify\">Sel\u00e7uk Bayraktar, ter\u00f6r \u00f6rg\u00fct\u00fcne mensup ter\u00f6ristleri %100 tespit edebilen bu ara\u00e7lar\u0131n sivil-ter\u00f6rist ayr\u0131m\u0131 noktas\u0131nda da b\u00fcy\u00fck bir beceriye sahip oldu\u011funu s\u00f6yledi. Bu ara\u00e7lar sonu\u00e7ta bir insan beynine sahip de\u011fil. Havada tespit i\u00e7in dola\u015fan \u0130HA\u2019lar, tespit ettikleri ter\u00f6ristleri bir kontrol mekanizmas\u0131 dahilinde do\u011fruluyor. Yani \u0130HA\u2019lar\u0131, S\u0130HA\u2019lar\u0131 y\u00f6nlediren bu i\u015fin uzmanlar\u0131 var. Hata pay\u0131 %0 d\u00fczeyinde. \u00dcstten ter\u00f6ristlerin tespiti yap\u0131l\u0131yor ve kesin sonu\u00e7 elde edildi\u011finde S\u0130HA ve \u0130HA\u2019lara emir verilerek ter\u00f6ristlerin imhas\u0131 ger\u00e7ekle\u015ftiriliyor.<\/p>\n<p style=\"text-align: justify\">Bunu neden s\u00f6yledik? Hani baz\u0131 cenahlar a\u011f\u0131zlar\u0131nda sak\u0131z etmi\u015flerdi ya \u0130HA\u2019lar\u0131n, S\u0130HA\u2019lar\u0131n \u00e7obanlar\u0131 hedef ald\u0131\u011f\u0131n\u0131 vs. vs. Yok \u00f6yle bir \u015fey. Sel\u00e7uk Bayraktar konferanstaki sunumunda her \u015feyi apa\u00e7\u0131k ispatl\u0131yordu. Baz\u0131lar\u0131n\u0131n \u00e7oban dediklerinin b\u0131\u00e7ak a\u011fz\u0131 gibi da\u011flar\u0131n tepesinde i\u015fi ne? \u0130\u015fin daha garip taraf\u0131 da roketatar\u0131n ne i\u015fi var \u00e7obanlar\u0131n yan\u0131nda? Oyun mu oynuyorlar yoksa! Hi\u00e7 sanmam. Onlar ter\u00f6ristti, \u00fcstelik s\u0131\u011f\u0131naklar\u0131 da vard\u0131\u2026<\/p>\n<p style=\"text-align: justify\">Bu anlamda Sel\u00e7uk Bayraktar\u2019a bu \u00e7al\u0131\u015fmas\u0131ndan dolay\u0131 sonsuz minnettar\u0131z. Millilikte, yerlilikte ve \u00f6zg\u00fcnl\u00fckte s\u0131n\u0131rlar\u0131 a\u015fmaya devam edece\u011fiz. Tamamen milli ve yerli olana kadar. Baz\u0131lar\u0131 rahats\u0131z olsa da bunun devam\u0131 gelecek. Hangi \u00fclke rahats\u0131z olursa olsun. Cumhurba\u015fkan\u0131m\u0131z Recep Tayyip Erdo\u011fan\u2019\u0131n da dedi\u011fi gibi, madem satm\u0131yorsunuz sonu\u00e7lar\u0131na da katlan\u0131rs\u0131n\u0131z. Gerisi size kalm\u0131\u015f. Ha \u015fu da var. Sak\u0131n g\u00fczel \u00fclkemizin kafas\u0131n\u0131 bozmay\u0131n. Devam\u0131 daha da bomba gibi gelecek. O da ne mi? G\u0130HA. Yani G\u00d6R\u00dcNMEZ \u0130NSANSIZ HAVA ARACI. Sen yapars\u0131n T\u00fcrkiye\u2019m. Sinyali ald\u0131k. Biz bekliyoruz. Yapar\u0131z in\u015fallah\u2026<\/p>\n<p style=\"text-align: justify\"><strong>\u0130BRAH\u0130M YAVUZ<\/strong><\/p>\n","protected":false},"excerpt":{"rendered":"<p>Ge\u00e7ti\u011fimiz cumartesi Uluslararas\u0131 Vuslat Platformu\u2019nun d\u00fczenlemi\u015f oldu\u011fu \u201cSavunma Sanayisinde Milli ve \u00d6zg\u00fcn Projelerin \u00d6nemi\u201d adl\u0131 konferansa kat\u0131ld\u0131k. Konferans\u0131n konu\u011fu Baykar Teknik M\u00fcd\u00fcr\u00fc ve T3 Vakf\u0131 M\u00fctevelli Heyeti Ba\u015fkan\u0131 Sel\u00e7uk Bayraktar, savunma sanayi ile ilgili \u00e7ok \u00f6nemli a\u00e7\u0131klamalarda bulundu. Sel\u00e7uk Bayraktar Osmanl\u0131 d\u00f6neminden bug\u00fcne kadar havac\u0131l\u0131k sekt\u00f6r\u00fcn\u00fcn gelece\u011fi ile ilgili bilgi verdi. Konferans\u0131n ana temas\u0131 asl\u0131nda &hellip;<\/p>\n","protected":false},"author":20,"featured_media":48521,"comment_status":"open","ping_status":"open","sticky":false,"template":"","format":"standard","meta":{"om_disable_all_campaigns":false,"_themeisle_gutenberg_block_has_review":false,"_joinchat":[],"footnotes":""},"categories":[38,57,43],"tags":[],"class_list":["post-23580","post","type-post","status-publish","format-standard","has-post-thumbnail","","category-guncel","category-ibrahim","category-yazarlar"],"_links":{"self":[{"href":"https:\/\/akincilardergisi.com\/tr\/wp-json\/wp\/v2\/posts\/23580","targetHints":{"allow":["GET"]}}],"collection":[{"href":"https:\/\/akincilardergisi.com\/tr\/wp-json\/wp\/v2\/posts"}],"about":[{"href":"https:\/\/akincilardergisi.com\/tr\/wp-json\/wp\/v2\/types\/post"}],"author":[{"embeddable":true,"href":"https:\/\/akincilardergisi.com\/tr\/wp-json\/wp\/v2\/users\/20"}],"replies":[{"embeddable":true,"href":"https:\/\/akincilardergisi.com\/tr\/wp-json\/wp\/v2\/comments?post=23580"}],"version-history":[{"count":0,"href":"https:\/\/akincilardergisi.com\/tr\/wp-json\/wp\/v2\/posts\/23580\/revisions"}],"wp:featuredmedia":[{"embeddable":true,"href":"https:\/\/akincilardergisi.com\/tr\/wp-json\/wp\/v2\/media\/48521"}],"wp:attachment":[{"href":"https:\/\/akincilardergisi.com\/tr\/wp-json\/wp\/v2\/media?parent=23580"}],"wp:term":[{"taxonomy":"category","embeddable":true,"href":"https:\/\/akincilardergisi.com\/tr\/wp-json\/wp\/v2\/categories?post=23580"},{"taxonomy":"post_tag","embeddable":true,"href":"https:\/\/akincilardergisi.com\/tr\/wp-json\/wp\/v2\/tags?post=23580"}],"curies":[{"name":"wp","href":"https:\/\/api.w.org\/{rel}","templated":true}]}}