{"id":23229,"date":"2017-09-08T00:00:50","date_gmt":"2017-09-07T21:00:50","guid":{"rendered":"http:\/\/akincilardergisi.com\/dergi\/?p=23229"},"modified":"2023-11-05T13:26:05","modified_gmt":"2023-11-05T10:26:05","slug":"kuyruk-acisi-ii","status":"publish","type":"post","link":"https:\/\/akincilardergisi.com\/tr\/kuyruk-acisi-ii\/","title":{"rendered":"KUYRUK ACISI -II-"},"content":{"rendered":"<p style=\"text-align: justify\">\u00d6nceki yaz\u0131m\u0131zda oduncu-y\u0131lan hikayesini anlatm\u0131\u015ft\u0131k. Bu yaz\u0131m\u0131zda da Almanya&#8217;n\u0131n T\u00fcrkiye d\u00fc\u015fmanl\u0131\u011f\u0131 ile bu hikayeyi ba\u011fda\u015ft\u0131raca\u011f\u0131z&#8230;<\/p>\n<p style=\"text-align: justify\">&#8230;T\u00fcrkiye 1963&#8217;ten beri AB&#8217;ye girme yolunda \u00e7ok ad\u0131mlar att\u0131. M\u00fczakerelerin ard\u0131 arkas\u0131 kesilmedi. Ama yine de T\u00fcrkiye&#8217;yi AB&#8217;ye almad\u0131lar. Bunun nedeni \u00e7ok a\u00e7\u0131k, hoplamaya z\u0131plamaya hi\u00e7 gerek yok. &#8220;Sen M\u00fcsl\u00fcman bir \u00fclkesin karde\u015fim. Biz ise Hristiyan bir toplulu\u011fuz, birli\u011fiz. Sizin bizim i\u00e7imizde yeriniz yok.&#8221; dediler. Bunu alenen dillendirmeseler bile \u015fuur altlar\u0131nda hep bu duygu var ve de olacak&#8230;<\/p>\n<p style=\"text-align: justify\">Nedenini aramak i\u00e7in \u00e7ok d\u00fc\u015f\u00fcnmeye de gerek yok. Sel\u00e7uklular ve Osmanl\u0131 ile \u00e7ok \u00e7ektiklerini d\u00fc\u015f\u00fcn\u00fcyorlar. \u00c7\u00fcnk\u00fc bizi Viyana kap\u0131lar\u0131na kadar durduramad\u0131lar. Alparslan ile beraber Malazgirt&#8217;te bozguna u\u011fratt\u0131k, Anadolu&#8217;nun kap\u0131lar\u0131n\u0131 a\u00e7t\u0131k, Varna&#8217;da yendik, Preveze&#8217;de yendik, Moha\u00e7&#8217;ta Ha\u00e7l\u0131 Ordusunu iki saatte yerle bir ettik. En son da \u00c7anakkale&#8217;de Ha\u00e7l\u0131 s\u00fcpr\u00fcnt\u00fclerini denize yollad\u0131k&#8230;<\/p>\n<p style=\"text-align: justify\">Bu KUYRUK ACISI onlarda olmas\u0131n da kimde olsun! 1. D\u00fcnya Sava\u015f\u0131 ile bu kuyruk ac\u0131s\u0131n\u0131n \u00f6c\u00fcn\u00fc ald\u0131lar, Osmanl\u0131&#8217;y\u0131 b\u00f6l\u00fcp par\u00e7alad\u0131lar. Yeni suni devletler kurdular. 94 YILLIK Cumhuriyet tarihimizde de hep bunun ac\u0131s\u0131n\u0131 \u00e7\u0131karmaya \u00e7al\u0131\u015ft\u0131lar. 15 Temmuzu s\u00f6ylemeye herhalde hi\u00e7 gerek yok. En b\u00fcy\u00fck ihanet hareketi&#8230; Ama onu da ba\u015faramad\u0131lar. Devlet milleti ile beraber oldu ve al\u00e7ak giri\u015fimi de bertaraf etti&#8230;<\/p>\n<p style=\"text-align: justify\">Hala da bu ac\u0131 devam ediyor ki hala T\u00fcrkiye&#8217;ye sald\u0131rmaktan vazge\u00e7miyorlar. \u0130\u015fte bunun \u00f6rne\u011fini Almanya&#8217;da g\u00f6rd\u00fck. Almanya&#8217;da genel se\u00e7imlere \u00e7ok az kald\u0131. Almanya \u015eans\u00f6lyesi Merkel ile Ba\u015fbakan aday\u0131 Martin Shulz Alman Televizyon kanal\u0131nda kozlar\u0131n\u0131 payla\u015f\u0131rlarken bir ara i\u00e7 polemik s\u00f6ylemleri b\u0131rak\u0131p rotalar\u0131n\u0131 T\u00fcrkiye&#8217;ye \u00e7evirdiler.<\/p>\n<p style=\"text-align: justify\">Bunu yapmalar\u0131n\u0131n amac\u0131 hi\u00e7 ku\u015fkusuz T\u00fcrkiye&#8217;yi AB&#8217;nin kap\u0131s\u0131ndaki sorun olarak g\u00f6stererek kendi i\u00e7 siyasetlerinde prim olarak kullanmak, T\u00fcrkiye&#8217;ye kar\u015f\u0131 d\u00fc\u015fmanl\u0131k taslayarak kendi se\u00e7menlerinden oy almaya \u00e7al\u0131\u015fmak. \u00c7\u00fcnk\u00fc bunu yapmasalar ba\u015fka malzeme yok. Biz en iyi yine T\u00fcrkiye&#8217;ye d\u00fc\u015fmanl\u0131k yapal\u0131m bu yolla da se\u00e7menin g\u00f6nl\u00fcn\u00fc kazanm\u0131\u015f oluruz diyorlar kendi kendilerine&#8230;<\/p>\n<p style=\"text-align: justify\">Bir yandan Merkel \u00e7\u0131k\u0131p AB&#8217;nin T\u00fcrkiye ile olan ili\u015fkileri k\u00f6t\u00fcye gidiyor diyor bir yandan da Shulz Ba\u015fbakan olursam T\u00fcrkiye ile AB m\u00fczakerelerini durduraca\u011f\u0131m diyor. Asl\u0131nda bunlar\u0131 ne ama\u00e7la s\u00f6ylediklerini pek kestiremiyorlar. T\u00fcrkiye \u00fczerinden politika \u00fcreterek kendi sorunlar\u0131n\u0131 gizlemeye \u00e7al\u0131\u015f\u0131yorlar. Bu sadece Almanya i\u00e7in de\u011fil di\u011fer baz\u0131 Avrupa \u00fclkeleri i\u00e7in de ge\u00e7erli&#8230; Sonu\u00e7ta ne oluyor, T\u00fcrkiye&#8217;den sert s\u00f6ylemler gelmeye ba\u015flay\u0131nca i\u015fi yumu\u015fak s\u00f6ylemlere d\u00f6kmeye \u00e7eviriyorlar. Tabi art\u0131k medyam\u0131z da devlet akl\u0131m\u0131z da bu numaralar\u0131 yemiyor&#8230;<\/p>\n<p style=\"text-align: justify\">Velhas\u0131l durum b\u00f6yle. Hani anlatt\u0131k ya bir \u00f6nceki yaz\u0131m\u0131zda kuyruk ac\u0131s\u0131 hikayesini. Bunlar\u0131 yapmalar\u0131n\u0131n nedeni T\u00fcrkiye&#8217;nin M\u00fcsl\u00fcman bir \u00fclke olmas\u0131. Onlar\u0131n kuyruk ac\u0131s\u0131 da bu nedenden. Yoksa az\u0131c\u0131k devlet akl\u0131 ile hareket etseler T\u00fcrkiye&#8217;nin gelecek projeler i\u00e7in \u00f6nemini fark ederler.<\/p>\n<p style=\"text-align: justify\">Eee onlarda bu kuyruk ac\u0131s\u0131 bizde de \u015fehitlerimizin, d\u00f6kt\u00fckleri kanlar\u0131n ac\u0131s\u0131 oldu\u011fu m\u00fcddet\u00e7e onlardan da bize dost olmayacak. \u0130ki art\u0131 iki d\u00f6rt&#8230;<\/p>\n<p style=\"text-align: justify\">Selam ve dua ile&#8230;<\/p>\n<p style=\"text-align: justify\"><strong>\u0130BRAH\u0130M YAVUZ<\/strong><\/p>\n","protected":false},"excerpt":{"rendered":"<p>\u00d6nceki yaz\u0131m\u0131zda oduncu-y\u0131lan hikayesini anlatm\u0131\u015ft\u0131k. Bu yaz\u0131m\u0131zda da Almanya&#8217;n\u0131n T\u00fcrkiye d\u00fc\u015fmanl\u0131\u011f\u0131 ile bu hikayeyi ba\u011fda\u015ft\u0131raca\u011f\u0131z&#8230; &#8230;T\u00fcrkiye 1963&#8217;ten beri AB&#8217;ye girme yolunda \u00e7ok ad\u0131mlar att\u0131. M\u00fczakerelerin ard\u0131 arkas\u0131 kesilmedi. Ama yine de T\u00fcrkiye&#8217;yi AB&#8217;ye almad\u0131lar. Bunun nedeni \u00e7ok a\u00e7\u0131k, hoplamaya z\u0131plamaya hi\u00e7 gerek yok. &#8220;Sen M\u00fcsl\u00fcman bir \u00fclkesin karde\u015fim. Biz ise Hristiyan bir toplulu\u011fuz, birli\u011fiz. Sizin &hellip;<\/p>\n","protected":false},"author":20,"featured_media":48521,"comment_status":"open","ping_status":"open","sticky":false,"template":"","format":"standard","meta":{"om_disable_all_campaigns":false,"_themeisle_gutenberg_block_has_review":false,"_joinchat":[],"footnotes":""},"categories":[38,57,43],"tags":[],"class_list":["post-23229","post","type-post","status-publish","format-standard","has-post-thumbnail","","category-guncel","category-ibrahim","category-yazarlar"],"_links":{"self":[{"href":"https:\/\/akincilardergisi.com\/tr\/wp-json\/wp\/v2\/posts\/23229","targetHints":{"allow":["GET"]}}],"collection":[{"href":"https:\/\/akincilardergisi.com\/tr\/wp-json\/wp\/v2\/posts"}],"about":[{"href":"https:\/\/akincilardergisi.com\/tr\/wp-json\/wp\/v2\/types\/post"}],"author":[{"embeddable":true,"href":"https:\/\/akincilardergisi.com\/tr\/wp-json\/wp\/v2\/users\/20"}],"replies":[{"embeddable":true,"href":"https:\/\/akincilardergisi.com\/tr\/wp-json\/wp\/v2\/comments?post=23229"}],"version-history":[{"count":0,"href":"https:\/\/akincilardergisi.com\/tr\/wp-json\/wp\/v2\/posts\/23229\/revisions"}],"wp:featuredmedia":[{"embeddable":true,"href":"https:\/\/akincilardergisi.com\/tr\/wp-json\/wp\/v2\/media\/48521"}],"wp:attachment":[{"href":"https:\/\/akincilardergisi.com\/tr\/wp-json\/wp\/v2\/media?parent=23229"}],"wp:term":[{"taxonomy":"category","embeddable":true,"href":"https:\/\/akincilardergisi.com\/tr\/wp-json\/wp\/v2\/categories?post=23229"},{"taxonomy":"post_tag","embeddable":true,"href":"https:\/\/akincilardergisi.com\/tr\/wp-json\/wp\/v2\/tags?post=23229"}],"curies":[{"name":"wp","href":"https:\/\/api.w.org\/{rel}","templated":true}]}}