{"id":23043,"date":"2017-08-30T08:22:15","date_gmt":"2017-08-30T05:22:15","guid":{"rendered":"http:\/\/akincilardergisi.com\/dergi\/?p=23043"},"modified":"2023-11-05T13:26:06","modified_gmt":"2023-11-05T10:26:06","slug":"baykaldan-sahte-inciler","status":"publish","type":"post","link":"https:\/\/akincilardergisi.com\/tr\/baykaldan-sahte-inciler\/","title":{"rendered":"BAYKAL&#8217;DAN SAHTE \u0130NC\u0130LER"},"content":{"rendered":"<p style=\"text-align: justify\">T\u00fcrkiye&#8217;nin m\u00fccadelesinin tek y\u00f6nl\u00fc olmad\u0131\u011f\u0131n\u0131 her f\u0131rsatta s\u00f6yl\u00fcyoruz. Bir tarafta Suriye&#8217;de verilen var olma m\u00fccadelesi bir tarafta da YEN\u0130 D\u00dcNYA D\u00dcZEN\u0130 i\u00e7erisinde yapt\u0131\u011f\u0131m\u0131z k\u00f6\u015fe kapmaca. Tabi bunlar i\u015fin d\u0131\u015f m\u00fccadele y\u00f6n\u00fc. Bir de i\u00e7eride u\u011fra\u015ft\u0131\u011f\u0131m\u0131z muhalefet belas\u0131 var. Art\u0131k dillere pelesenk oldu muhalefete y\u00fcklenmek ama bunu Recep Tayyip Erdo\u011fan \u00fczerinden yapt\u0131klar\u0131 i\u00e7in kaleme almak da gerekiyor diye d\u00fc\u015f\u00fcn\u00fcyorum&#8230;<\/p>\n<p style=\"text-align: justify\">CHP Antalya Milletvekili Deniz Baykal as\u0131ls\u0131z iddia olarak niteleyebilece\u011fimiz a\u00e7\u0131klamalara imza att\u0131 veya ona b\u00f6yle bir a\u00e7\u0131klaman\u0131n yap\u0131lmas\u0131 emredildi. Olabilir mi olabilir elbette. Sonu\u00e7ta kaset kumpas\u0131 ile birlikte koltu\u011fundan edildikten sonra sesi hi\u00e7 \u00e7\u0131kmayanlardan biri o da. Belki de yeni tehditler alt\u0131ndad\u0131r!<\/p>\n<p style=\"text-align: justify\">Gelin biz onun a\u00e7\u0131klamalar\u0131na bir g\u00f6z atal\u0131m:<\/p>\n<p style=\"text-align: justify\">Baykal FET\u00d6&#8217;c\u00fc firmalar\u0131 savunarak, <strong>&#8216;<\/strong><span style=\"font-weight: bold\">&#8216;\u00dclkemizde son g\u00fcnlerde \u00e7\u0131kan KHK&#8217;lerin, eskilerin de\u011fi\u015ftirilmesi i\u00e7in \u00e7\u0131kar\u0131ld\u0131\u011f\u0131n\u0131 h\u00fck\u00fcmetin 15 Temmuz darbe giri\u015fiminden sonra baz\u0131 \u015firket ve firmalara kayyum atad\u0131\u011f\u0131n\u0131 belirterek, \u201cBu kayyumlar 80 bin TL maa\u015fla \u00e7al\u0131\u015ft\u0131. Bu yolla \u00e7ok say\u0131da \u015firket ve firma yok oldu&#8221;\u00a0<\/span>a\u00e7\u0131klamalar\u0131nda bulundu.<\/p>\n<p style=\"text-align: justify\">Bir kere \u015funun fark\u0131na varamam\u0131\u015f veya bilerek b\u00f6yle bir a\u00e7\u0131klaman\u0131n alt\u0131na imza atm\u0131\u015f. Bu \u015firketlerin ba\u015f\u0131m\u0131za gelen en b\u00fcy\u00fck ter\u00f6r \u00f6rg\u00fct\u00fcne yard\u0131m ve yatakl\u0131k etti\u011fi kan\u0131tlanm\u0131\u015f \u00f6yle de\u011fil mi? \u00d6yleyse bunlar\u0131n faaliyetlerinin durdurulmas\u0131nda ne gibi bir sak\u0131nca var! Bunlar\u0131n yerine daha milli \u015firketlerimiz, firmalar\u0131m\u0131z ge\u00e7ti ve ge\u00e7ecektir. Maksat ba\u011fc\u0131y\u0131 d\u00f6vmek ama yutmuyoruz tabi!<\/p>\n<p style=\"text-align: justify\">Hedefinde tabiki Tayyip Erdo\u011fan vard\u0131. Onun parti ba\u015fkanl\u0131\u011f\u0131na ge\u00e7tikten sonraki plan ve programlar\u0131na dem vurarak \u015funlar\u0131 s\u00f6yl\u00fcyor teraneden:<\/p>\n<p style=\"text-align: justify\"><span style=\"font-weight: bold\">&#8220;\u015eimdi onu bir tela\u015f ald\u0131. Daha se\u00e7ime 2 y\u0131l var. A\u011fz\u0131ndan 2019&#8217;u d\u00fc\u015f\u00fcrm\u00fcyor. Art\u0131k milletle inatla\u015f\u0131lmayaca\u011f\u0131n\u0131 g\u00f6rd\u00fc. Neymi\u015f de metal yorgunlu\u011fu varm\u0131\u015f. Hepsi hik\u00e2ye, tela\u015f ba\u015flad\u0131. Her \u00e7\u0131k\u0131\u015f\u0131n bir ini\u015fi vard\u0131r. Art\u0131k \u00e7\u00f6k\u00fc\u015f ba\u015flad\u0131. Tela\u015f ondand\u0131r&#8221;<\/span><\/p>\n<p style=\"text-align: justify\">Daha ne diyeyim vallahi bilemiyorum. Baykal da b\u00f6yle devam etsin. \u0130ktidar\u0131n i\u015fini kolayla\u015ft\u0131r\u0131yorlar. Neyse ki K\u0131l\u0131\u00e7daro\u011flu&#8217;dan daha iyi bir milli damar\u0131 var. Onunla idare edece\u011fiz art\u0131k. G\u00f6r\u00fcnen k\u00f6y k\u0131lavuz istemez derler ya. Yapan da meydanda yap\u0131lanlar da&#8230;<\/p>\n<p style=\"text-align: justify\"><strong>\u0130BRAH\u0130M YAVUZ\u00a0<\/strong><\/p>\n","protected":false},"excerpt":{"rendered":"<p>T\u00fcrkiye&#8217;nin m\u00fccadelesinin tek y\u00f6nl\u00fc olmad\u0131\u011f\u0131n\u0131 her f\u0131rsatta s\u00f6yl\u00fcyoruz. Bir tarafta Suriye&#8217;de verilen var olma m\u00fccadelesi bir tarafta da YEN\u0130 D\u00dcNYA D\u00dcZEN\u0130 i\u00e7erisinde yapt\u0131\u011f\u0131m\u0131z k\u00f6\u015fe kapmaca. Tabi bunlar i\u015fin d\u0131\u015f m\u00fccadele y\u00f6n\u00fc. Bir de i\u00e7eride u\u011fra\u015ft\u0131\u011f\u0131m\u0131z muhalefet belas\u0131 var. Art\u0131k dillere pelesenk oldu muhalefete y\u00fcklenmek ama bunu Recep Tayyip Erdo\u011fan \u00fczerinden yapt\u0131klar\u0131 i\u00e7in kaleme almak da &hellip;<\/p>\n","protected":false},"author":20,"featured_media":48521,"comment_status":"open","ping_status":"open","sticky":false,"template":"","format":"standard","meta":{"om_disable_all_campaigns":false,"_themeisle_gutenberg_block_has_review":false,"_joinchat":[],"footnotes":""},"categories":[38,57,43],"tags":[],"class_list":["post-23043","post","type-post","status-publish","format-standard","has-post-thumbnail","","category-guncel","category-ibrahim","category-yazarlar"],"_links":{"self":[{"href":"https:\/\/akincilardergisi.com\/tr\/wp-json\/wp\/v2\/posts\/23043","targetHints":{"allow":["GET"]}}],"collection":[{"href":"https:\/\/akincilardergisi.com\/tr\/wp-json\/wp\/v2\/posts"}],"about":[{"href":"https:\/\/akincilardergisi.com\/tr\/wp-json\/wp\/v2\/types\/post"}],"author":[{"embeddable":true,"href":"https:\/\/akincilardergisi.com\/tr\/wp-json\/wp\/v2\/users\/20"}],"replies":[{"embeddable":true,"href":"https:\/\/akincilardergisi.com\/tr\/wp-json\/wp\/v2\/comments?post=23043"}],"version-history":[{"count":0,"href":"https:\/\/akincilardergisi.com\/tr\/wp-json\/wp\/v2\/posts\/23043\/revisions"}],"wp:featuredmedia":[{"embeddable":true,"href":"https:\/\/akincilardergisi.com\/tr\/wp-json\/wp\/v2\/media\/48521"}],"wp:attachment":[{"href":"https:\/\/akincilardergisi.com\/tr\/wp-json\/wp\/v2\/media?parent=23043"}],"wp:term":[{"taxonomy":"category","embeddable":true,"href":"https:\/\/akincilardergisi.com\/tr\/wp-json\/wp\/v2\/categories?post=23043"},{"taxonomy":"post_tag","embeddable":true,"href":"https:\/\/akincilardergisi.com\/tr\/wp-json\/wp\/v2\/tags?post=23043"}],"curies":[{"name":"wp","href":"https:\/\/api.w.org\/{rel}","templated":true}]}}