{"id":2227,"date":"2014-10-01T23:45:00","date_gmt":"2014-10-01T20:45:00","guid":{"rendered":"http:\/\/akincilardergisi.com\/dergi\/?p=2227"},"modified":"2023-11-05T14:06:12","modified_gmt":"2023-11-05T11:06:12","slug":"iyi-ki-isid-varmis","status":"publish","type":"post","link":"https:\/\/akincilardergisi.com\/tr\/iyi-ki-isid-varmis\/","title":{"rendered":"\u0130yi ki I\u015e\u0130D varm\u0131\u015f (!)"},"content":{"rendered":"<p>Tarih \u015fuuru bir milletin bug\u00fcn ve yar\u0131nlar\u0131n\u0131n yol haritas\u0131n\u0131 \u00e7izen s\u0131n\u0131r ta\u015flar\u0131d\u0131r.<\/p>\n<p>Kim bu s\u0131n\u0131r ta\u015flar\u0131na dikkat eder, bunlara g\u00f6re karar verir ve hareket ederse en az hata i\u015fler.<\/p>\n<p>Tarih her \u015feyin \u015fahididir. Tarih \u015fuurundan yoksun olanlar her zaman ayn\u0131 hatalarla y\u00fczle\u015fir, ayn\u0131 yanl\u0131\u015flar\u0131 tekrar eder, ayn\u0131 oyunlara d\u00fc\u015fer.<\/p>\n<p>As\u0131rlard\u0131r i\u00e7 i\u00e7e, karde\u015f\u00e7e ya\u015fad\u0131\u011f\u0131m\u0131z milletlerden birisi de K\u00fcrtlerdir. En fazla bu karde\u015flerimizin tarih \u015fuuruna sahip olmalar\u0131 gerekiyor demem yanl\u0131\u015f olmaz. Niyetim, bir milleti y\u00fcceltmek veya al\u00e7altmak de\u011fil, tarihi ger\u00e7ekleri s\u0131ca\u011f\u0131 s\u0131ca\u011f\u0131na hat\u0131rlatmakt\u0131r.<\/p>\n<p>Uzaklara gitmeyece\u011fim. Sadece yak\u0131n tarihimizde ya\u015fad\u0131\u011f\u0131m\u0131z birka\u00e7 olay\u0131 hat\u0131rlatarak bu g\u00fcn geldi\u011fimiz noktay\u0131 analiz etmeye \u00e7al\u0131\u015faca\u011f\u0131m.<\/p>\n<p>Osmanl\u0131n\u0131n y\u0131k\u0131l\u0131\u015f\u0131yla s\u0131n\u0131rlar\u0131 Paris ve Londra\u2019da \u00e7izilen bir T\u00fcrkiye ve Ortado\u011fu\u2019da kurulan irili ufakl\u0131 a\u015firet devletleriyle kar\u015f\u0131 kar\u015f\u0131ya kald\u0131k. Her \u00fclkede T\u00fcrkler, Araplar, K\u00fcrtler, S\u00fcryaniler, Ezidiler as\u0131rlard\u0131r ya\u015fad\u0131klar\u0131 topraklarda kald\u0131lar. O g\u00fcnk\u00fc \u015fartlar gere\u011fi d\u00fcnyalar\u0131 oralar idi. Onlar da o d\u00fcnyalar\u0131n\u0131 terk etmediler.<\/p>\n<p>Cumhuriyetin kurulu\u015fuyla Kemalist, ulusalc\u0131, \u0131rk\u00e7\u0131, bask\u0131c\u0131 bir devlet anlay\u0131\u015f\u0131 T\u00fcrkiye s\u0131n\u0131rlar\u0131 i\u00e7inde ya\u015fayan T\u00fcrkler, K\u00fcrtler ve Araplar gibi her millete kan kusturdu. Her dindara d\u00fcnyay\u0131 zindan ettiler. \u00c7\u00fcnk\u00fc, o g\u00fcnk\u00fc devlet anlay\u0131\u015f\u0131 tek tip bir ulus ve insan yeti\u015ftirmek i\u00e7in yapmad\u0131\u011f\u0131, yapamayaca\u011f\u0131 k\u00f6t\u00fcl\u00fck ve zul\u00fcm kalmad\u0131.<\/p>\n<p>Bu duruma millet olarak ilk ba\u015fkald\u0131ran K\u00fcrtler oldu. Bir\u00e7ok isteklerinde hakl\u0131yd\u0131lar. \u0130stedikleri anla\u015f\u0131labilir \u015feylerdi. Devlet baba denilen as\u0131k surat bunlar\u0131n bu makul isteklerini yerine getirme yerine, onlar\u0131 yok sayarak, onlara bask\u0131 ve ter\u00f6r yaparak cevap verdi.<\/p>\n<p>Y\u0131llar sonra Devlet ter\u00f6r\u00fc kar\u015f\u0131 ter\u00f6r\u00fc do\u011furdu. <\/p>\n<p>K\u00fcrtlerin i\u00e7inden bir k\u0131sm\u0131 Marksist-Leninist devrimci bir yol izleyerek PKK saflar\u0131nda birle\u015ftiler. Bir devlete kar\u015f\u0131 sava\u015f yapmak \u00f6yle basit bir m\u00fccadele de\u011fildi. Para, silah, e\u011fitim, lojistik destek ve merkez olarak kullanacaklar\u0131 toprak gerekliydi.Bir ara Suriye, \u0130ran kendi topraklar\u0131nda ve daha sonra ABD ve bat\u0131l\u0131 yanda\u015flar\u0131 da Kuzey Irakta PKK\u2019ya yer verdiler.<\/p>\n<p>PKK\u2019y\u0131 \u0130srailden, Almanyaya, Fransadan Amerikaya, \u0130ngiltereden \u0130rana kadar kullanmayan \u00fclke kalmad\u0131. G\u00fcya PKK da onlar\u0131 kullan\u0131yordu.<\/p>\n<p>T\u00fcrkiye ile PKK aras\u0131nda \u00e7\u00f6z\u00fcm s\u00fcreci devreye girince, \u00e7at\u0131\u015fmalar ve kan durdu. O zaman b\u00f6lgede hesaplar yine kar\u0131\u015ft\u0131. Kartlar yeniden kar\u0131lmaya ba\u015fland\u0131. Ortaya yeni bir piyon \u00e7\u0131kar\u0131lmas\u0131 gerekliydi. Ve \u015fim\u015fek h\u0131z\u0131yla onu da \u00e7\u0131kard\u0131lar. Ad\u0131n\u0131 da \u015fimdilik \u0130\u015e\u0130D koydular.Yar\u0131n hangi rol\u00fc \u00fcslenir, hangi k\u0131l\u0131fa girer, hangi ad\u0131 al\u0131r g\u00f6rece\u011fiz.<\/p>\n<p>\u0130\u015e\u0130D \u0130rana kar\u015f\u0131 10 y\u0131l sava\u015fan \u00e7etin ceviz Irak ordusunu bir kur\u015fun atmadan teslim ald\u0131. Y\u0131llard\u0131r Irak merkezi h\u00fck\u00fcmetiyle sava\u015fan o me\u015fhur Pe\u015fmerge\u2019yi bir vuru\u015fta yere serdi ve peri\u015fan etti. Irak ve Suriyede kendisine rakip kalmad\u0131 ve ta s\u0131n\u0131rlar\u0131m\u0131za dayand\u0131.<\/p>\n<p>\u015eimdi Suriyenin Kuzey s\u0131n\u0131rlar\u0131nda oturan K\u00fcrt b\u00f6lgelerine geldi s\u0131ra. T\u00fcrkiyeye kar\u015f\u0131 kahramanca (!) sava\u015fan PKK gerillalar\u0131 da PYD ile birlikte \u0130\u015e\u0130D f\u0131rt\u0131nas\u0131n\u0131n \u00f6n\u00fcnde tutunamad\u0131lar. Saman \u00e7\u00f6p\u00fc gibi sa\u011fa sola da\u011f\u0131ld\u0131lar. \u015eimdi \u0130\u015e\u0130D\u2019ten canlar\u0131n\u0131 kurtarmak i\u00e7in ka\u00e7\u0131yorlar. S\u0131\u011f\u0131nacak bir Kertenkele deli\u011fi olsa oraya girecekler. Ama \u0130\u015e\u0130D ona da f\u0131rsat vermiyor ki.G\u00f6lge gibi pe\u015flerindeler\u2026<\/p>\n<p>S\u0131n\u0131rlar\u0131m\u0131z\u0131 zorlayan Suriyelilerin i\u00e7inde sava\u015ftan ka\u00e7an, can\u0131n\u0131 kurtarmak isteyen PKK \u2018l\u0131 militanlar da var. T\u00fcrkiye\u2019ye kontrols\u00fcz, kimlik tespiti yap\u0131lmadan, silahl\u0131 olarak, istedikleri gibi ellerini kollar\u0131n\u0131 sallayarak girmek istiyorlar.<\/p>\n<p>S\u0131n\u0131r\u0131 korumakla g\u00f6revli askerlerimize hem T\u00fcrkiye taraf\u0131ndan, hem Suriye taraf\u0131ndan PKK\u2019l\u0131larca ta\u015fla, sopayla sald\u0131r\u0131l\u0131yor. Baz\u0131 BDP Milletvekilleri ve Belediye ba\u015fkanlar\u0131 da b\u00f6lgede halk\u0131 her zaman oldu\u011fu gibi H\u00fck\u00fcmete, devlete ve g\u00fcvenlik g\u00fc\u00e7lerimize kar\u015f\u0131 k\u0131\u015fk\u0131rtmakta, \u015fov yapmakta yar\u0131\u015f\u0131yorlar. Onlar da askere ta\u015f at\u0131yor, zorluk \u00e7\u0131kar\u0131yorlar.<\/p>\n<p>Hala ge\u00e7mi\u015ften bir ders almad\u0131n\u0131z m\u0131?<\/p>\n<p>Saddam zulm\u00fcnden ka\u00e7an, T\u00fcrkiye\u2019ye s\u0131\u011f\u0131nan 500 bin K\u00fcrd\u00fc, Suriye sava\u015f\u0131ndan ka\u00e7an 1,5 milyon Suriyeliyi ba\u011fr\u0131na basan bir T\u00fcrkiye \u0130\u015e\u0130D \u2019in \u00f6n\u00fcnden ka\u00e7an insanlar\u0131, PKK\u2019l\u0131 ve PYD\u2019li kahramanlar\u0131 (!) da ba\u011fr\u0131na basmas\u0131n\u0131 bilir. Ba\u015f\u0131n\u0131 sokacak bir ma\u011fara, s\u0131\u011f\u0131nacak bir kaya par\u00e7as\u0131 bulamayan me\u015fhur(!) gerillalar\u0131 da \u015fefkat kollar\u0131 aras\u0131na al\u0131r. Tarih bilinciyle hareket eden g\u00fc\u00e7l\u00fc ve b\u00fcy\u00fck bir T\u00fcrkiye ve onun H\u00fck\u00fcmeti var kar\u015f\u0131n\u0131zda. Korkmay\u0131n!<\/p>\n<p>Yeter ki, ge\u00e7mi\u015finizden ders ve ibret al\u0131n! Ayn\u0131 hatalar\u0131 tekrarlay\u0131p durmay\u0131n! Adam olun adam! Yoksa ona buna oyuncak, kurda ku\u015fa yem olursunuz. Bu d\u00fcnya etme bulma d\u00fcnyas\u0131d\u0131r (1.) Allah bir zalimi, \u00f6teki zalimin eliyle i\u015fte b\u00f6yle cezaland\u0131r\u0131r. (2.)<\/p>\n<p>B\u00f6lgemizdeki gerillalar\u0131n (!), militanlar\u0131n(!) ve d\u0131\u015f g\u00fc\u00e7lerin hepsinin maskeleri d\u00fc\u015ft\u00fc. Y\u00fczlerindeki boyalar surats\u0131z s\u0131ratlar\u0131ndan s\u0131zmaya ba\u015flad\u0131. \u0130nsan\u0131n, \u2018\u2019\u0130yi ki \u0130\u015e\u0130D varm\u0131\u015f\u2019\u2019 diyesi geliyor.<\/p>\n<p> Arif Altunba\u015f, Haber7. Com<br \/>\n Facebook; arifaltunbas @hotmail.com<br \/>\n Twitter @arfaltunbas<\/p>\n<p>Dipnot;<br \/>\n&#8220;\u0130\u015fte kazand\u0131klar\u0131 (g\u00fcnahlar\u0131)ndan \u00f6t\u00fcr\u00fc zalimlerden bir k\u0131sm\u0131n\u0131 di\u011fer bir k\u0131sm\u0131n\u0131n pe\u015fine b\u00f6yle takar\u0131z.&#8221; (6\/Enam, 129).<br \/>\n&#8220;Zalim, Allah&#8217;\u0131n k\u0131l\u0131c\u0131d\u0131r. Yoldan \u00e7\u0131km\u0131\u015f azg\u0131nlar\u0131 onunla cezaland\u0131r\u0131r; sonra o zalimden de intikam\u0131 al\u0131r.\u201d (Hadis-i \u015eerif).<\/p>\n","protected":false},"excerpt":{"rendered":"<p>Tarih \u015fuuru bir milletin bug\u00fcn ve yar\u0131nlar\u0131n\u0131n yol haritas\u0131n\u0131 \u00e7izen s\u0131n\u0131r ta\u015flar\u0131d\u0131r. Kim bu s\u0131n\u0131r ta\u015flar\u0131na dikkat eder, bunlara g\u00f6re karar verir ve hareket ederse en az hata i\u015fler. Tarih her \u015feyin \u015fahididir. Tarih \u015fuurundan yoksun olanlar her zaman ayn\u0131 hatalarla y\u00fczle\u015fir, ayn\u0131 yanl\u0131\u015flar\u0131 tekrar eder, ayn\u0131 oyunlara d\u00fc\u015fer. As\u0131rlard\u0131r i\u00e7 i\u00e7e, karde\u015f\u00e7e ya\u015fad\u0131\u011f\u0131m\u0131z milletlerden &hellip;<\/p>\n","protected":false},"author":2,"featured_media":48521,"comment_status":"open","ping_status":"open","sticky":false,"template":"","format":"standard","meta":{"om_disable_all_campaigns":false,"_themeisle_gutenberg_block_has_review":false,"_joinchat":[],"footnotes":""},"categories":[49,38,43],"tags":[],"class_list":["post-2227","post","type-post","status-publish","format-standard","has-post-thumbnail","","category-arif","category-guncel","category-yazarlar"],"_links":{"self":[{"href":"https:\/\/akincilardergisi.com\/tr\/wp-json\/wp\/v2\/posts\/2227","targetHints":{"allow":["GET"]}}],"collection":[{"href":"https:\/\/akincilardergisi.com\/tr\/wp-json\/wp\/v2\/posts"}],"about":[{"href":"https:\/\/akincilardergisi.com\/tr\/wp-json\/wp\/v2\/types\/post"}],"author":[{"embeddable":true,"href":"https:\/\/akincilardergisi.com\/tr\/wp-json\/wp\/v2\/users\/2"}],"replies":[{"embeddable":true,"href":"https:\/\/akincilardergisi.com\/tr\/wp-json\/wp\/v2\/comments?post=2227"}],"version-history":[{"count":0,"href":"https:\/\/akincilardergisi.com\/tr\/wp-json\/wp\/v2\/posts\/2227\/revisions"}],"wp:featuredmedia":[{"embeddable":true,"href":"https:\/\/akincilardergisi.com\/tr\/wp-json\/wp\/v2\/media\/48521"}],"wp:attachment":[{"href":"https:\/\/akincilardergisi.com\/tr\/wp-json\/wp\/v2\/media?parent=2227"}],"wp:term":[{"taxonomy":"category","embeddable":true,"href":"https:\/\/akincilardergisi.com\/tr\/wp-json\/wp\/v2\/categories?post=2227"},{"taxonomy":"post_tag","embeddable":true,"href":"https:\/\/akincilardergisi.com\/tr\/wp-json\/wp\/v2\/tags?post=2227"}],"curies":[{"name":"wp","href":"https:\/\/api.w.org\/{rel}","templated":true}]}}