{"id":22216,"date":"2017-07-19T00:00:59","date_gmt":"2017-07-18T21:00:59","guid":{"rendered":"http:\/\/akincilardergisi.com\/dergi\/?p=22216"},"modified":"2023-11-05T13:26:08","modified_gmt":"2023-11-05T10:26:08","slug":"senaristlerin-usagi","status":"publish","type":"post","link":"https:\/\/akincilardergisi.com\/tr\/senaristlerin-usagi\/","title":{"rendered":"SENAR\u0130STLER\u0130N U\u015eAKLARI"},"content":{"rendered":"<p style=\"text-align: justify\">Cumhuriyetimizin y\u00fcz\u00fcnc\u00fc y\u0131l\u0131na do\u011fru giderken \u00e7ok \u00f6nemli virajlardan ge\u00e7iyoruz. Bu virajlardan biri de hi\u00e7 \u015f\u00fcphesiz ki 15 Temmuz idi. Kolay de\u011fil tam bir y\u0131l ge\u00e7ti o hain darbe giri\u015fiminin \u00fczerinden. Bu darbe giri\u015fiminde de etkin rol\u00fc FET\u00d6 oynad\u0131. Sadece bir aparat olarak&#8230; Art\u0131k bu \u00f6rg\u00fct\u00fcn destek\u00e7ilerinin d\u0131\u015f finans\u00f6rler oldu\u011fu da g\u00fcn gibi ortaya \u00e7\u0131kt\u0131.<\/p>\n<p style=\"text-align: justify\">Bu ba\u011flamda bizler sadece meydanda g\u00f6r\u00fcnen ara\u00e7larla ilgileniriz ancak sahne gerisine bakt\u0131\u011f\u0131m\u0131z zaman \u00e7ok farkl\u0131 entrikalar g\u00f6r\u00fcr\u00fcz. As\u0131l olan senaristin amac\u0131n\u0131n ne oldu\u011fudur. Bu \u00f6rg\u00fct, bu co\u011frafyalarda hain emelleri olanlar\u0131n, CIA-NATO-GLADYO ile gelecek emelleri i\u00e7in \u00fclkemizin i\u00e7erisine yerle\u015ftirilmi\u015f, hem \u0130slam\u0131 k\u00f6rpe bir anlay\u0131\u015f haline getirmek hem de T\u00fcrkiyeyi b\u00f6lgede etkisizle\u015ftirmek i\u00e7in kullan\u0131lm\u0131\u015ft\u0131r&#8230;<\/p>\n<p style=\"text-align: justify\">Ancak d\u0131\u015f mihraklar\u0131n hesab\u0131n\u0131 yapamad\u0131\u011f\u0131, yapmay\u0131 ak\u0131llar\u0131na getirmedikleri ya da \u00f6nemsemediklerini bir ayr\u0131nt\u0131 vard\u0131. O da Allah&#8217;\u0131n hesab\u0131, T\u00fcrk milletinin g\u00fcc\u00fc, d\u00fcnyan\u0131n her yerinde hala bu \u00fclkeden bir umut \u0131\u015f\u0131\u011f\u0131 bekleyenlerin duas\u0131yd\u0131. \u00d6yle de\u011fil miydi? Hesap yapanlar\u0131n en \u00fcst\u00fcnde o vard\u0131. O ne isterse o olurdu. O gece de o oldu. Son asr\u0131n gelmi\u015f en b\u00fcy\u00fck lideri Recep Tayyip Erdo\u011fan&#8217;\u0131n milletini sokaklara, meydanlara, hava limanlar\u0131na davet etmesi ile milyonlar meydanlara ak\u0131n etti ve bu hain, menfur darbe giri\u015fimi bertaraf edildi.<\/p>\n<p style=\"text-align: justify\">Paran\u0131n ve silah\u0131n y\u00f6n\u00fcn\u00fc belirleyen g\u00fc\u00e7ler \u00fclkede ba\u015fka bir aparat daha kullan\u0131yorlard\u0131. \u00d6yle ya e\u011fer bu co\u011frafyay\u0131 elde tutmak istiyorsan\u0131z tek ba\u015f\u0131n\u0131za gelip buralarda bir \u015fey yapamazs\u0131n\u0131z. Yapsan\u0131z bile etkili bir sonu\u00e7 elde edemezsiniz. Mutlaka ele ge\u00e7irmek istedi\u011finiz \u00fclkede veya b\u00f6lgede kendinize hizmet edecek ta\u015feron ve kumanda ile y\u00f6netilebilen birilerini bulman\u0131z gerekir. Ki ABD&#8217;nin stratejisi de budur zaten. ABD kendi i\u00e7indeki hainleri an\u0131nda ortadan kald\u0131r\u0131r ancak di\u011fer \u00fclkelerde kendine bir yard\u0131mc\u0131 mutlaka bulur&#8230;.<\/p>\n<p style=\"text-align: justify\">Tabi T\u00fcrkiye&#8217;den bahsediyorsan\u0131z bu ismi tahmin etmek zor de\u011fil. Yapt\u0131\u011f\u0131 s\u00f6zde ADALET y\u00fcr\u00fcy\u00fc\u015f\u00fc fiyaskosuna bir yenisini daha ekledi K\u0131l\u0131\u00e7daro\u011flu. 15 Temmuz \u015fehitleri i\u00e7in d\u00fczenlenen anma programlar\u0131na kat\u0131lmad\u0131. Daha do\u011frusu kat\u0131lmas\u0131na engel olundu ki b\u00f6yle bir karar alsa gerek. \u00c7\u00fcnk\u00fc birileri taraf\u0131ndan T\u00fcrkiye&#8217;nin birli\u011fi sars\u0131lmaya \u00e7al\u0131\u015f\u0131l\u0131yor. \u0130ktidar-Ana Muhalefet-Muhalefet birli\u011fi istenmiyor, \u00fclke i\u00e7erisinde kaos \u00e7\u0131kar\u0131lmaya \u00e7al\u0131\u015f\u0131l\u0131yor. Devlet Bah\u00e7eli oyunu g\u00f6rd\u00fc ve bu s\u00fcre\u00e7te devletinin ve milletinin yan\u0131nda oldu. Ama K\u0131l\u0131\u00e7daro\u011flu yine devletinin ve milletinin kar\u015f\u0131s\u0131nda olmaya, T\u00fcrkiye d\u00fc\u015fmanlar\u0131n\u0131n yer ald\u0131\u011f\u0131 blokta olmay\u0131 tercih etti&#8230;<\/p>\n<p style=\"text-align: justify\">Bu da yetmiyormu\u015f gibi bir de \u0130ngiliz Dergisine sokak eylemlerimiz Erdo\u011fan&#8217;\u0131 indirene kadar devam edecek diye k\u00fcstah\u00e7a, al\u00e7ak\u00e7a deme\u00e7ler verdi. Bu t\u00fcr s\u00f6ylemlerle asl\u0131nda bize bir mesaj vermiyor, mesaj verdi\u011fi yer ipini elinde tutanlara. Ben size hizmet etmeye devam edece\u011fim, beni bu koltukta tutmaya devam edin diyor. Yoksa b\u00f6yle demesi Tayyip Erdo\u011fan&#8217;\u0131n etkin liderlik g\u00fcc\u00fcnden bir \u015fey eksiltmez&#8230;<\/p>\n<p style=\"text-align: justify\">\u0130\u015fte b\u00f6yle de\u011ferli okuyucular. Oyun asl\u0131nda \u00fclke i\u00e7i bir mesele gibi g\u00f6r\u00fcn\u00fcyor ancak dedi\u011fim gibi senaristin amac\u0131 farkl\u0131d\u0131r her zaman. Ana Muhalefet eliyle birliktelik engellenmeye \u00e7al\u0131\u015f\u0131l\u0131yor, kaos planlar\u0131 yap\u0131l\u0131yor. B\u00f6ylelikle T\u00fcrkiye i\u00e7eride u\u011fra\u015f\u0131rken d\u0131\u015f politikada eli zay\u0131f tutulmaya \u00e7al\u0131\u015f\u0131l\u0131yor.<\/p>\n<p style=\"text-align: justify\">Gel gelelim T\u00fcrkiye o kadar etkili k\u00fcresel bir akt\u00f6r haline geldi ki bu t\u00fcr anti-politik eylemler yoluna ta\u015f koyam\u0131yor. Ana muhalefet kendini zay\u0131flatmaya devam ediyor o kadar. 2019&#8217;a giden s\u00fcre\u00e7te bunlar \u00f6n\u00fcne koyulacakt\u0131r. Bakal\u0131m b\u00fcy\u00fcyen T\u00fcrkiye k\u00fcresel sermayeyi ne gibi yollara itecek. Bekleyip g\u00f6rece\u011fiz&#8230;<\/p>\n<p style=\"text-align: justify\"><strong>\u0130BRAH\u0130M YAVUZ<\/strong><\/p>\n<p style=\"text-align: justify\">\n","protected":false},"excerpt":{"rendered":"<p>Cumhuriyetimizin y\u00fcz\u00fcnc\u00fc y\u0131l\u0131na do\u011fru giderken \u00e7ok \u00f6nemli virajlardan ge\u00e7iyoruz. Bu virajlardan biri de hi\u00e7 \u015f\u00fcphesiz ki 15 Temmuz idi. Kolay de\u011fil tam bir y\u0131l ge\u00e7ti o hain darbe giri\u015fiminin \u00fczerinden. Bu darbe giri\u015fiminde de etkin rol\u00fc FET\u00d6 oynad\u0131. Sadece bir aparat olarak&#8230; Art\u0131k bu \u00f6rg\u00fct\u00fcn destek\u00e7ilerinin d\u0131\u015f finans\u00f6rler oldu\u011fu da g\u00fcn gibi ortaya \u00e7\u0131kt\u0131. Bu &hellip;<\/p>\n","protected":false},"author":20,"featured_media":48521,"comment_status":"open","ping_status":"open","sticky":false,"template":"","format":"standard","meta":{"om_disable_all_campaigns":false,"_themeisle_gutenberg_block_has_review":false,"_joinchat":[],"footnotes":""},"categories":[38,57,43],"tags":[],"class_list":["post-22216","post","type-post","status-publish","format-standard","has-post-thumbnail","","category-guncel","category-ibrahim","category-yazarlar"],"_links":{"self":[{"href":"https:\/\/akincilardergisi.com\/tr\/wp-json\/wp\/v2\/posts\/22216","targetHints":{"allow":["GET"]}}],"collection":[{"href":"https:\/\/akincilardergisi.com\/tr\/wp-json\/wp\/v2\/posts"}],"about":[{"href":"https:\/\/akincilardergisi.com\/tr\/wp-json\/wp\/v2\/types\/post"}],"author":[{"embeddable":true,"href":"https:\/\/akincilardergisi.com\/tr\/wp-json\/wp\/v2\/users\/20"}],"replies":[{"embeddable":true,"href":"https:\/\/akincilardergisi.com\/tr\/wp-json\/wp\/v2\/comments?post=22216"}],"version-history":[{"count":0,"href":"https:\/\/akincilardergisi.com\/tr\/wp-json\/wp\/v2\/posts\/22216\/revisions"}],"wp:featuredmedia":[{"embeddable":true,"href":"https:\/\/akincilardergisi.com\/tr\/wp-json\/wp\/v2\/media\/48521"}],"wp:attachment":[{"href":"https:\/\/akincilardergisi.com\/tr\/wp-json\/wp\/v2\/media?parent=22216"}],"wp:term":[{"taxonomy":"category","embeddable":true,"href":"https:\/\/akincilardergisi.com\/tr\/wp-json\/wp\/v2\/categories?post=22216"},{"taxonomy":"post_tag","embeddable":true,"href":"https:\/\/akincilardergisi.com\/tr\/wp-json\/wp\/v2\/tags?post=22216"}],"curies":[{"name":"wp","href":"https:\/\/api.w.org\/{rel}","templated":true}]}}