{"id":22159,"date":"2017-07-14T06:24:17","date_gmt":"2017-07-14T03:24:17","guid":{"rendered":"http:\/\/akincilardergisi.com\/dergi\/?p=22159"},"modified":"2023-11-04T20:12:18","modified_gmt":"2023-11-04T17:12:18","slug":"tiyatro-ve-dagilma","status":"publish","type":"post","link":"https:\/\/akincilardergisi.com\/tr\/tiyatro-ve-dagilma\/","title":{"rendered":"Tiyatro ve Da\u011f\u0131lma!"},"content":{"rendered":"<div style=\"color: #212121\"><a href=\"http:\/\/akincilardergisi.com\/dergi\/wp-content\/uploads\/cumhurbaskanligi-15-temmuz-afisleri-3.jpg\"><img loading=\"lazy\" decoding=\"async\" class=\"alignnone size-medium wp-image-22160\" src=\"http:\/\/akincilardergisi.com\/dergi\/wp-content\/uploads\/cumhurbaskanligi-15-temmuz-afisleri-3-300x165.jpg\" alt=\"cumhurbaskanligi-15-temmuz-afisleri-3\" width=\"300\" height=\"165\" \/><\/a><\/div>\n<div style=\"color: #212121\"><\/div>\n<div style=\"color: #212121\">\n<div>Kocaeli B\u00fcy\u00fck\u015fehir Belediyesi K\u00fclt\u00fcr Dairesi tarafindan gecen y\u0131l\u0131n sonuna dogru bir tiyatro yar\u0131\u015fmas\u0131 d\u00fczenlendi.<\/div>\n<div><\/div>\n<div>Yar\u0131\u015fma para \u00f6d\u00fcll\u00fcyd\u00fc ve Nisan 2017 sonuna kadar teslim edilmesi \u015fart\u0131 vard\u0131.<\/div>\n<div><\/div>\n<div>Yar\u0131\u015fman\u0131n ad\u0131 &#8220;15 Temmuz Tiyatrosu&#8221; idi.<\/div>\n<div><\/div>\n<div>O zamanki K\u00fclt\u00fcr Daire \u00a0ba\u015fkan\u0131na telefon a\u00e7\u0131p s\u00f6yledim.<\/div>\n<div><\/div>\n<div>Dedim ki:<\/div>\n<div><\/div>\n<div>-15 temmuz i\u00e7in se\u00e7ilmi\u015f kara propaganda kelimesi ile \u00a0bir yar\u0131\u015fma a\u00e7m\u0131\u015fs\u0131n\u0131z. Bu nas\u0131l i\u015ftir?<\/div>\n<div><\/div>\n<div>Soyledigim sozu anlad\u0131 veya anlamazl\u0131\u011fa verdi. Bana benim ayakta uyudu\u011fumu \u00a0ve milletin Turkiyenin her yerinde bunun tiyatrosunu zaten \u00a0oynad\u0131\u011f\u0131n\u0131 s\u00f6yledi.<\/div>\n<div><\/div>\n<div>Yar\u0131\u015fmaya kat\u0131lmak i\u00e7in S.Demirel K\u00fclt\u00fcr merkezine gidip yar\u0131\u015fma bro\u015f\u00fcr\u00fcn\u00fc ald\u0131m.<\/div>\n<div><\/div>\n<div>Yar\u0131\u015fman\u0131n ad\u0131 I\u00e7ime hi\u00e7 sinmedi ama yar\u0131\u015fmaya ben de \u00a0katilacaktim.<\/div>\n<div><\/div>\n<div>Tiyatro nas\u0131l yaz\u0131l\u0131r bilmiyordum ama kimin ne yazaca\u011f\u0131n\u0131 nas\u0131l bir kurgu yapacaklar\u0131n\u0131 biliyordum.<\/div>\n<div><\/div>\n<div>Ben farkl\u0131 yazacaktim.<\/div>\n<div><\/div>\n<div>Tiyatro nas\u0131l yaz\u0131l\u0131r diye \u00f6\u011fretici metinler okudum.<\/div>\n<div><\/div>\n<div>O metinlerde iyi ve k\u00f6t\u00fc \u00e7at\u0131\u015fmas\u0131n\u0131n yaz\u0131lmas\u0131 isteniyordu.<\/div>\n<div><\/div>\n<div>Biliyordum ki herkes iyi diye halk\u0131 k\u00f6t\u00fc diye de asker veya \u00fcniformalilari yazacakt\u0131.<\/div>\n<div><\/div>\n<div>Herkes bir &#8220;tiyatro&#8221; yazacakt\u0131. Istenen de bu idi.<\/div>\n<div><\/div>\n<div>Yar\u0131\u015fmac\u0131lar &#8220;15 Temmuz Tiyatrosu&#8221; yazacakt\u0131.<\/div>\n<div><\/div>\n<div>Ben de eni-konu bir tiyatro yazacaktim.<\/div>\n<div><\/div>\n<div>Ad\u0131 &#8220;15 Temmuz Tiyatrosu&#8221; de\u011fil de \u00a0mesela &#8220;Ergenekondan \u00e7\u0131k\u0131\u015f&#8221; \u00a0veya bir baskasi olacakt\u0131.<\/div>\n<div><\/div>\n<div>Kurgumu yapt\u0131m. Kullanacagim metin ve sozlerin cogunu haz\u0131rlad\u0131m.<\/div>\n<div><\/div>\n<div>Yazaca\u011f\u0131m metinde Hakk&#8217;\u0131n y\u00f6n\u00fc ile halk\u0131n y\u00f6n\u00fcn\u00fcn Hakk indinde ayn\u0131 oldu\u011funu i\u015fleyecektim.<\/div>\n<div><\/div>\n<div>Sorumlulu\u011fun ve emanetin mutlak anlamda halk\u0131n omuzlar\u0131nda oldu\u011funu anlatacak ve halka kar\u015f\u0131 halka egemen olmak isteyen \u00e7akal zihniyetlerin yenilmeye mahkum oldu\u011funun resmini yapacakt\u0131m.<\/div>\n<div><\/div>\n<div>Yazma k\u0131sm\u0131na ge\u00e7iyordum ki hastal\u0131k ve ameliyat surecim ba\u015flad\u0131 ve nihayetinde yazmak nasip olmad\u0131.<\/div>\n<div><\/div>\n<div>Yar\u0131\u015fma ne oldu&#8230;Ak\u0131beti nedir \u015fu anda bilmiyorum ama konunun benim a\u00e7\u0131mdan hikayesi b\u00f6yle..<\/div>\n<div><\/div>\n<div>\u00dcst\u00fcne \u00fcstl\u00fck &#8220;15 temmuz tiyatrosu&#8221; yar\u0131\u015fmas\u0131 a\u00e7an ekip May\u0131s ay\u0131ndaki Kitap Fuar\u0131 g\u00fcnlerinde Baskanlik ve Genel Sekreterin haberi olmadan ve ustelik onlar\u0131n sorumlulugunda DAGILMA diye bir kitab\u0131 milletin paras\u0131 ile bast\u0131r\u0131p \u00a0binlerce ve belki yuz binlerce da\u011f\u0131tt\u0131.<\/div>\n<div><\/div>\n<div>\u015eimdi&#8230;<\/div>\n<div><\/div>\n<div>Belki ayni &#8220;yuva&#8221;nin Akparti icindeki ekibi 15 Temmuz i\u00e7in Akparti ve devlet ad\u0131na afisler haz\u0131rlam\u0131\u015f. Afi\u015flerin hepsinde \u00e7at\u0131\u015fma ve karga\u015fa var.<\/div>\n<div><\/div>\n<div>Orgut ve bu yuvalar: kendileri DAGILMA derken h\u00fck\u00fcmet bir bak\u0131ma \u00e7at\u0131\u015fma ve karga\u015fay\u0131 te\u015fvik ediyor gibi bir g\u00f6r\u00fcnt\u00fc ortaya \u00e7\u0131k\u0131yor.<\/div>\n<div><\/div>\n<div>Sonunda elbette DAGILMA diyen kazanacak.<\/div>\n<div><\/div>\n<div>Benim yazamadigim tiyatroda da \u00f6yle olacakt\u0131.<\/div>\n<div><\/div>\n<div>Ama<\/div>\n<div><\/div>\n<div>Benim yazitimda DAGILMA diyen orgut de\u011fil de halkti. Milletti. Hakimiyet de bila kayd\u0131 \u015fart milletindi.<\/div>\n<div><\/div>\n<div>\u00d6yle olacakt\u0131.<\/div>\n<div><\/div>\n<div>Neyse&#8230;Diyelim<\/div>\n<\/div>\n","protected":false},"excerpt":{"rendered":"<p>Kocaeli B\u00fcy\u00fck\u015fehir Belediyesi K\u00fclt\u00fcr Dairesi tarafindan gecen y\u0131l\u0131n sonuna dogru bir tiyatro yar\u0131\u015fmas\u0131 d\u00fczenlendi. Yar\u0131\u015fma para \u00f6d\u00fcll\u00fcyd\u00fc ve Nisan 2017 sonuna kadar teslim edilmesi \u015fart\u0131 vard\u0131. Yar\u0131\u015fman\u0131n ad\u0131 &#8220;15 Temmuz Tiyatrosu&#8221; idi. O zamanki K\u00fclt\u00fcr Daire \u00a0ba\u015fkan\u0131na telefon a\u00e7\u0131p s\u00f6yledim. Dedim ki: -15 temmuz i\u00e7in se\u00e7ilmi\u015f kara propaganda kelimesi ile \u00a0bir yar\u0131\u015fma a\u00e7m\u0131\u015fs\u0131n\u0131z. Bu nas\u0131l &hellip;<\/p>\n","protected":false},"author":17,"featured_media":45956,"comment_status":"open","ping_status":"open","sticky":false,"template":"","format":"standard","meta":{"om_disable_all_campaigns":false,"_themeisle_gutenberg_block_has_review":false,"_joinchat":[],"footnotes":""},"categories":[53,38,43],"tags":[],"class_list":["post-22159","post","type-post","status-publish","format-standard","has-post-thumbnail","","category-aydin","category-guncel","category-yazarlar"],"_links":{"self":[{"href":"https:\/\/akincilardergisi.com\/tr\/wp-json\/wp\/v2\/posts\/22159","targetHints":{"allow":["GET"]}}],"collection":[{"href":"https:\/\/akincilardergisi.com\/tr\/wp-json\/wp\/v2\/posts"}],"about":[{"href":"https:\/\/akincilardergisi.com\/tr\/wp-json\/wp\/v2\/types\/post"}],"author":[{"embeddable":true,"href":"https:\/\/akincilardergisi.com\/tr\/wp-json\/wp\/v2\/users\/17"}],"replies":[{"embeddable":true,"href":"https:\/\/akincilardergisi.com\/tr\/wp-json\/wp\/v2\/comments?post=22159"}],"version-history":[{"count":0,"href":"https:\/\/akincilardergisi.com\/tr\/wp-json\/wp\/v2\/posts\/22159\/revisions"}],"wp:featuredmedia":[{"embeddable":true,"href":"https:\/\/akincilardergisi.com\/tr\/wp-json\/wp\/v2\/media\/45956"}],"wp:attachment":[{"href":"https:\/\/akincilardergisi.com\/tr\/wp-json\/wp\/v2\/media?parent=22159"}],"wp:term":[{"taxonomy":"category","embeddable":true,"href":"https:\/\/akincilardergisi.com\/tr\/wp-json\/wp\/v2\/categories?post=22159"},{"taxonomy":"post_tag","embeddable":true,"href":"https:\/\/akincilardergisi.com\/tr\/wp-json\/wp\/v2\/tags?post=22159"}],"curies":[{"name":"wp","href":"https:\/\/api.w.org\/{rel}","templated":true}]}}