{"id":22149,"date":"2017-07-14T00:00:27","date_gmt":"2017-07-13T21:00:27","guid":{"rendered":"http:\/\/akincilardergisi.com\/dergi\/?p=22149"},"modified":"2023-11-05T13:26:08","modified_gmt":"2023-11-05T10:26:08","slug":"esaretten-bagimsizliga","status":"publish","type":"post","link":"https:\/\/akincilardergisi.com\/tr\/esaretten-bagimsizliga\/","title":{"rendered":"ESARETTEN BA\u011eIMSIZLI\u011eA"},"content":{"rendered":"<p style=\"text-align: justify\"><span style=\"color: #4b4f56\">Baz\u0131 ifadeler vard\u0131r bir durumu anlatmak i\u00e7in, bu ifadeler T\u00fcrkiye gibi bir \u00fclkede anlam bulur. Bu 15 Temmuzdur. \u0130\u015fte b\u00f6yle bir ifadenin seneyi devresindeyiz. Nice sava\u015flarda \u015fehitler verdik, gazilerimiz oldu. Ama hi\u00e7bir \u015fehit, hi\u00e7bir gazi 15 Temmuzda anlam buldu\u011fu kadar di\u011ferlerinde de anlam bulmu\u015ftur diyemiyorum.\u00a0<\/span><\/p>\n<p style=\"text-align: justify\"><span style=\"color: #4b4f56\">Niye mi? 15 Temmuz&#8217;da 249 \u015fehit verdik, 2193 gazimiz var. Fakat buradaki fark \u015fu. Bu millete s\u0131k\u0131lan kur\u015fun bizim kur\u015funumuzdu. Bu milletin \u00fczerine y\u00fcr\u00fct\u00fclen tanklar bizim tank\u0131m\u0131zd\u0131. U\u00e7aklar bizim u\u00e7a\u011f\u0131m\u0131zd\u0131. Ve en ac\u0131s\u0131 da neydi? Bunlar\u0131 kullananlar da bizden g\u00f6r\u00fcn\u00fcyordu. <\/span><\/p>\n<p style=\"text-align: justify\"><span style=\"color: #4b4f56\">Devletimizin i\u00e7erisine uzun bir y\u0131l boyunca yuvalanm\u0131\u015f FET\u00d6&#8217;n\u00fcn m\u00fcridleri milletin kar\u015f\u0131s\u0131na \u00e7\u0131kt\u0131. \u015eunu da s\u00f6yleyeyim. Zann\u0131mca bunu yapanlar T\u00fcrkiye ele ge\u00e7irildikten sonra ortadan kald\u0131r\u0131l\u0131rlard\u0131. \u00c7\u00fcnk\u00fc bu yap\u0131 sadece g\u00f6r\u00fcn\u00fcrde oldu\u011fu gibi FET\u00d6&#8217;den ibaret de\u011fildi. Bunun arkas\u0131nda CIA vard\u0131, ABD vard\u0131, (darbeyi bizzat ABD yapt\u0131) i\u00e7eriden destekleyen FET\u00d6 u\u015faklar\u0131 vard\u0131. B\u00f6yle uluslararas\u0131 bir \u00f6rg\u00fct ba\u015f\u0131bo\u015f de\u011fildi elbet. Bu yap\u0131 T\u00fcrkiyeyi ortadan kald\u0131rmak, Ortado\u011fu yu T\u00fcrkiyesiz yani ba\u015fs\u0131z b\u0131rakmak, b\u00f6ylelikle kolay i\u015flenebilen bir b\u00f6lge haline getirmek istiyordu&#8230; <\/span><\/p>\n<p style=\"text-align: justify\"><span style=\"color: #4b4f56\">Ama T\u00fcrkiye, lider Recep Tayyip Erdo\u011fan&#8217;\u0131n \u00e7a\u011fr\u0131s\u0131 ile sokaklara, meydanlara, hava alanlar\u0131na ko\u015ftu, devletini bu ipsiz, ne id\u00fc\u011f\u00fc belli olmayan bu yap\u0131ya teslim etmedi. Bu asl\u0131na bakt\u0131\u011f\u0131m\u0131z zaman \u00e7ok \u00f6nemli bir birlikteliktir. Neden mi? \u00c7ok a\u00e7\u0131k de\u011fil mi de\u011ferli okuyucu. Menderes hakl\u0131yd\u0131 ama arkas\u0131nda destekleyen kimse yoktu. Olsa bile sessizdi millet. O sessizli\u011fini bozamad\u0131. 1980&#8217;lerin, 1990&#8217;lar\u0131n T\u00fcrkiyesi de b\u00f6yleydi. Ama ilk kez b\u00f6yle bir \u015fey oluyordu. Millet art\u0131k deste\u011fini sessizden de\u011fil a\u00e7\u0131ktan veriyordu. \u00c7\u00fcnk\u00fc devletin eli g\u00fc\u00e7l\u00fc idi, hem i\u00e7eride birlik ve beraberli\u011fi sa\u011fl\u0131yorduk hem de d\u0131\u015far\u0131dan devletin politikalar\u0131n\u0131 destekliyorduk. Bu ancak ve ancak devlet-millet birlik ve beraberli\u011fi ile olurdu. <\/span><\/p>\n<p style=\"text-align: justify\"><span style=\"color: #4b4f56\">Allah&#8217;a \u015f\u00fck\u00fcrler olsun ki bunlar\u0131 atlatt\u0131k. Art\u0131k T\u00fcrkiye g\u00fcndem belirleyen \u00fclke haline geldi. Ancak b\u00f6yle olunca Suriye&#8217;ye girerdik, ancak b\u00f6yle olunca Balkanlar&#8217;da ne oluyor, Kafkaslar&#8217;da ne oluyor, Afrika&#8217;da ne oluyor diye m\u00fcdahale edebilirdik. Yaln\u0131z bizim buradaki m\u00fcdahalemiz farkl\u0131, biz o topraklar\u0131 sahibine geri teslim etmek i\u00e7in gidiyoruz. Suriye&#8217;ye de bu saikle girdik. <\/span><\/p>\n<p style=\"text-align: justify\"><span style=\"color: #4b4f56\">Nerelerden nerelere geldik de\u011fil mi? T\u0131pk\u0131 Esaretten ba\u011f\u0131ms\u0131zl\u0131\u011fa ad\u0131m atm\u0131\u015f gibi. T\u00fcrkiye belki 90 y\u0131ll\u0131k bir Cumhuriyetti. Ancak d\u0131\u015far\u0131dan y\u00f6netilen bir cumhuriyetti. Daha 10 senedir tam ba\u011f\u0131ms\u0131z olduk. Bu da devletin g\u00fc\u00e7l\u00fc eliyle oldu, 15 Temmuzda verdi\u011fimiz \u015fehitlerin y\u00fcz\u00fc suyu h\u00fcrmetine, gazilerimiz h\u00fcrmetine daha g\u00fc\u00e7lenece\u011fiz&#8230; Biz de bu saatten sonra her ne olursa olsun devletimizin arkas\u0131nda olaca\u011f\u0131z. Ba\u011f\u0131ms\u0131zl\u0131k i\u00e7in, ezan i\u00e7in, bayrak i\u00e7in, vatan i\u00e7in, b\u00fcy\u00fck T\u00fcrkiye akl\u0131 i\u00e7in&#8230; <\/span><\/p>\n<p style=\"text-align: justify\"><span style=\"color: #4b4f56\">Bu duygu ve d\u00fc\u015f\u00fcncelerle \u015fehitlerimize Allahtan rahmet, gazilerime acil \u015fifalar diliyor, sonsuz \u015f\u00fckranlar\u0131m\u0131 sunuyorum. <\/span><\/p>\n<div style=\"color: #1d2129\">\n<div>\n<div class=\"_4tdt _ua1\">\n<div class=\"_ua2\">\n<div class=\"_4tdv\">\n<div class=\"_5wd4 _1nc7\">\n<div class=\"_h8t\">\n<div class=\"_5wd9 direction_ltr\">\n<div class=\"_5wde _n4o\">\n<div class=\"_5w1r _3_om _5wdf\" style=\"color: #4b4f56\">\n<div class=\"_4gx_\">\n<div class=\"_d97\"><span class=\"_5yl5\">Selam ve dua ile&#8230;<\/span><\/div>\n<div class=\"_d97\"><\/div>\n<div class=\"_d97\"><strong>\u0130BRAH\u0130M YAVUZ<\/strong><\/div>\n<\/div>\n<\/div>\n<\/div>\n<\/div>\n<\/div>\n<\/div>\n<\/div>\n<\/div>\n<\/div>\n<\/div>\n<div><\/div>\n<\/div>\n","protected":false},"excerpt":{"rendered":"<p>Baz\u0131 ifadeler vard\u0131r bir durumu anlatmak i\u00e7in, bu ifadeler T\u00fcrkiye gibi bir \u00fclkede anlam bulur. Bu 15 Temmuzdur. \u0130\u015fte b\u00f6yle bir ifadenin seneyi devresindeyiz. Nice sava\u015flarda \u015fehitler verdik, gazilerimiz oldu. Ama hi\u00e7bir \u015fehit, hi\u00e7bir gazi 15 Temmuzda anlam buldu\u011fu kadar di\u011ferlerinde de anlam bulmu\u015ftur diyemiyorum.\u00a0 Niye mi? 15 Temmuz&#8217;da 249 \u015fehit verdik, 2193 gazimiz var. &hellip;<\/p>\n","protected":false},"author":20,"featured_media":48521,"comment_status":"open","ping_status":"open","sticky":false,"template":"","format":"standard","meta":{"om_disable_all_campaigns":false,"_themeisle_gutenberg_block_has_review":false,"_joinchat":[],"footnotes":""},"categories":[38,57,43],"tags":[],"class_list":["post-22149","post","type-post","status-publish","format-standard","has-post-thumbnail","","category-guncel","category-ibrahim","category-yazarlar"],"_links":{"self":[{"href":"https:\/\/akincilardergisi.com\/tr\/wp-json\/wp\/v2\/posts\/22149","targetHints":{"allow":["GET"]}}],"collection":[{"href":"https:\/\/akincilardergisi.com\/tr\/wp-json\/wp\/v2\/posts"}],"about":[{"href":"https:\/\/akincilardergisi.com\/tr\/wp-json\/wp\/v2\/types\/post"}],"author":[{"embeddable":true,"href":"https:\/\/akincilardergisi.com\/tr\/wp-json\/wp\/v2\/users\/20"}],"replies":[{"embeddable":true,"href":"https:\/\/akincilardergisi.com\/tr\/wp-json\/wp\/v2\/comments?post=22149"}],"version-history":[{"count":0,"href":"https:\/\/akincilardergisi.com\/tr\/wp-json\/wp\/v2\/posts\/22149\/revisions"}],"wp:featuredmedia":[{"embeddable":true,"href":"https:\/\/akincilardergisi.com\/tr\/wp-json\/wp\/v2\/media\/48521"}],"wp:attachment":[{"href":"https:\/\/akincilardergisi.com\/tr\/wp-json\/wp\/v2\/media?parent=22149"}],"wp:term":[{"taxonomy":"category","embeddable":true,"href":"https:\/\/akincilardergisi.com\/tr\/wp-json\/wp\/v2\/categories?post=22149"},{"taxonomy":"post_tag","embeddable":true,"href":"https:\/\/akincilardergisi.com\/tr\/wp-json\/wp\/v2\/tags?post=22149"}],"curies":[{"name":"wp","href":"https:\/\/api.w.org\/{rel}","templated":true}]}}