{"id":21777,"date":"2017-06-29T11:19:42","date_gmt":"2017-06-29T08:19:42","guid":{"rendered":"http:\/\/akincilardergisi.com\/dergi\/?p=21777"},"modified":"2023-11-05T13:42:31","modified_gmt":"2023-11-05T10:42:31","slug":"ihanet-yuruyusu","status":"publish","type":"post","link":"https:\/\/akincilardergisi.com\/tr\/ihanet-yuruyusu\/","title":{"rendered":"\u0130HANET Y\u00dcR\u00dcY\u00dc\u015e\u00dc"},"content":{"rendered":"<p style=\"color: #1d2129\"><img decoding=\"async\" src=\"http:\/\/www.gazetehamburg.com\/resimler\/m\/almanya-da-basin-ozgurlugu-yuruyusu.jpg\" alt=\"\u0130lgili resim\" \/><\/p>\n<p style=\"color: #1d2129\">Anar\u015fizme ve kaosa; d\u00fczen<br \/>\nHaks\u0131zl\u0131\u011fa; adalet<br \/>\nYabanc\u0131la\u015fmaya; modernlik<span class=\"text_exposed_show\"><br \/>\nSap\u0131kl\u0131\u011fa; \u00e7a\u011fda\u015fl\u0131k<br \/>\nTer\u00f6riste; kahraman<br \/>\nTer\u00f6rizme; hak arama<br \/>\n\u0130hanete; yurtta\u015fl\u0131k<br \/>\nAjanl\u0131\u011fa; gazetecilik<br \/>\nYard\u0131m ve yatakl\u0131k yapmaya; akademisyenlik<br \/>\nDinsizli\u011fe; laiklik<br \/>\nNamussuzlu\u011fa; \u00f6zg\u00fcrl\u00fck<br \/>\nHainli\u011fe; muhabbet fedaili\u011fi<br \/>\n\u0130slam d\u00fc\u015fman\u0131 olmaya bat\u0131c\u0131l\u0131k<br \/>\nT\u00fcrkiye d\u00fc\u015fman\u0131 olmaya; AB taraftarl\u0131\u011f\u0131<br \/>\nKatillere; \u00f6zg\u00fcrl\u00fck sava\u015f\u00e7\u0131s\u0131<br \/>\nVatan hainlerine; gerilla<br \/>\n\u015eerefsizli\u011fe; onur diyen soysuz bir anlay\u0131\u015fla kar\u015f\u0131 kar\u015f\u0131yay\u0131z. <\/span><\/p>\n<p style=\"color: #1d2129\"><span class=\"text_exposed_show\">Bug\u00fcn adalet ad\u0131na sokaklarda y\u00fcr\u00fcyen bu inkarc\u0131 hak, hukuk ve adalet d\u00fc\u015fman\u0131 zihniyet \u00fclkemizde Kaos ve anar\u015fi \u00e7\u0131karmak i\u00e7in y\u00fcr\u00fcyor.<br \/>\nD\u00fc\u015fmanlar\u0131m\u0131z\u0131n talimat\u0131 ve politikalar\u0131 do\u011frultusunda yap\u0131lan bu &#8221;Kaos Y\u00fcr\u00fcy\u00fc\u015f\u00fc&#8217; \u00a0bir &#8221;\u0130hanet Y\u00fcr\u00fcy\u00fc\u015f\u00fc&#8221; d\u00fcr.<\/span><\/p>\n<div class=\"text_exposed_show\" style=\"color: #1d2129\">\n<p>Bu y\u00fcr\u00fcy\u00fc\u015fe kat\u0131lanlar ve onu maddi, manevi ve g\u00f6n\u00fclden destekleyenler bu ihanetin uzaktan yak\u0131ndan orta\u011f\u0131 ve su\u00e7lusudurlar.<\/p>\n<p>Bunlar T\u00fcrkiye d\u00fc\u015fmanlar\u0131n\u0131n tetik\u00e7ileridirler.<\/p>\n<p>Hainleri, ihanet ocaklar\u0131n\u0131 ve onlar\u0131n arkas\u0131ndaki emperyalist g\u00fc\u00e7 odaklar\u0131n\u0131 iyi tan\u0131 milletim!<\/p>\n<p>D\u00fc\u015fmanlar\u0131n\u0131 ve d\u00fc\u015fmanlar\u0131n\u0131n dostlar\u0131n\u0131 iyi g\u00f6r, iyi bil ve iyi tespit et! Yar\u0131n en b\u00fcy\u00fck ihanet ve sald\u0131r\u0131larla kar\u015f\u0131na dikilecek olanlar yine bunlar olacak \u00e7\u00fcnk\u00fc.<\/p>\n<p>AR\u0130F ALTUNBA\u015e<\/p>\n<\/div>\n","protected":false},"excerpt":{"rendered":"<p>Anar\u015fizme ve kaosa; d\u00fczen Haks\u0131zl\u0131\u011fa; adalet Yabanc\u0131la\u015fmaya; modernlik Sap\u0131kl\u0131\u011fa; \u00e7a\u011fda\u015fl\u0131k Ter\u00f6riste; kahraman Ter\u00f6rizme; hak arama \u0130hanete; yurtta\u015fl\u0131k Ajanl\u0131\u011fa; gazetecilik Yard\u0131m ve yatakl\u0131k yapmaya; akademisyenlik Dinsizli\u011fe; laiklik Namussuzlu\u011fa; \u00f6zg\u00fcrl\u00fck Hainli\u011fe; muhabbet fedaili\u011fi \u0130slam d\u00fc\u015fman\u0131 olmaya bat\u0131c\u0131l\u0131k T\u00fcrkiye d\u00fc\u015fman\u0131 olmaya; AB taraftarl\u0131\u011f\u0131 Katillere; \u00f6zg\u00fcrl\u00fck sava\u015f\u00e7\u0131s\u0131 Vatan hainlerine; gerilla \u015eerefsizli\u011fe; onur diyen soysuz bir anlay\u0131\u015fla kar\u015f\u0131 kar\u015f\u0131yay\u0131z. Bug\u00fcn &hellip;<\/p>\n","protected":false},"author":2,"featured_media":46666,"comment_status":"open","ping_status":"open","sticky":false,"template":"","format":"standard","meta":{"om_disable_all_campaigns":false,"_themeisle_gutenberg_block_has_review":false,"_joinchat":[],"footnotes":""},"categories":[49,38,43],"tags":[],"class_list":["post-21777","post","type-post","status-publish","format-standard","has-post-thumbnail","","category-arif","category-guncel","category-yazarlar"],"_links":{"self":[{"href":"https:\/\/akincilardergisi.com\/tr\/wp-json\/wp\/v2\/posts\/21777","targetHints":{"allow":["GET"]}}],"collection":[{"href":"https:\/\/akincilardergisi.com\/tr\/wp-json\/wp\/v2\/posts"}],"about":[{"href":"https:\/\/akincilardergisi.com\/tr\/wp-json\/wp\/v2\/types\/post"}],"author":[{"embeddable":true,"href":"https:\/\/akincilardergisi.com\/tr\/wp-json\/wp\/v2\/users\/2"}],"replies":[{"embeddable":true,"href":"https:\/\/akincilardergisi.com\/tr\/wp-json\/wp\/v2\/comments?post=21777"}],"version-history":[{"count":0,"href":"https:\/\/akincilardergisi.com\/tr\/wp-json\/wp\/v2\/posts\/21777\/revisions"}],"wp:featuredmedia":[{"embeddable":true,"href":"https:\/\/akincilardergisi.com\/tr\/wp-json\/wp\/v2\/media\/46666"}],"wp:attachment":[{"href":"https:\/\/akincilardergisi.com\/tr\/wp-json\/wp\/v2\/media?parent=21777"}],"wp:term":[{"taxonomy":"category","embeddable":true,"href":"https:\/\/akincilardergisi.com\/tr\/wp-json\/wp\/v2\/categories?post=21777"},{"taxonomy":"post_tag","embeddable":true,"href":"https:\/\/akincilardergisi.com\/tr\/wp-json\/wp\/v2\/tags?post=21777"}],"curies":[{"name":"wp","href":"https:\/\/api.w.org\/{rel}","templated":true}]}}