{"id":21650,"date":"2017-06-22T12:56:26","date_gmt":"2017-06-22T09:56:26","guid":{"rendered":"http:\/\/akincilardergisi.com\/dergi\/?p=21650"},"modified":"2023-11-05T13:26:09","modified_gmt":"2023-11-05T10:26:09","slug":"21650-2","status":"publish","type":"post","link":"https:\/\/akincilardergisi.com\/tr\/21650-2\/","title":{"rendered":"NATO KAFA NATO MERMER"},"content":{"rendered":"<p style=\"color: #363636;text-align: justify\">Nereden gireyim olaya inan\u0131n bilmiyorum. ADALET i\u00e7in y\u00fcr\u00fcy\u00fc\u015f i\u00e7in yollara d\u00fc\u015fm\u00fc\u015f olarak g\u00f6r\u00fcnseler de bu devleti i\u00e7eriden \u00e7\u00f6kertmeye \u00e7al\u0131\u015fanlara yard\u0131mc\u0131 olanlar var bu \u00fclkede&#8230;<\/p>\n<p style=\"color: #363636;text-align: justify\">Bir ana muhalefet partisinden bahsediyoruz, T\u00fcrkiye Cumhuriyetinin en k\u00f6kl\u00fc partisinden hem de. \u015eu hususu belirtmeden ge\u00e7emeyece\u011fim.\u00a0 CHP\u2019nin bu \u00fclkede iktidar y\u00fcz\u00fc g\u00f6rememesinin en \u00f6nemli nedeni s\u00f6zde parti g\u00f6r\u00fc\u015f ve felsefesinin bu \u00fclkenin dokular\u0131yla uyu\u015fmamas\u0131d\u0131r. Yani Mustafa Kemal kalk\u0131p gelse ne der \u00e7ok merak ediyorum. Mustafa Kemal\u2019in milliyet\u00e7i damar\u0131 vard\u0131. Ak\u0131l al\u0131r gibi de\u011fil! Koskoca bir partinin felsefesi bu \u00fclkenin de\u011ferlerine ayk\u0131r\u0131, bu milletle uyu\u015fmayan bir yap\u0131ya sahip olabilir mi?<\/p>\n<p style=\"color: #363636;text-align: justify\">Ac\u0131yorum koskoca T\u00fcrkiye Cumhuriyet Halk Partisi\u2019nin partisinin bu durumda olmas\u0131na. Baz\u0131 devlet adamlar\u0131n\u0131n ahmakl\u0131\u011f\u0131 y\u00fcz\u00fcnden bug\u00fcn bu haldeyiz. Hem bu milletin ekme\u011fini yiyeceksiniz, hem de bu milletin de\u011ferlerine\u00a0ayk\u0131r\u0131 hareket edip d\u0131\u015far\u0131ya kar\u015f\u0131 onu k\u00f6t\u00fc lanse edeceksiniz.<\/p>\n<p style=\"color: #363636;text-align: justify\">Zaten d\u00f6rt bir taraf\u0131m\u0131z cad\u0131 kazan\u0131 gibi. Bir de d\u0131\u015f mihraklar\u0131n bu \u00fclkenin par\u00e7alanmaya \u00e7al\u0131\u015f\u0131lmas\u0131na i\u00e7imizdeki basiretsiz adamlar\u0131n \u00e7anak tuttu\u011funu g\u00f6rd\u00fck\u00e7e akl\u0131 yitirmemek elde de\u011fil. D\u00fcnyaya egemen olmaya \u00e7al\u0131\u015fan gizli g\u00fc\u00e7ler d\u0131\u015far\u0131dan top at\u0131\u015f\u0131 yap\u0131yor. \u0130\u00e7imizde milli g\u00f6r\u00fcn\u00fc\u015fl\u00fc gayri milli partinin temsilcileri i\u00e7eriden top at\u0131\u015f\u0131n\u0131 nereye yapacaklar\u0131n\u0131 g\u00f6steriyorlar. ADALET Y\u00dcR\u00dcY\u00dc\u015eLER\u0130N\u0130 kim i\u00e7in yapt\u0131klar\u0131na bak\u0131n. Tamamen T\u00fcrk d\u00fc\u015fman\u0131, bu topraklar\u0131n haysiyetine, \u015ferefine ayk\u0131r\u0131 hal ve hareketlerde bulunanlar i\u00e7in adalet y\u00fcr\u00fcy\u00fc\u015f\u00fc yap\u0131yorlar.<\/p>\n<p style=\"color: #363636;text-align: justify\">Bu topraklardan ba\u015fka gidecek yerimiz yok diye diye dilde t\u00fcy kalmad\u0131. Sanki bu millet yok olup gidince kendileri atlas yorganlarda, Avrupa\u2019n\u0131n en kral yerlerinde yatacaklar\u0131n\u0131 zannediyorlar. Lanet olsun sizin ideolojik d\u00fcnyan\u0131za\u2026<\/p>\n<p style=\"color: #363636;text-align: justify\">Yine de bu milletin sab\u0131r limiti her zaman y\u00fcksek olmu\u015ftur. Allah bu milleti hala i\u00e7imizde bu \u015feref k\u0131r\u0131nt\u0131ar\u0131 oldu\u011fu i\u00e7in ayakta tutmaktad\u0131r. Bak\u0131n sabr\u0131n sonu selamete gidere do\u011fru gidiyoruz. \u0130n\u015fallah bu millet bunun da \u00fcstesinden gelecektir. Sonunda kazanan yine mazlumlar d\u00fcnyas\u0131 olacakt\u0131r. ARTIK D\u0130LLERE PELESENK OLMAKTAN \u00d6TEYE G\u0130TMEZ ESK\u0130 KAFAYLA DEVAM EDERSEK (Bug\u00fcn CHP&#8217;nin yapt\u0131\u011f\u0131 gibi) bir arpa boyu yol alamay\u0131z.<\/p>\n<p style=\"color: #363636;text-align: justify\">Allah devletimize ve milletimize zeval vermesin devletimizi ve milletimiz her daim korusun in\u015fallah. \u015eu m\u00fcbarek ay\u0131n sonuna yakla\u015f\u0131yoruz. Bu ay\u0131n h\u00fcrmetine tek dile\u011fimiz \u00fclkemizin ve \u0130slam aleminin kalk\u0131nmas\u0131 olsun&#8230;<\/p>\n<p style=\"color: #363636;text-align: justify\">SELAM VE DUA \u0130LE\u2026<\/p>\n<p style=\"color: #363636;text-align: justify\"><strong>\u0130BRAH\u0130M YAVUZ<\/strong><\/p>\n","protected":false},"excerpt":{"rendered":"<p>Nereden gireyim olaya inan\u0131n bilmiyorum. ADALET i\u00e7in y\u00fcr\u00fcy\u00fc\u015f i\u00e7in yollara d\u00fc\u015fm\u00fc\u015f olarak g\u00f6r\u00fcnseler de bu devleti i\u00e7eriden \u00e7\u00f6kertmeye \u00e7al\u0131\u015fanlara yard\u0131mc\u0131 olanlar var bu \u00fclkede&#8230; Bir ana muhalefet partisinden bahsediyoruz, T\u00fcrkiye Cumhuriyetinin en k\u00f6kl\u00fc partisinden hem de. \u015eu hususu belirtmeden ge\u00e7emeyece\u011fim.\u00a0 CHP\u2019nin bu \u00fclkede iktidar y\u00fcz\u00fc g\u00f6rememesinin en \u00f6nemli nedeni s\u00f6zde parti g\u00f6r\u00fc\u015f ve felsefesinin bu &hellip;<\/p>\n","protected":false},"author":20,"featured_media":48521,"comment_status":"open","ping_status":"open","sticky":false,"template":"","format":"standard","meta":{"om_disable_all_campaigns":false,"_themeisle_gutenberg_block_has_review":false,"_joinchat":[],"footnotes":""},"categories":[38,57,43],"tags":[],"class_list":["post-21650","post","type-post","status-publish","format-standard","has-post-thumbnail","","category-guncel","category-ibrahim","category-yazarlar"],"_links":{"self":[{"href":"https:\/\/akincilardergisi.com\/tr\/wp-json\/wp\/v2\/posts\/21650","targetHints":{"allow":["GET"]}}],"collection":[{"href":"https:\/\/akincilardergisi.com\/tr\/wp-json\/wp\/v2\/posts"}],"about":[{"href":"https:\/\/akincilardergisi.com\/tr\/wp-json\/wp\/v2\/types\/post"}],"author":[{"embeddable":true,"href":"https:\/\/akincilardergisi.com\/tr\/wp-json\/wp\/v2\/users\/20"}],"replies":[{"embeddable":true,"href":"https:\/\/akincilardergisi.com\/tr\/wp-json\/wp\/v2\/comments?post=21650"}],"version-history":[{"count":0,"href":"https:\/\/akincilardergisi.com\/tr\/wp-json\/wp\/v2\/posts\/21650\/revisions"}],"wp:featuredmedia":[{"embeddable":true,"href":"https:\/\/akincilardergisi.com\/tr\/wp-json\/wp\/v2\/media\/48521"}],"wp:attachment":[{"href":"https:\/\/akincilardergisi.com\/tr\/wp-json\/wp\/v2\/media?parent=21650"}],"wp:term":[{"taxonomy":"category","embeddable":true,"href":"https:\/\/akincilardergisi.com\/tr\/wp-json\/wp\/v2\/categories?post=21650"},{"taxonomy":"post_tag","embeddable":true,"href":"https:\/\/akincilardergisi.com\/tr\/wp-json\/wp\/v2\/tags?post=21650"}],"curies":[{"name":"wp","href":"https:\/\/api.w.org\/{rel}","templated":true}]}}