{"id":21581,"date":"2017-06-21T01:27:55","date_gmt":"2017-06-20T22:27:55","guid":{"rendered":"http:\/\/akincilardergisi.com\/dergi\/?p=21581"},"modified":"2023-11-07T15:59:11","modified_gmt":"2023-11-07T12:59:11","slug":"katar-terorizme-destek-verdigi-icin-degil-terorizme-destek-vermedigi-icin-cezalandiriliyor","status":"publish","type":"post","link":"https:\/\/akincilardergisi.com\/tr\/katar-terorizme-destek-verdigi-icin-degil-terorizme-destek-vermedigi-icin-cezalandiriliyor\/","title":{"rendered":"KATAR  TER\u00d6R\u0130ZME DESTEK VERD\u0130\u011e\u0130 \u0130\u00c7\u0130N DE\u011e\u0130L  TER\u00d6R\u0130ZME DESTEK VERMED\u0130\u011e\u0130 \u0130\u00c7\u0130N CEZALANDIRILIYOR"},"content":{"rendered":"<p style=\"color: #000000\">D\u00fcnyan\u0131n en b\u00fcy\u00fck ter\u00f6risti ABD<\/p>\n<p style=\"color: #000000\">Ona buna ter\u00f6rist diyerek parsa toplamaya \u00e7al\u0131\u015f\u0131yor.<\/p>\n<p style=\"color: #000000\">\u00d6nce S. Arabistan\u2019a g\u00f6zda\u011f\u0131 vermeye kalkt\u0131. S. Arabistan\u2019\u0131n kendisine emanet etti\u011fi 750 Milyar $ \u0131n \u00fcst\u00fcne yataca\u011f\u0131n\u0131 s\u00f6yledi. (Allah bilir yatm\u0131\u015ft\u0131r da. Suudlular\u0131n Amerika\u2019dan hesap soracak g\u00fcc\u00fc m\u00fc var?..)<\/p>\n<p style=\"color: #000000\">S. Arabistan tehditler kar\u015f\u0131s\u0131nda pes edip teslim olunca TRUMP hi\u00e7bir \u015fey olmam\u0131\u015f gibi \u0130lk yurt d\u0131\u015f\u0131 ziyaretini Arabistan\u2019a yaparak kazand\u0131\u011f\u0131 zaferi k\u00fcre \u00f6n\u00fcnde poz vererek d\u00fcnyaya g\u00f6sterdi.<\/p>\n<p style=\"color: #000000\">Suudlulardan ald\u0131\u011f\u0131 t\u00fcyolarla \u015fimdi de KATAR\u2019a \u00e7\u00f6kmeye \u00e7al\u0131\u015f\u0131yor.<\/p>\n<p style=\"color: #000000\">Ne i\u00e7in?<\/p>\n<p style=\"color: #000000\">Bar\u0131\u015f i\u00e7in.<\/p>\n<p style=\"color: #000000\">\u00dcstelik HAMAS gibi vatan\u0131n\u0131 Siyonist \u0130srail\u2019den savunmaya \u00e7al\u0131\u015fan bir hareketi ter\u00f6r listesine alarak bunu yapmaya \u00e7al\u0131\u015f\u0131yor. Yani bir ta\u015fla iki ku\u015f\u2026<\/p>\n<p style=\"color: #000000\">Amerika\u2019n\u0131n ge\u00e7mi\u015finde yapt\u0131\u011f\u0131 ter\u00f6r faaliyetleri herkesin malumu\u2026<\/p>\n<p style=\"color: #000000\">Hiro\u015fima ve Nagazaki\u2019ye atom bombalar\u0131 atarak en b\u00fcy\u00fck ter\u00f6rist en b\u00fcy\u00fck cani oldu\u011funu her seferinde ispatlam\u0131\u015f bir \u00fclkedir Amerika\u2026<\/p>\n<p style=\"color: #000000\">Vietnam\u2019da<\/p>\n<p style=\"color: #000000\">Irak\u2019ta<\/p>\n<p style=\"color: #000000\">Afganistan\u2019da<\/p>\n<p style=\"color: #000000\">G\u00fcney Amerika \u00fclkelerinde yapt\u0131\u011f\u0131 katliamlar hala haf\u0131zalardad\u0131r.<\/p>\n<p style=\"color: #000000\">D\u00fcne kadar<\/p>\n<p style=\"color: #000000\">PKK ya el alt\u0131ndan her t\u00fcrl\u00fc silah ve m\u00fchimmat\u0131 veren,<\/p>\n<p style=\"color: #000000\">E\u011fitim giyim ve ia\u015fesini sa\u011flayan yine Amerika\u2019d\u0131r.<\/p>\n<p style=\"color: #000000\">ABD<\/p>\n<p style=\"color: #000000\">PKK n\u0131n siyasi bir g\u00fc\u00e7 olmas\u0131n\u0131 ve uyu\u015fturucudan gelen paran\u0131n transfer i\u015fini de, b\u00fcy\u00fck s\u00f6m\u00fcrgesi Almanya\u2019ya vermi\u015ftir.<\/p>\n<p style=\"color: #000000\">ABD<\/p>\n<p style=\"color: #000000\">B\u00fct\u00fcn bunlar\u0131 yaparken m\u00fcttefik(!) olmam\u0131zdan kaynaklanan hassasiyetle gizlilik kaidesine riayet ediyordu.<\/p>\n<p style=\"color: #000000\">Ama bug\u00fcn<\/p>\n<p style=\"color: #000000\">Ona da gerek duymuyor. PKK n\u0131n Suriye kolu olan PYD ye g\u00f6z g\u00f6re g\u00f6re silah ve her t\u00fcrl\u00fc askeri m\u00fchimmat\u0131 vermeye devam ediyor.<\/p>\n<p style=\"color: #000000\">D\u00dcNYANIN EN BOR\u00c7LU \u00dcLKES\u0130 AMER\u0130KA<\/p>\n<p style=\"color: #000000\">\u015eimdi ABD ne yaps\u0131n?<\/p>\n<p style=\"color: #000000\">Oraya buraya t\u00fcm d\u00fcnyaya silah ya\u011fd\u0131r\u0131rken bunu bedava yapacak hali yok.<\/p>\n<p style=\"color: #000000\">Bunun bir bedeli olmas\u0131 gerekiyor.<\/p>\n<p style=\"color: #000000\">PYD ye verdi\u011fi silahlar\u0131n paras\u0131n\u0131 PYD den alacak durumu da yok. \u015eimdilik tabii\u2026 Bu verdi\u011fi silahlar ilerisi i\u00e7in bir yat\u0131r\u0131md\u0131r.<\/p>\n<p style=\"color: #000000\">Ancak<\/p>\n<p style=\"color: #000000\">ABD nin de acele paraya ihtiyac\u0131 da var. \u00c7\u00fcnk\u00fc d\u00fcnyan\u0131 en bor\u00e7lu \u00fclkesi\u2026 20 Trilyon $ a yak\u0131n borcu var.<\/p>\n<p style=\"color: #000000\">Bunun i\u00e7in K\u00f6rfez \u00fclkelerine dald\u0131.<\/p>\n<p style=\"color: #000000\">Zaten TRUMP se\u00e7im \u00e7al\u0131\u015fmalar\u0131 s\u0131ras\u0131nda se\u00e7menine bu minvalde s\u00f6z vermi\u015fti: ABD nin Borcunu k\u00f6rfez \u00fclkelerinden toplayaca\u011f\u0131 paralarla kapatacak diye.<\/p>\n<p style=\"color: #000000\">KATAR D\u0130REN\u0130YOR<\/p>\n<p style=\"color: #000000\">Amerika<\/p>\n<p style=\"color: #000000\">Hem borcunu kapatmak hem de ba\u015fta PYD olmak \u00fczere PKK, DAE\u015e, BOKO HARAM, FET\u00d6 vb. ter\u00f6r \u00f6rg\u00fctlerine verdi\u011fi silah ve yard\u0131mlar\u0131n faturas\u0131n\u0131 kesmek i\u00e7in ilk durak k\u00f6rfeze iniyor.<\/p>\n<p style=\"color: #000000\">Di\u011fer \u00fclkeler<\/p>\n<p style=\"color: #000000\">Amerika\u2019n\u0131n \u015ferrinden \u00e7ekindikleri i\u00e7in boyun e\u011ferken Katar bu kumpasa gelmiyor.<\/p>\n<p style=\"color: #000000\">KUMPAS NED\u0130R?<\/p>\n<p style=\"color: #000000\">\u015e\u00f6yle ki;<\/p>\n<p style=\"color: #000000\">ABD ter\u00f6r \u00f6rg\u00fctlerine g\u00f6nderdi\u011fi silah ve yard\u0131mlar\u0131n faturas\u0131n\u0131, B\u00f6lge \u00fclkelerine satt\u0131\u011f\u0131 silahlar\u0131n \u00fczerine ilave ediyor.<\/p>\n<p style=\"color: #000000\">Kabaran faturalar\u0131n hesab\u0131n\u0131 Ortado\u011fu \u00fclkelerinin hangi rejimi olursa olsun sorma \u015fans\u0131 yok.<\/p>\n<p style=\"color: #000000\">Lider itiraz ederse eder.. etmezse ge\u00e7mi\u015f olsun.<\/p>\n<p style=\"color: #000000\">Katar<\/p>\n<p style=\"color: #000000\">T\u00fcrkiye ve di\u011fer \u0130slam \u00fclkelerine kar\u015f\u0131 kurulan bu kumpasa gelmedi. Ter\u00f6re destek vermedi.<\/p>\n<p style=\"color: #000000\">Sadece \u00e7ekindi\u011fi i\u00e7in ABD ye 30 Milyar $ l\u0131k bir yat\u0131r\u0131m yapabilece\u011fini vadetti.<\/p>\n<p style=\"color: #000000\">A\u011fz\u0131n\u0131 timsah gibi a\u00e7m\u0131\u015f bekleyen Amerika bu kadarc\u0131k bir lokmay\u0131 \u00e7ok az g\u00f6rd\u00fc ve Katar\u2019\u0131 dost(!) ve karde\u015fleri(!) vas\u0131tas\u0131yla hedef tahtas\u0131na koydu.<\/p>\n<p style=\"color: #000000\">E\u011fer Katar<\/p>\n<p style=\"color: #000000\">ABD nin istedi\u011fi ter\u00f6rist faaliyetlere destek vermeyi kabul etseydi bug\u00fcn ABD taraf\u0131ndan en makbul \u00fclke olurdu.<\/p>\n<p style=\"color: #000000\">E\u015eK\u0130YA D\u00dcNYAYA H\u00dcK\u00dcMRAN OLMU\u015e<\/p>\n<p style=\"color: #000000\">Amerika<\/p>\n<p style=\"color: #000000\">Bunca ter\u00f6rist faaliyetlerine ra\u011fmen<\/p>\n<p style=\"color: #000000\">G\u00fcc\u00fcnden ald\u0131\u011f\u0131 yetkiyle bug\u00fcn d\u00fcnyaya racon kesiyor.<\/p>\n<p style=\"color: #000000\">Ona buna ter\u00f6rist diyerek fatura kesiyor.<\/p>\n<p style=\"color: #000000\">Faturay\u0131 \u00f6deyen kurtuluyor. Suudilerin yapt\u0131\u011f\u0131 gibi\u2026<\/p>\n<p style=\"color: #000000\">ABD ile 100 milyarlarca $ l\u0131k silah anla\u015fmalar\u0131 yaparak kurtuldu\u011funu san\u0131yor.<\/p>\n<p style=\"color: #000000\">H\u00e2lbuki<\/p>\n<p style=\"color: #000000\">Bu kurtulu\u015f s\u00fcrekli de\u011fildir. ABD doymaz\u2026 Doyacak gibi de de\u011fildir ama Suudiler \u015fimdilik kurtulmu\u015f oluyor. S\u0131rada hangi \u00fclkeler var bilmiyoruz.<\/p>\n<p style=\"color: #000000\">KATAR SARI<\/p>\n<p style=\"color: #000000\">SUUD\u0130LER S\u0130YAH \u00d6K\u00dcZD\u00dcR<\/p>\n<p style=\"color: #000000\">Me\u015fhur darb-\u0131 meseldir.<\/p>\n<p style=\"color: #000000\">Aslan g\u00f6z\u00fcn\u00fc kestirdi\u011fi \u00f6k\u00fczlere dalmak istiyor ama hepsine g\u00fcc\u00fcn\u00fcn yetmeyece\u011fini.. i\u015fin sonunda telef olup gidece\u011fini anl\u0131yor.<\/p>\n<p style=\"color: #000000\">Bunun i\u00e7in \u00f6nce<\/p>\n<p style=\"color: #000000\">Siyah ve benekli \u00f6k\u00fcze yana\u015farak kendileriyle bir i\u015finin olmad\u0131\u011f\u0131n\u0131, derdinin sar\u0131 \u00f6k\u00fczle oldu\u011funu.. sar\u0131 \u00f6k\u00fcze dald\u0131\u011f\u0131nda kar\u0131\u015fmad\u0131klar\u0131 takdirde kendileriyle huzur ve bar\u0131\u015f i\u00e7inde ya\u015fayaca\u011f\u0131na dair s\u00f6z verir.<\/p>\n<p style=\"color: #000000\">Aslan sar\u0131 \u00f6k\u00fcz\u00fcn i\u015fini bitirdikten sonra<\/p>\n<p style=\"color: #000000\">Bu sefer siyah olan\u0131na yana\u015f\u0131r.<\/p>\n<p style=\"color: #000000\">Ve<\/p>\n<p style=\"color: #000000\">Kendisiyle bir i\u015finin olmad\u0131\u011f\u0131n\u0131 benekli \u00f6k\u00fczle problemi oldu\u011funa ikna eder. Beneklinin i\u015fi de bitince<\/p>\n<p style=\"color: #000000\">Bir g\u00fcn Siyah \u00f6k\u00fcz<\/p>\n<p style=\"color: #000000\">Kar\u015f\u0131s\u0131nda Aslan\u0131n k\u0131v\u0131lc\u0131mlar sa\u00e7an g\u00f6zlerini \u00fcst\u00fcne dikti\u011fini g\u00f6r\u00fcr.<\/p>\n<p style=\"color: #000000\">\u0130\u015fte o zaman akl\u0131 ba\u015f\u0131na gelir ama art\u0131k i\u015f i\u015ften ge\u00e7mi\u015ftir.<\/p>\n<p style=\"color: #000000\">\u2018\u2019H\u0130ZAYA GE\u00c7 YOKSA<\/p>\n<p style=\"color: #000000\">SANA DEMOKRASI GET\u0130R\u0130R\u0130M\u2019\u2019<\/p>\n<p style=\"color: #000000\">Amerika k\u00f6rfez \u00fclkelerini b\u00f6yle tehdit ediyor.<\/p>\n<p style=\"color: #000000\">\u00d6nce Suudi Arabistan\u2019dan ba\u015flad\u0131.<\/p>\n<p style=\"color: #000000\">Eski defterleri kar\u0131\u015ft\u0131rarak 11 Eyl\u00fcl\u2019de Amerika\u2019da ikiz kulelerin vurulmas\u0131ndan Suudileri sorumlu tutaca\u011f\u0131n\u0131 s\u00f6yledi.<\/p>\n<p style=\"color: #000000\">Medyaya d\u00fc\u015fen bu haber Suudileri tela\u015fland\u0131rd\u0131.<\/p>\n<p style=\"color: #000000\">Bu habere g\u00f6re Suudiler \u00f6nce ter\u00f6re destek veren \u00fclke ilan edilecek, sonra demokrasi g\u00f6t\u00fcr\u00fclmesi gereken bir \u00fclke olacak.<\/p>\n<p style=\"color: #000000\">Demokrasi g\u00f6t\u00fcr\u00fclen \u00fclkelerin hali ortada\u2026<\/p>\n<p style=\"color: #000000\">Yan\u0131 ba\u015f\u0131m\u0131zda Irak var.<\/p>\n<p style=\"color: #000000\">Irak bug\u00fcn fiilen 3 e b\u00f6l\u00fcnm\u00fc\u015f.. istikrars\u0131z ve b\u00fct\u00fcn zenginli\u011fine ra\u011fmen ekonomisi dibe vurmu\u015f 5.000.000 yetimi olan bir \u00fclke.<\/p>\n<p style=\"color: #000000\">H\u00e2lbuki<\/p>\n<p style=\"color: #000000\">Saddam d\u00f6neminde m\u00fcreffeh ya\u015fant\u0131s\u0131yla<\/p>\n<p style=\"color: #000000\">Ortado\u011fu\u2019nun g\u00fc\u00e7l\u00fc \u00fclkelerinden biriydi.<\/p>\n<p style=\"color: #000000\">Bir di\u011fer demokrasi g\u00f6t\u00fcr\u00fclen \u00fclke Libya\u2026<\/p>\n<p style=\"color: #000000\">Libya\u2019n\u0131n durumu<\/p>\n<p style=\"color: #000000\">Irak\u2019tan da k\u00f6t\u00fc&#8230; Orada devlet diye bir \u015fey kalmad\u0131.<\/p>\n<p style=\"color: #000000\">Suudiler<\/p>\n<p style=\"color: #000000\">Bu \u00f6rnekleri g\u00f6r\u00fcp Katar\u2019a \u00f6yle sert yapt\u0131r\u0131mlar uygulad\u0131lar ki, ABD bile b\u00f6yle bir \u015fey beklemiyordu.<\/p>\n<p style=\"color: #000000\">ARAPLARIN 15 TEMMUZ\u2019U<\/p>\n<p style=\"color: #000000\">ABD \u2018\u2019leb\u2026\u2019\u2019 demeden ba\u015fta Arap \u00fclkeleri olmak \u00fczere zay\u0131f \u0130slam \u00fclkelerinin \u2018\u2019Leblebi\u2019\u2019 demesi i\u015fin ne kadar vahim oldu\u011funu g\u00f6steriyor.<\/p>\n<p style=\"color: #000000\">Demek ki,<\/p>\n<p style=\"color: #000000\">Ortado\u011fu\u2019da \u0130ran ve T\u00fcrkiye haricinde kendi iradesiyle hareket edecek ba\u011f\u0131ms\u0131z bir \u00fclke yok.<\/p>\n<p style=\"color: #000000\">Bu da g\u00f6steriyor ki,<\/p>\n<p style=\"color: #000000\">\u0130slam \u00fclkelerine de bir 15 Temmuz gerekiyor.<\/p>\n<p style=\"color: #000000\">\u0130slam \u00fclkeleri i\u00e7ine s\u0131zm\u0131\u015f emperyalist uzant\u0131lar\u0131n\u0131 temizlemeden emperyalizme kar\u015f\u0131 durmalar\u0131 m\u00fcmk\u00fcn de\u011fildir.<\/p>\n<p style=\"color: #000000\">O K\u00dcREN\u0130N ETRAFINDA<\/p>\n<p style=\"color: #000000\">T\u00dcRK\u0130YE\u2019DE OLURDU<\/p>\n<p style=\"color: #000000\">Darbeciler e\u011fer 15 Temmuz\u2019da ba\u015far\u0131l\u0131 olsayd\u0131,<\/p>\n<p style=\"color: #000000\">K\u00fcrenin etraf\u0131na toplanm\u0131\u015f poz veren TRUMP, S\u0130S\u0130 ve Kral SALMAN\u2019\u0131n yan\u0131nda T\u00fcrkiye\u2019de olurdu.<\/p>\n<p style=\"color: #000000\">Zaten<\/p>\n<p style=\"color: #000000\">Allah muhafaza<\/p>\n<p style=\"color: #000000\">Darbe ba\u015far\u0131l\u0131 olsayd\u0131 ne o k\u00fcreye gerek kal\u0131rd\u0131 ne Trump\u2019un S. Arabistan ziyaretine ne de KATAR ABD nin dediklerine kar\u015f\u0131 koyabilirdi.<\/p>\n<p style=\"color: #000000\">MAZLUMLARIN PARALARI AMER\u0130KA\u2019YA AKIYOR<\/p>\n<p style=\"color: #000000\">Zengin k\u00f6rfez \u00fclkelerinin sahip oldu\u011fu zenginlik \u00fcmmetin zenginli\u011fidir.<\/p>\n<p style=\"color: #000000\">Katar k\u0131smen bu zenginli\u011fini<\/p>\n<p style=\"color: #000000\">Az da olsa ma\u011fdur ve mazlum \u00fclkelerle payla\u015fmak istedi\u011fi i\u00e7in ABD \u00e7\u0131ld\u0131r\u0131yor.<\/p>\n<p style=\"color: #000000\">Oyunun fark\u0131nda olmayan halk\u0131m\u0131z da<\/p>\n<p style=\"color: #000000\">ABD nin k\u00f6rfez \u00fclkelerinden paralar\u0131 nas\u0131l gasp edip g\u00f6t\u00fcrd\u00fc\u011f\u00fcn\u00fc g\u00f6rmeden.. Zengin K\u00f6rfez \u00fclkelerinin Afrika\u2019ya neden yard\u0131m etmedi\u011fine hay\u0131flan\u0131p duruyor.<\/p>\n<p style=\"color: #000000\">\u0130Y\u0130 K\u0130 T\u00dcRK\u0130YE VAR<\/p>\n<p style=\"color: #000000\">T\u00fcrkiye<\/p>\n<p style=\"color: #000000\">15 Temmuz\u2019da ortaya koydu\u011fu cesaretle emperyalizme boyun e\u011fmeyece\u011fini b\u00fct\u00fcn d\u00fcnyaya ilan etmi\u015f bulunuyor.<\/p>\n<p style=\"color: #000000\">T\u00fcrkiye<\/p>\n<p style=\"color: #000000\">Bunu yaparak sadece T\u00fcrk halk\u0131n\u0131 korumad\u0131.. B\u00f6lgedeki ma\u011fdur ve mazlum milletleri de emperyalistlerin \u015ferrinden koruyor.<\/p>\n<p style=\"color: #000000\">Bug\u00fcn<\/p>\n<p style=\"color: #000000\">Katar e\u011fer direnebiliyorsa.. T\u00fcrkiye\u2019yi yan\u0131nda g\u00f6rd\u00fc\u011f\u00fc i\u00e7indir.<\/p>\n<p style=\"color: #000000\">Ancak<\/p>\n<p style=\"color: #000000\">Katar k\u00fc\u00e7\u00fcc\u00fck bir \u00fclke.. ondan \u00e7ok \u015fey bekleyemeyiz.<\/p>\n<p style=\"color: #000000\">Ama \u015fu var ki Katar<\/p>\n<p style=\"color: #000000\">Emperyalistlerin ayar\u0131n\u0131 fena bir \u015fekilde bozmu\u015f g\u00f6r\u00fcn\u00fcyor.<\/p>\n<p style=\"color: #000000\">Emin Batur<\/p>\n","protected":false},"excerpt":{"rendered":"<p>D\u00fcnyan\u0131n en b\u00fcy\u00fck ter\u00f6risti ABD Ona buna ter\u00f6rist diyerek parsa toplamaya \u00e7al\u0131\u015f\u0131yor. \u00d6nce S. Arabistan\u2019a g\u00f6zda\u011f\u0131 vermeye kalkt\u0131. S. Arabistan\u2019\u0131n kendisine emanet etti\u011fi 750 Milyar $ \u0131n \u00fcst\u00fcne yataca\u011f\u0131n\u0131 s\u00f6yledi. (Allah bilir yatm\u0131\u015ft\u0131r da. Suudlular\u0131n Amerika\u2019dan hesap soracak g\u00fcc\u00fc m\u00fc var?..) S. Arabistan tehditler kar\u015f\u0131s\u0131nda pes edip teslim olunca TRUMP hi\u00e7bir \u015fey olmam\u0131\u015f gibi \u0130lk &hellip;<\/p>\n","protected":false},"author":14,"featured_media":48521,"comment_status":"open","ping_status":"open","sticky":false,"template":"","format":"standard","meta":{"om_disable_all_campaigns":false,"_themeisle_gutenberg_block_has_review":false,"_joinchat":[],"footnotes":""},"categories":[56,38,43],"tags":[],"class_list":["post-21581","post","type-post","status-publish","format-standard","has-post-thumbnail","","category-emin","category-guncel","category-yazarlar"],"_links":{"self":[{"href":"https:\/\/akincilardergisi.com\/tr\/wp-json\/wp\/v2\/posts\/21581","targetHints":{"allow":["GET"]}}],"collection":[{"href":"https:\/\/akincilardergisi.com\/tr\/wp-json\/wp\/v2\/posts"}],"about":[{"href":"https:\/\/akincilardergisi.com\/tr\/wp-json\/wp\/v2\/types\/post"}],"author":[{"embeddable":true,"href":"https:\/\/akincilardergisi.com\/tr\/wp-json\/wp\/v2\/users\/14"}],"replies":[{"embeddable":true,"href":"https:\/\/akincilardergisi.com\/tr\/wp-json\/wp\/v2\/comments?post=21581"}],"version-history":[{"count":0,"href":"https:\/\/akincilardergisi.com\/tr\/wp-json\/wp\/v2\/posts\/21581\/revisions"}],"wp:featuredmedia":[{"embeddable":true,"href":"https:\/\/akincilardergisi.com\/tr\/wp-json\/wp\/v2\/media\/48521"}],"wp:attachment":[{"href":"https:\/\/akincilardergisi.com\/tr\/wp-json\/wp\/v2\/media?parent=21581"}],"wp:term":[{"taxonomy":"category","embeddable":true,"href":"https:\/\/akincilardergisi.com\/tr\/wp-json\/wp\/v2\/categories?post=21581"},{"taxonomy":"post_tag","embeddable":true,"href":"https:\/\/akincilardergisi.com\/tr\/wp-json\/wp\/v2\/tags?post=21581"}],"curies":[{"name":"wp","href":"https:\/\/api.w.org\/{rel}","templated":true}]}}