{"id":21470,"date":"2017-06-15T14:41:08","date_gmt":"2017-06-15T11:41:08","guid":{"rendered":"http:\/\/akincilardergisi.com\/dergi\/?p=21470"},"modified":"2023-11-05T13:26:10","modified_gmt":"2023-11-05T10:26:10","slug":"21470-2","status":"publish","type":"post","link":"https:\/\/akincilardergisi.com\/tr\/21470-2\/","title":{"rendered":"DERD\u0130 DE KEND\u0130S\u0130 G\u0130B\u0130 B\u00dcY\u00dcK T\u00dcRK\u0130YE"},"content":{"rendered":"<p style=\"text-align: justify\">Derdi de kendisi gibi b\u00fcy\u00fck T\u00fcrkiye. \u00d6yle bir co\u011frafyaya konu\u015flanm\u0131\u015f\u0131z ki kendimize at g\u00f6zl\u00fc\u011f\u00fc misali tek bir kulvarda m\u00fccadele ediyor dememiz m\u00fcmk\u00fcn de\u011fil. Bir yandan ter\u00f6r \u00f6rg\u00fctleri ile m\u00fccadele, bir yandan Suriye&#8217;nin g\u00fcvenli\u011fi, bir yandan da i\u00e7 siyaset. Tabi bir de g\u00fcndemimizde yer almayan fakat \u00fclkenin izledi\u011fi gerek i\u00e7 politikalar\u0131n gerekse d\u0131\u015f politikalar\u0131n \u00f6n\u00fcn\u00fc kesmek i\u00e7in set vuran i\u00e7 d\u00fc\u015fman-ter\u00f6rist sevici-kuma\u015f\u0131 bu topraklar\u0131n tezg\u00e2hlar\u0131nda dokunmam\u0131\u015f olan, gayri milli bir anti-siyasi partinin genel ba\u015fkan\u0131 ile m\u00fccadele ediyoruz&#8230;<\/p>\n<p style=\"text-align: justify\">T\u00fcrkiye&#8217;nin d\u0131\u015f politikas\u0131 haliyle \u00e7ok yo\u011fun ge\u00e7iyor. Bilindi\u011fi \u00fczere ge\u00e7ti\u011fimiz hafta Suudi Arabistan, BAE&#8217;nin birlikte oldu\u011fu birka\u00e7 \u00fclke Katar ile ili\u015fkileri kesme karar\u0131 alm\u0131\u015ft\u0131. \u0130slam aleminin \u00fcyesi fakat di\u011fer karde\u015f \u00fclkelerine d\u00fc\u015fman kesilen, d\u00fcnyan\u0131n gelmi\u015f ge\u00e7mi\u015f en b\u00fcy\u00fck ter\u00f6rist \u00fclkesi ABD ile yan yana gelebilen, onlarla silah ticareti yapabilen devletler bunlar. Anlayaca\u011f\u0131n\u0131z gayri \u0130slami hareketler.<\/p>\n<p style=\"text-align: justify\">Cumhurba\u015fkan\u0131 Recep Tayyip Erdo\u011fan&#8217;\u0131n da dedi\u011fi gibi asl\u0131nda Suudi Arabistan&#8217;\u0131n bar\u0131\u015f\u00e7\u0131l bir yol izlemede rol model bir \u00fclke olmas\u0131 gerekirken bir bak\u0131yorsunuz tam tersi hareket edebiliyorlar. Tabi bunda Trump&#8217;\u0131n gezisinin etkisi \u00a0b\u00fcy\u00fck hi\u00e7 \u015f\u00fcphesiz. Tabiri caiz ise geldi ve tehdidini yapt\u0131, ticaretini yapt\u0131 gitti. Eee demiyor muydu bas\u0131n mensuplar\u0131na 19 trilyon dolar borcumuzu biz \u00f6demeyece\u011fiz, K\u00f6rfez \u00fclkelerine \u00f6detece\u011fiz diye&#8230; Buradan bu sonu\u00e7 \u00e7\u0131k\u0131yor.<\/p>\n<p style=\"text-align: justify\">Hemen ard\u0131ndan \u0130ran&#8217;da sald\u0131r\u0131lar meydana geliyor. \u0130ran&#8217;a da mesaj veriyorlar&#8230; \u0130li\u015fkileri takip ettik\u00e7e daha iyi anlayabilir hale gelebiliyoruz&#8230; Buradan kendisine selam olsun Erg\u00fcn Diler her seferinde dillendiriyor. Bu t\u00fcr olaylar meydana geliyorsa bilin ki as\u0131l hedef Katar veya bir ba\u015fka \u00fclke de\u011fildir, bunlar arac\u0131l\u0131\u011f\u0131 ile daha b\u00fcy\u00fck uyar\u0131lar veriyorlar. Evet as\u0131l mesele \u00c7in \u0130pek Yolu&#8230; Buna kim kar\u015f\u0131? Evet&#8230; ABD&#8230; Kim taraftar \u0130pek Yolu&#8217;nun ge\u00e7ti\u011fi g\u00fczergahtaki \u00fclkeler. Ve bir g\u00fc\u00e7 bu \u00fclkeleri hizaya getirmeye \u00e7al\u0131\u015f\u0131yor&#8230; \u0130ngiltere de bunun i\u00e7inde hi\u00e7 \u015f\u00fcphesiz. Yoksa patlamalar neden olsun ki?<\/p>\n<p style=\"text-align: justify\">Bizim ili\u015fkimizi k\u00fc\u00e7\u00fcmsemek anlams\u0131z olur bu \u00fc\u00e7gende. T\u00fcrkiye Katar&#8217;la ili\u015fkileri yo\u011fun olan bir \u00fclke, yat\u0131r\u0131mlar konusunda da \u00f6yle tabiki&#8230; \u0130ngiltere ha keza, buralarda hep etkin \u00fclke&#8230; Ama\u00e7 buradan d\u0131\u015flamak&#8230; Biz de gard\u0131m\u0131z\u0131 ona g\u00f6re al\u0131yoruz elbette, almaya da devam edece\u011fiz.<\/p>\n<p style=\"text-align: justify\">S\u00f6ylemeden ge\u00e7emeyece\u011fim. Unutmamak laz\u0131m ki bu hengamenin i\u00e7inde bir de FET\u00d6-PKK-DEA\u015e-CHP ile m\u00fccadele ediyoruz. Ne kadar k\u00f6t\u00fc de\u011fil mi de\u011ferli okuyucular, bu \u00fclkenin kurucusunun, ilk siyasi partisinin ter\u00f6r \u00f6rg\u00fctleri i\u00e7erisinde an\u0131lmas\u0131&#8230; Ben bile yazarken elim titreyerek yaz\u0131yorum&#8230; Yaz\u0131k&#8230; Ac\u0131yorum CHP&#8217;ye g\u00f6n\u00fcl vermi\u015f karde\u015flerimize. Bir de kalkm\u0131\u015f y\u00fcr\u00fcy\u00fc\u015f yapacakm\u0131\u015f, yap bakal\u0131m yap da yar\u0131 yolda bay\u0131l\u0131p kalma. Zira sen uzun yollar\u0131n adam\u0131 de\u011filsin&#8230;<\/p>\n<p style=\"text-align: justify\">Selam ve dua ile&#8230;<\/p>\n<p style=\"text-align: justify\"><strong>\u0130BRAH\u0130M YAVUZ\u00a0<\/strong><\/p>\n","protected":false},"excerpt":{"rendered":"<p>Derdi de kendisi gibi b\u00fcy\u00fck T\u00fcrkiye. \u00d6yle bir co\u011frafyaya konu\u015flanm\u0131\u015f\u0131z ki kendimize at g\u00f6zl\u00fc\u011f\u00fc misali tek bir kulvarda m\u00fccadele ediyor dememiz m\u00fcmk\u00fcn de\u011fil. Bir yandan ter\u00f6r \u00f6rg\u00fctleri ile m\u00fccadele, bir yandan Suriye&#8217;nin g\u00fcvenli\u011fi, bir yandan da i\u00e7 siyaset. Tabi bir de g\u00fcndemimizde yer almayan fakat \u00fclkenin izledi\u011fi gerek i\u00e7 politikalar\u0131n gerekse d\u0131\u015f politikalar\u0131n \u00f6n\u00fcn\u00fc kesmek &hellip;<\/p>\n","protected":false},"author":20,"featured_media":48521,"comment_status":"open","ping_status":"open","sticky":false,"template":"","format":"standard","meta":{"om_disable_all_campaigns":false,"_themeisle_gutenberg_block_has_review":false,"_joinchat":[],"footnotes":""},"categories":[38,57,43],"tags":[],"class_list":["post-21470","post","type-post","status-publish","format-standard","has-post-thumbnail","","category-guncel","category-ibrahim","category-yazarlar"],"_links":{"self":[{"href":"https:\/\/akincilardergisi.com\/tr\/wp-json\/wp\/v2\/posts\/21470","targetHints":{"allow":["GET"]}}],"collection":[{"href":"https:\/\/akincilardergisi.com\/tr\/wp-json\/wp\/v2\/posts"}],"about":[{"href":"https:\/\/akincilardergisi.com\/tr\/wp-json\/wp\/v2\/types\/post"}],"author":[{"embeddable":true,"href":"https:\/\/akincilardergisi.com\/tr\/wp-json\/wp\/v2\/users\/20"}],"replies":[{"embeddable":true,"href":"https:\/\/akincilardergisi.com\/tr\/wp-json\/wp\/v2\/comments?post=21470"}],"version-history":[{"count":0,"href":"https:\/\/akincilardergisi.com\/tr\/wp-json\/wp\/v2\/posts\/21470\/revisions"}],"wp:featuredmedia":[{"embeddable":true,"href":"https:\/\/akincilardergisi.com\/tr\/wp-json\/wp\/v2\/media\/48521"}],"wp:attachment":[{"href":"https:\/\/akincilardergisi.com\/tr\/wp-json\/wp\/v2\/media?parent=21470"}],"wp:term":[{"taxonomy":"category","embeddable":true,"href":"https:\/\/akincilardergisi.com\/tr\/wp-json\/wp\/v2\/categories?post=21470"},{"taxonomy":"post_tag","embeddable":true,"href":"https:\/\/akincilardergisi.com\/tr\/wp-json\/wp\/v2\/tags?post=21470"}],"curies":[{"name":"wp","href":"https:\/\/api.w.org\/{rel}","templated":true}]}}