{"id":21428,"date":"2017-06-12T16:39:07","date_gmt":"2017-06-12T13:39:07","guid":{"rendered":"http:\/\/akincilardergisi.com\/dergi\/?p=21428"},"modified":"2023-11-05T13:26:10","modified_gmt":"2023-11-05T10:26:10","slug":"oruc-aksama-kadar-ac-kalmak-degildir","status":"publish","type":"post","link":"https:\/\/akincilardergisi.com\/tr\/oruc-aksama-kadar-ac-kalmak-degildir\/","title":{"rendered":"ORU\u00c7 AK\u015eAMA KADAR A\u00c7 KALMAK DE\u011e\u0130LD\u0130R"},"content":{"rendered":"<p style=\"text-align: justify\">Fark\u0131nda m\u0131s\u0131n\u0131z, Ramazan ay\u0131n\u0131n h\u00fcrmetine havalar serin gidiyor. Cenab\u0131 Allah kullar\u0131na yaz aylar\u0131na girdi\u011fimiz \u015fu d\u00f6nemde oru\u00e7 tutarken kolayl\u0131k sa\u011fl\u0131yor. Normalde Ramazan ay\u0131nda olmasak daha s\u0131cak bir Haziran bekleyebilirdik diye d\u00fc\u015f\u00fcn\u00fcyorum. En az\u0131ndan hissiyat\u0131m \u00f6yle s\u00f6yl\u00fcyor&#8230; \u015eimdi buradan nereye geleceksin derseniz, sadede geleyim&#8230;<\/p>\n<p style=\"text-align: justify\">Peki biz \u0130slam d\u00fcnyas\u0131 olarak Rabbimizin bu l\u00fctfuna lay\u0131k hareket ediyor muyuz? As\u0131l cevap verilmesi gereken soru bu. F\u0131rsat\u0131m\u0131z oldu\u011fu halde Y\u00fcce Rabbimizin \u0130slam&#8217;\u0131n be\u015f temel farz\u0131 i\u00e7erisinde bize rehber k\u0131ld\u0131\u011f\u0131 oru\u00e7 farziyetini niye yerine getirmiyoruz? Bal gibi de f\u0131rsat\u0131m\u0131z var, ama tutmuyoruz. Bu sat\u0131rlardan orucu bir kez daha hat\u0131rlatal\u0131m ki iyi anla\u015f\u0131ls\u0131n, tutmayan\u0131n zararda oldu\u011fu bilincine var\u0131ls\u0131n&#8230; Oru\u00e7 neydi?&#8230;<\/p>\n<p style=\"text-align: justify\">Oru\u00e7 sahurda t\u0131ka basa yeyip de ak\u015fama kadar yat\u0131p, iftara az bir zaman kala kalkarak orucu uykuya tutturmak de\u011fildir. \u0130\u015fin ac\u0131 taraf\u0131 bir de tutmad\u0131\u011f\u0131m\u0131z gibi tutanlar\u0131n da oldu\u011funu unutarak veya b\u00f6yle bir gaflete d\u00fc\u015ferek ulu orta her herde tutmad\u0131\u011f\u0131n\u0131 belli etmek de cabas\u0131. \u0130mkan\u0131 oldu\u011fu halde oru\u00e7 tutmayan\u0131n vay haline diyor dinimiz. Biz oru\u00e7 tutarak ak\u015fama kadar sadece a\u00e7l\u0131\u011f\u0131m\u0131z\u0131 s\u0131nam\u0131yoruz.<\/p>\n<p style=\"text-align: justify\">Oru\u00e7 her \u015feydir, oru\u00e7 nefsi terbiye etmektir, g\u00f6z\u00fcm\u00fcz\u00fc, kula\u011f\u0131m\u0131z\u0131, a\u011fz\u0131m\u0131z\u0131, dilimizi, beynimizi ilahi s\u0131n\u0131rlar\u0131n i\u00e7erisinde bir ay boyunca g\u00f6z alt\u0131nda tutmakt\u0131r. oru\u00e7 Afrika&#8217;daki, Somali&#8217;deki, Suriye&#8217;deki, Arakan&#8217;daki ve d\u00fcnyan\u0131n bir\u00e7ok yerindeki a\u00e7 susuz insanlar\u0131n halini anlamakt\u0131r.<\/p>\n<p style=\"text-align: justify\">\u00dcstad Sezai Karako\u00e7 Samanyolunda Ziyafet adl\u0131 kitab\u0131na \u00e7ok g\u00fczel bir benzetme ile ba\u015fl\u0131yor. Yak\u0131nla\u015ft\u0131rarak naklediyorum, &#8220;Bir ev d\u00fc\u015f\u00fcn\u00fcn ki, y\u0131lda en az bir kere dip temel temizlik yap\u0131l\u0131r, evin b\u00fct\u00fcn kirleri temizlenir, paklan\u0131r. \u0130\u015fte oru\u00e7 da b\u00f6yle bir \u015feydir. Biz oru\u00e7 tutarak b\u00fct\u00fcn maddi manevi kirlerimizden ar\u0131n\u0131yor, Ramazan ay\u0131n\u0131n sonunda da temizlenmi\u015f, saf bir \u015fekilde bu aydan \u00e7\u0131k\u0131yor sonra da Bayram\u0131m\u0131za kavu\u015fuyoruz&#8230;&#8221;<\/p>\n<p style=\"text-align: justify\">Bunlar\u0131 yazarken elbette ki kendimi soyutlay\u0131p kaleme alm\u0131yorum, bunun i\u00e7in de herkes gibi ben de var\u0131m. Yazd\u0131klar\u0131m sadece kaleme alma ad\u0131nad\u0131r. Hat\u0131rlatma maksatl\u0131d\u0131r. \u015eunu da ifade etmeliyim ki kusurlar\u0131 oldu\u011fu halde oru\u00e7 tutmakla y\u00fck\u00fcml\u00fc olmayanlar da vard\u0131r. Rabbimiz bize bu kolayl\u0131klar\u0131 da sa\u011flam\u0131\u015f ve bunu daha \u00f6nceki yaz\u0131lar\u0131m\u0131zda da belirtti\u011fimiz gibi Kur&#8217;an&#8217;\u0131 Kerim&#8217;de belirtmi\u015ftir&#8230;<\/p>\n<p style=\"text-align: justify\">Ramazan ay\u0131n\u0131n biz M\u00fcsl\u00fcmanlar i\u00e7in kurtulu\u015f ay\u0131 olmas\u0131 dile\u011fiyle&#8230;<\/p>\n<p style=\"text-align: justify\">Selam ve dua ile&#8230;<\/p>\n<p style=\"text-align: justify\"><strong>\u0130BRAH\u0130M YAVUZ\u00a0<\/strong><\/p>\n","protected":false},"excerpt":{"rendered":"<p>Fark\u0131nda m\u0131s\u0131n\u0131z, Ramazan ay\u0131n\u0131n h\u00fcrmetine havalar serin gidiyor. Cenab\u0131 Allah kullar\u0131na yaz aylar\u0131na girdi\u011fimiz \u015fu d\u00f6nemde oru\u00e7 tutarken kolayl\u0131k sa\u011fl\u0131yor. Normalde Ramazan ay\u0131nda olmasak daha s\u0131cak bir Haziran bekleyebilirdik diye d\u00fc\u015f\u00fcn\u00fcyorum. En az\u0131ndan hissiyat\u0131m \u00f6yle s\u00f6yl\u00fcyor&#8230; \u015eimdi buradan nereye geleceksin derseniz, sadede geleyim&#8230; Peki biz \u0130slam d\u00fcnyas\u0131 olarak Rabbimizin bu l\u00fctfuna lay\u0131k hareket ediyor muyuz? &hellip;<\/p>\n","protected":false},"author":20,"featured_media":48521,"comment_status":"open","ping_status":"open","sticky":false,"template":"","format":"standard","meta":{"om_disable_all_campaigns":false,"_themeisle_gutenberg_block_has_review":false,"_joinchat":[],"footnotes":""},"categories":[38,57,43],"tags":[],"class_list":["post-21428","post","type-post","status-publish","format-standard","has-post-thumbnail","","category-guncel","category-ibrahim","category-yazarlar"],"_links":{"self":[{"href":"https:\/\/akincilardergisi.com\/tr\/wp-json\/wp\/v2\/posts\/21428","targetHints":{"allow":["GET"]}}],"collection":[{"href":"https:\/\/akincilardergisi.com\/tr\/wp-json\/wp\/v2\/posts"}],"about":[{"href":"https:\/\/akincilardergisi.com\/tr\/wp-json\/wp\/v2\/types\/post"}],"author":[{"embeddable":true,"href":"https:\/\/akincilardergisi.com\/tr\/wp-json\/wp\/v2\/users\/20"}],"replies":[{"embeddable":true,"href":"https:\/\/akincilardergisi.com\/tr\/wp-json\/wp\/v2\/comments?post=21428"}],"version-history":[{"count":0,"href":"https:\/\/akincilardergisi.com\/tr\/wp-json\/wp\/v2\/posts\/21428\/revisions"}],"wp:featuredmedia":[{"embeddable":true,"href":"https:\/\/akincilardergisi.com\/tr\/wp-json\/wp\/v2\/media\/48521"}],"wp:attachment":[{"href":"https:\/\/akincilardergisi.com\/tr\/wp-json\/wp\/v2\/media?parent=21428"}],"wp:term":[{"taxonomy":"category","embeddable":true,"href":"https:\/\/akincilardergisi.com\/tr\/wp-json\/wp\/v2\/categories?post=21428"},{"taxonomy":"post_tag","embeddable":true,"href":"https:\/\/akincilardergisi.com\/tr\/wp-json\/wp\/v2\/tags?post=21428"}],"curies":[{"name":"wp","href":"https:\/\/api.w.org\/{rel}","templated":true}]}}