{"id":21223,"date":"2017-06-01T12:29:15","date_gmt":"2017-06-01T09:29:15","guid":{"rendered":"http:\/\/akincilardergisi.com\/dergi\/?p=21223"},"modified":"2024-02-22T23:16:24","modified_gmt":"2024-02-22T20:16:24","slug":"juncker-83-ulke-yeryuzunden-yok-olabilir","status":"publish","type":"post","link":"https:\/\/akincilardergisi.com\/tr\/juncker-83-ulke-yeryuzunden-yok-olabilir\/","title":{"rendered":"Juncker: 83 \u00fclke yery\u00fcz\u00fcnden yok olabilir"},"content":{"rendered":"<div class=\"col-sm-12 text-center view20\" style=\"font-weight: bold; color: #000000;\"><\/div>\n<div class=\"col-sm-12 view20\" style=\"font-weight: bold; color: #000000;\">\n<h2 class=\"spot selectionShareable\" style=\"color: #356083;\">AB Komisyonu Ba\u015fkan\u0131 Jean-Claude\u00a0<a class=\"tkktLnk\" style=\"color: #14233a;\" href=\"http:\/\/www.sabah.com.tr\/haberleri\/juncker\" target=\"_blank\" rel=\"tag noopener\">Juncker<\/a>, ABD Ba\u015fkan\u0131 Donald\u00a0<a class=\"tkktLnk\" style=\"color: #14233a;\" href=\"http:\/\/www.sabah.com.tr\/haberleri\/trump\" target=\"_blank\" rel=\"tag noopener\">Trump<\/a>&#8216;\u0131n Paris anla\u015fmas\u0131yla ilgili karar\u0131na ili\u015fkin konu\u015ftu<\/h2>\n<div class=\"newsDetailText\">\n<div class=\"newsBox selectionShareable\">\n<p>Avrupa Birli\u011fi (AB) Komisyonu Ba\u015fkan\u0131 Jean-Claude\u00a0<a class=\"tkktLnk\" style=\"color: #356083;\" href=\"http:\/\/www.sabah.com.tr\/haberleri\/juncker\" target=\"_blank\" rel=\"tag noopener\">Juncker<\/a>, ABD Ba\u015fkan\u0131 Donald\u00a0<a class=\"tkktLnk\" style=\"color: #356083;\" href=\"http:\/\/www.sabah.com.tr\/haberleri\/trump\" target=\"_blank\" rel=\"tag noopener\">Trump<\/a>&#8216;a Paris&#8217;te imzalanan \u0130klim Anla\u015fmas\u0131&#8217;ndan ayr\u0131lmamas\u0131 \u00e7a\u011fr\u0131s\u0131nda bulundu.<\/p>\n<p>Juncker, Berlin&#8217;de kat\u0131l\u0131\u011f\u0131 bir etkinlikte yapt\u0131\u011f\u0131 konu\u015fmada, ABD ile g\u00f6z hizas\u0131nda konu\u015fmak i\u00e7in baz\u0131 \u015feyleri kontrol alt\u0131na almak gerekti\u011fini s\u00f6yledi.<\/p>\n<p>Transatlantik ili\u015fkilerin s\u00fcrmesinden yana oldu\u011funu ifade eden Juncker, &#8220;Ancak, Amerikan Ba\u015fkan\u0131 \u00f6n\u00fcm\u00fczdeki birka\u00e7 saat veya g\u00fcnler i\u00e7inde Paris anla\u015fmas\u0131ndan \u00e7ekilece\u011fini bildirmesi durumunda, bunun b\u00f6yle olamayaca\u011f\u0131n\u0131 s\u00f6yleme g\u00f6revi Avrupa&#8217;n\u0131nd\u0131r.&#8221; diye konu\u015ftu.<\/p>\n<div class=\"singleManset\"><img loading=\"lazy\" decoding=\"async\" class=\"alignnone size-medium\" src=\"https:\/\/iasbh.tmgrup.com.tr\/c78187\/752\/395\/0\/44\/1572\/871?u=http:\/\/i.sabah.com.tr\/sbh\/2017\/05\/31\/trump-abdyi-paris-iklim-anlasmasinda-cekiyor-1496234001040.jpeg\" width=\"752\" height=\"395\" \/><\/div>\n<p>\u0130klim de\u011fi\u015fiminin tehlikelerine dikkati \u00e7eken Juncker, burada sadece Avrupal\u0131 insanl\u0131\u011f\u0131n gelece\u011fi de\u011fil, \u00f6zellikle bunun ba\u015fka yerlerde ya\u015fayan insanlar\u0131n gelece\u011fiyle ilgili bir durum oldu\u011funu kaydetti.<\/p>\n<p><strong style=\"font-weight: bold;\">YERY\u00dcZ\u00dcNDEN KAYBOLMA R\u0130SK\u0130 VAR!<\/strong><\/p>\n<p>Juncker, &#8220;\u0130klim de\u011fi\u015fimine kar\u015f\u0131 kararl\u0131 m\u00fccadeleyi yola koyamazsak 83 \u00fclkenin yery\u00fcz\u00fcnden kaybolma riski var.&#8221; de\u011ferlendirmesinde bulundu.<\/p>\n<p>ABD&#8217;nin 2016 y\u0131l\u0131nda y\u00fcr\u00fcrl\u00fc\u011fe giren s\u00f6z konusu anla\u015fmadan \u00e7\u0131kmas\u0131n\u0131n 3-4 y\u0131l s\u00fcrebilece\u011fine i\u015faret eden Juncker, &#8220;\u00f6ncelikli Amerika&#8221; ve &#8220;\u015fimdi ben kayboluyorum&#8221; \u015feklindeki d\u00fc\u015f\u00fcncenin olamayaca\u011f\u0131n\u0131 ABD Ba\u015fkan\u0131&#8217;na G7 zirvesinin d\u00fczenlendi\u011fi \u0130talya&#8217;n\u0131n Taormina kentinde anlatt\u0131klar\u0131n\u0131 kaydetti.<\/p>\n<p><strong style=\"font-weight: bold;\">HER \u015eEY YALAN HABER DE\u011e\u0130LD\u0130R<\/strong><\/p>\n<p>Bu giri\u015fimin ba\u015far\u0131l\u0131 olmad\u0131\u011f\u0131n\u0131n g\u00f6r\u00fcld\u00fc\u011f\u00fcn\u00fc belirten Juncker, &#8220;Ancak yasa yasad\u0131r. Buna hepimiz uyaca\u011f\u0131z. Yasal olan ve uluslararas\u0131 anla\u015fmalarda yer alan her \u015fey yalan haber (fake news) de\u011fildir. Buna uyulmas\u0131 laz\u0131m.&#8221; ifadelerini kulland\u0131.<\/p>\n<\/div>\n<\/div>\n<\/div>\n","protected":false},"excerpt":{"rendered":"<p>AB Komisyonu Ba\u015fkan\u0131 Jean-Claude\u00a0Juncker, ABD Ba\u015fkan\u0131 Donald\u00a0Trump&#8216;\u0131n Paris anla\u015fmas\u0131yla ilgili karar\u0131na ili\u015fkin konu\u015ftu Avrupa Birli\u011fi (AB) Komisyonu Ba\u015fkan\u0131 Jean-Claude\u00a0Juncker, ABD Ba\u015fkan\u0131 Donald\u00a0Trump&#8216;a Paris&#8217;te imzalanan \u0130klim Anla\u015fmas\u0131&#8217;ndan ayr\u0131lmamas\u0131 \u00e7a\u011fr\u0131s\u0131nda bulundu. Juncker, Berlin&#8217;de kat\u0131l\u0131\u011f\u0131 bir etkinlikte yapt\u0131\u011f\u0131 konu\u015fmada, ABD ile g\u00f6z hizas\u0131nda konu\u015fmak i\u00e7in baz\u0131 \u015feyleri kontrol alt\u0131na almak gerekti\u011fini s\u00f6yledi. Transatlantik ili\u015fkilerin s\u00fcrmesinden yana oldu\u011funu ifade &hellip;<\/p>\n","protected":false},"author":31,"featured_media":48955,"comment_status":"open","ping_status":"open","sticky":false,"template":"","format":"standard","meta":{"om_disable_all_campaigns":false,"_themeisle_gutenberg_block_has_review":false,"_joinchat":[],"footnotes":""},"categories":[60,38],"tags":[],"class_list":["post-21223","post","type-post","status-publish","format-standard","has-post-thumbnail","","category-cevre","category-guncel"],"_links":{"self":[{"href":"https:\/\/akincilardergisi.com\/tr\/wp-json\/wp\/v2\/posts\/21223","targetHints":{"allow":["GET"]}}],"collection":[{"href":"https:\/\/akincilardergisi.com\/tr\/wp-json\/wp\/v2\/posts"}],"about":[{"href":"https:\/\/akincilardergisi.com\/tr\/wp-json\/wp\/v2\/types\/post"}],"author":[{"embeddable":true,"href":"https:\/\/akincilardergisi.com\/tr\/wp-json\/wp\/v2\/users\/31"}],"replies":[{"embeddable":true,"href":"https:\/\/akincilardergisi.com\/tr\/wp-json\/wp\/v2\/comments?post=21223"}],"version-history":[{"count":0,"href":"https:\/\/akincilardergisi.com\/tr\/wp-json\/wp\/v2\/posts\/21223\/revisions"}],"wp:featuredmedia":[{"embeddable":true,"href":"https:\/\/akincilardergisi.com\/tr\/wp-json\/wp\/v2\/media\/48955"}],"wp:attachment":[{"href":"https:\/\/akincilardergisi.com\/tr\/wp-json\/wp\/v2\/media?parent=21223"}],"wp:term":[{"taxonomy":"category","embeddable":true,"href":"https:\/\/akincilardergisi.com\/tr\/wp-json\/wp\/v2\/categories?post=21223"},{"taxonomy":"post_tag","embeddable":true,"href":"https:\/\/akincilardergisi.com\/tr\/wp-json\/wp\/v2\/tags?post=21223"}],"curies":[{"name":"wp","href":"https:\/\/api.w.org\/{rel}","templated":true}]}}