{"id":21036,"date":"2017-05-22T10:05:45","date_gmt":"2017-05-22T07:05:45","guid":{"rendered":"http:\/\/akincilardergisi.com\/dergi\/?p=21036"},"modified":"2023-11-05T13:26:12","modified_gmt":"2023-11-05T10:26:12","slug":"yeniden-dogus-misali-ak-parti","status":"publish","type":"post","link":"https:\/\/akincilardergisi.com\/tr\/yeniden-dogus-misali-ak-parti\/","title":{"rendered":"YEN\u0130DEN DO\u011eU\u015e M\u0130SAL\u0130: &#8220;AK PART\u0130&#8221;"},"content":{"rendered":"<p style=\"text-align: justify\">21 May\u0131s&#8217;ta T\u00fcrk siyaseti a\u00e7\u0131s\u0131ndan \u00e7ok \u00f6nemli bir de\u011fi\u015fim ya\u015fand\u0131. Ak Parti 3. Ola\u011fan\u00fcst\u00fc Kongresinde Genel Ba\u015fkan de\u011fi\u015fimi ger\u00e7ekle\u015ftirildi. Kongreye kat\u0131l\u0131m o kadar \u00e7oktu ki Ankara Arenan\u0131n birka\u00e7 kat\u0131 \u00e7o\u011funluk d\u0131\u015far\u0131da Recep Tayyip Erdo\u011fan ve Binali Y\u0131ld\u0131r\u0131m&#8217;\u0131 kar\u015f\u0131lamak i\u00e7in toplanm\u0131\u015ft\u0131. Binali Y\u0131ld\u0131r\u0131m \u00f6nceden salon d\u0131\u015f\u0131ndaki yerini al\u0131p Recep Tayyip Erdo\u011fan&#8217;\u0131 beklemeye ba\u015flad\u0131. Daha sonra her iki lider de d\u0131\u015far\u0131daki parti g\u00f6n\u00fcllerine k\u0131sa da olsa konu\u015fma ger\u00e7ekle\u015ftirdiler. Bu arada parti g\u00f6n\u00fcll\u00fcleri Recep Tayyip Erdo\u011fan&#8217;\u0131 &#8220;\u0130\u015fte ordu i\u015fte komutan&#8221; slogan\u0131 ile destekliyorlard\u0131&#8230;<\/p>\n<p style=\"text-align: justify\">Bu k\u0131sa konu\u015fmadan sonra Recep Tayyip Erdo\u011fan ve Binali Y\u0131ld\u0131r\u0131m e\u015fleri ile beraber salona giri\u015f yapt\u0131lar, kendilerine ayr\u0131lan b\u00f6l\u00fcme ge\u00e7inceye kadar de\u011fi\u015fik illerden gelen partilileri selamlad\u0131lar, daha sonra salondaki yerlerini ald\u0131lar. Gerekli prosed\u00fcrlerden sonra Ba\u015fbakan Binali Y\u0131ld\u0131r\u0131m ve Cumhurba\u015fkan\u0131 Recep Tayyip Erdo\u011fan konu\u015fmalar\u0131n\u0131 ger\u00e7ekle\u015ftirdiler. Tabi burada art\u0131 bir parantez de a\u00e7mak gerekiyor. \u0130ki dava arkada\u015f\u0131&#8230; Binali Y\u0131ld\u0131r\u0131m hi\u00e7bir makam mevki derdini dikkate almaks\u0131z\u0131n Cumhurba\u015fkan\u0131 ve Ak parti dava karde\u015fi Recep Tayyip Erdo\u011fan&#8217;\u0131 kurucu liderimiz, genel ba\u015fkan\u0131m\u0131z diye anons ediyordu. \u0130\u015fte yol arkada\u015fl\u0131\u011f\u0131 bu olsa gerekti. Sonu\u00e7ta Ak Parti yeni bir yola giriyordu, yeni bir de\u011fi\u015fimin arefesindeydi, bunun i\u00e7in de g\u00fc\u00e7l\u00fc bir siyasi fig\u00fcrle yola girmek gerekiyordu. Binali Y\u0131ld\u0131r\u0131m da bir Ba\u015fbakan olarak bunun fark\u0131ndayd\u0131. Tabi burada Binali Y\u0131ld\u0131r\u0131m&#8217;a Genel Ba\u015fkan vekilli\u011fi verildi, bu hakl\u0131 bir yoldur zira her iki lider de bu partiye g\u00f6n\u00fcl vermi\u015f liderlerdir ve Binali Y\u0131ld\u0131r\u0131m da b\u00f6yle bir yolla \u015fereflendirilmi\u015ftir&#8230;<\/p>\n<p style=\"text-align: justify\">Recep Tayyip Erdo\u011fan konu\u015fmas\u0131nda, Ak Parti ile olan yolculu\u011fu boyunca ve Cumhurba\u015fkanl\u0131\u011f\u0131 makam\u0131ndaki g\u00f6rev s\u00fcresince \u00fclkesi i\u00e7in milleti i\u00e7in yapt\u0131klar\u0131n\u0131n ve yapacaklar\u0131n\u0131n \u00fczerinde durdu. Hatta bir s\u00f6z\u00fc vard\u0131 ki bu s\u00fcreci bir anlamda \u00f6zetliyordu: <strong>&#8220;D\u00f6nen d\u00f6ns\u00fcn biz yolumuzdan d\u00f6nmeyece\u011fiz. \u0130ster Meclise sokmas\u0131nlar, partimizi kapatmaya \u00e7al\u0131\u015fs\u0131nlar, isterseler sokaklar\u0131 yak\u0131p y\u0131ks\u0131nlar, isterlerse 15 Temmuz gibi can\u0131m\u0131za kast etsinler. Biz bu yoldan\u00a0d\u00f6nmeyiz. Allah&#8217;a bir tek can borcumuz var.&#8221;<\/strong> diyordu. Bu zorlu s\u00fcre\u00e7 demek ki d\u00fcn ya\u015fad\u0131\u011f\u0131m\u0131z gibi g\u00fczel g\u00fcnlere gebe imi\u015f. Bu saatten sonra 2023 hedeflerine daha dikensiz bir yolda gitmek i\u00e7in s\u0131k\u0131 ve zorlu bir s\u00fcre\u00e7ten daha ge\u00e7ece\u011fiz.<\/p>\n<p style=\"text-align: justify\">Bunun en \u00f6nemli a\u00e7\u0131klamas\u0131n\u0131 da Ak Parti te\u015fkilatlanmas\u0131 \u00fczerinde durarak a\u00e7\u0131klam\u0131\u015ft\u0131 Cumhurba\u015fkan\u0131. Sonu\u00e7ta bu her ne kadar parti ola\u011fan \u00fcst\u00fc kongresi olsa da bir iktidar partisinin, hem de \u00fclkenin bu g\u00fcnlere gelmesinde mihenk ta\u015f\u0131 olan bir partinin kongresiydi, de\u011fi\u015fim s\u00fcreciydi. Hi\u00e7 \u015f\u00fcphesiz bu de\u011fi\u015fimin en b\u00fcy\u00fck anahtar\u0131 da Recep Tayyip Erdo\u011fan&#8217;\u0131n partinin ba\u015f\u0131na gelmesiydi. Evet&#8230; En b\u00fcy\u00fck de\u011fi\u015fimlerden birinin de partide gen\u00e7le\u015fmenin olaca\u011f\u0131n\u0131 s\u00f6yledi Cumhurba\u015fkan\u0131. Bunu da &#8220;<span style=\"font-weight: bold\">18- 25 ya\u015f aral\u0131\u011f\u0131ndaki gen\u00e7 kadrolar\u0131m\u0131z\u0131n il, il\u00e7e belde te\u015fkilatlar\u0131m\u0131zda yer almas\u0131n\u0131 istiyorum. Buradan s\u00f6yl\u00fcyorum kongrenin ard\u0131ndan il, il\u00e7e ve belde te\u015fkilatlar\u0131m\u0131z yenilenecek ve gen\u00e7le\u015fecek.&#8221;\u00a0<\/span>diyerek vurguluyordu. Yeni anayasa maddelerinde de bu durum a\u00e7\u0131k\u00e7a belirtilmi\u015fti ki se\u00e7ilme ya\u015f\u0131 25&#8217;ten 18&#8217;e d\u00fc\u015f\u00fcr\u00fclm\u00fc\u015ft\u00fc. B\u00f6ylelikle hem meclis baz\u0131nda daha gen\u00e7, dinamik bir yap\u0131 olacak hem de Ak Parti baz\u0131nda&#8230;<\/p>\n<p style=\"text-align: justify\">Cumhurba\u015fkan\u0131 yeni d\u00f6nemi at\u0131l\u0131m d\u00f6nemi olarak belirlediklerini, 2019&#8217;dan 2023&#8217;e kadar gerekli planlamalar\u0131n hepsini yapacaklar\u0131n\u0131 s\u00f6yledi. 2016 referandumunda milletin verdi\u011fi mesaj\u0131 ald\u0131klar\u0131n\u0131 belirterek bu y\u00f6ndeki yanl\u0131\u015flar\u0131 d\u00fczelteceklerini s\u00f6yledi.<\/p>\n<p style=\"text-align: justify\">Belediyeler baz\u0131nda \u00f6nemli bir yere de\u011finerek,<\/p>\n<p><strong style=\"font-weight: bold\">&#8220;Milletimize, partimize y\u00fck olan de\u011fil, y\u00fck\u00fc omuzlayan belediye ba\u015fkanlar\u0131 ile yolumuza devam edece\u011fiz.&#8221; dedi.<\/strong><\/p>\n<p>Bu s\u00f6zlerin referandumda kendi il ve il\u00e7elerinde kaybeden belediye ba\u015fkanlar\u0131na d\u00f6n\u00fck oldu\u011funu ifade edildi.<\/p>\n<p>Cumhurba\u015fkan\u0131 Recep Tayyip Erdo\u011fan&#8217;\u0131n konu\u015fmas\u0131n\u0131n ard\u0131ndan oylamaya ge\u00e7ildi ve 1414 oyla 998 g\u00fcn sonra yeniden Ak Partide ikinci Recep Tayyip Erdo\u011fan ismi ba\u015flam\u0131\u015f oldu.<\/p>\n<p>Bu sonu\u00e7la beraber Ak Partide b\u00fcy\u00fck bir yenilenme d\u00f6nemi ya\u015fayaca\u011f\u0131z, \u00f6zellikle te\u015fkilatlar\u0131n particilik anlay\u0131\u015f\u0131ndan s\u0131yr\u0131l\u0131p, daha etkin, sorunlara \u00e7\u00f6z\u00fcm bulmada daha pratik, g\u00f6stermelik particilik anlay\u0131\u015f\u0131ndan kendini kurtarm\u0131\u015f bir Ak Parti olu\u015fturulmas\u0131 gerekir&#8230;<\/p>\n<p>Selam ve dua ile&#8230;<\/p>\n<p><strong>\u0130BRAH\u0130M YAVUZ\u00a0<\/strong><\/p>\n<p style=\"text-align: justify\">\n","protected":false},"excerpt":{"rendered":"<p>21 May\u0131s&#8217;ta T\u00fcrk siyaseti a\u00e7\u0131s\u0131ndan \u00e7ok \u00f6nemli bir de\u011fi\u015fim ya\u015fand\u0131. Ak Parti 3. Ola\u011fan\u00fcst\u00fc Kongresinde Genel Ba\u015fkan de\u011fi\u015fimi ger\u00e7ekle\u015ftirildi. Kongreye kat\u0131l\u0131m o kadar \u00e7oktu ki Ankara Arenan\u0131n birka\u00e7 kat\u0131 \u00e7o\u011funluk d\u0131\u015far\u0131da Recep Tayyip Erdo\u011fan ve Binali Y\u0131ld\u0131r\u0131m&#8217;\u0131 kar\u015f\u0131lamak i\u00e7in toplanm\u0131\u015ft\u0131. Binali Y\u0131ld\u0131r\u0131m \u00f6nceden salon d\u0131\u015f\u0131ndaki yerini al\u0131p Recep Tayyip Erdo\u011fan&#8217;\u0131 beklemeye ba\u015flad\u0131. Daha sonra her &hellip;<\/p>\n","protected":false},"author":20,"featured_media":48521,"comment_status":"open","ping_status":"open","sticky":false,"template":"","format":"standard","meta":{"om_disable_all_campaigns":false,"_themeisle_gutenberg_block_has_review":false,"_joinchat":[],"footnotes":""},"categories":[38,57,43],"tags":[],"class_list":["post-21036","post","type-post","status-publish","format-standard","has-post-thumbnail","","category-guncel","category-ibrahim","category-yazarlar"],"_links":{"self":[{"href":"https:\/\/akincilardergisi.com\/tr\/wp-json\/wp\/v2\/posts\/21036","targetHints":{"allow":["GET"]}}],"collection":[{"href":"https:\/\/akincilardergisi.com\/tr\/wp-json\/wp\/v2\/posts"}],"about":[{"href":"https:\/\/akincilardergisi.com\/tr\/wp-json\/wp\/v2\/types\/post"}],"author":[{"embeddable":true,"href":"https:\/\/akincilardergisi.com\/tr\/wp-json\/wp\/v2\/users\/20"}],"replies":[{"embeddable":true,"href":"https:\/\/akincilardergisi.com\/tr\/wp-json\/wp\/v2\/comments?post=21036"}],"version-history":[{"count":0,"href":"https:\/\/akincilardergisi.com\/tr\/wp-json\/wp\/v2\/posts\/21036\/revisions"}],"wp:featuredmedia":[{"embeddable":true,"href":"https:\/\/akincilardergisi.com\/tr\/wp-json\/wp\/v2\/media\/48521"}],"wp:attachment":[{"href":"https:\/\/akincilardergisi.com\/tr\/wp-json\/wp\/v2\/media?parent=21036"}],"wp:term":[{"taxonomy":"category","embeddable":true,"href":"https:\/\/akincilardergisi.com\/tr\/wp-json\/wp\/v2\/categories?post=21036"},{"taxonomy":"post_tag","embeddable":true,"href":"https:\/\/akincilardergisi.com\/tr\/wp-json\/wp\/v2\/tags?post=21036"}],"curies":[{"name":"wp","href":"https:\/\/api.w.org\/{rel}","templated":true}]}}