{"id":20831,"date":"2017-05-13T06:36:04","date_gmt":"2017-05-13T03:36:04","guid":{"rendered":"http:\/\/akincilardergisi.com\/dergi\/?p=20831"},"modified":"2023-11-05T13:42:32","modified_gmt":"2023-11-05T10:42:32","slug":"islamcilik-bu-cografyanin-yerli-dusuncesidir","status":"publish","type":"post","link":"https:\/\/akincilardergisi.com\/tr\/islamcilik-bu-cografyanin-yerli-dusuncesidir\/","title":{"rendered":"\u0130slamc\u0131l\u0131k bu co\u011frafyan\u0131n yerli d\u00fc\u015f\u00fcncesidir."},"content":{"rendered":"<div class=\"authors detail\">\n<div class=\"picture\"><a style=\"color: #000000\" title=\"\u0130slamc\u0131l\u0131k bu co\u011frafyan\u0131n yerli d\u00fc\u015f\u00fcncesidir. \" href=\"http:\/\/www.haber7.com\/yazarlar\/arif-altunbas\/2328954-islamcilik-bu-cografyanin-yerli-dusuncesidir\"><img decoding=\"async\" title=\"\u0130slamc\u0131l\u0131k bu co\u011frafyan\u0131n yerli d\u00fc\u015f\u00fcncesidir. \" src=\"http:\/\/image.cdn.haber7.com\/haber7\/columnists\/\/bw\/905.png\" alt=\"\u0130slamc\u0131l\u0131k bu co\u011frafyan\u0131n yerli d\u00fc\u015f\u00fcncesidir. \" \/><\/a><\/div>\n<div class=\"content\">\n<div class=\"name\" style=\"font-weight: 500\"><strong><a style=\"color: #000000\" title=\"\" href=\"http:\/\/www.haber7.com\/yazarlar\/arif-altunbas\/2328954-islamcilik-bu-cografyanin-yerli-dusuncesidir#\">Arif Altunba\u015f<\/a>, Haber7<\/strong><\/div>\n<\/div>\n<\/div>\n<div class=\"news-detail\">\n<div class=\"article\">\n<div class=\"news-content\">\n<p>Son g\u00fcnlerde belli merkezler taraf\u0131ndan\u00a0kas\u0131tl\u0131 olarak ba\u015flat\u0131lan; \u2019\u2019AK Parti islamc\u0131lardan temizlenmelidir\u2019\u2019 g\u00fcr\u00fclt\u00fcs\u00fc\u00a0bir m\u00fcddet g\u00fcndemi me\u015fgul etti.\u00a0Kim ba\u015flatt\u0131\u00a0bu tart\u0131\u015fmay\u0131, bu ak\u0131l fukaras\u0131\u00a0ki\u015filerin\u00a0ama\u00e7lar\u0131 ve niyetleri nedir?\u00a0Bunlar kime hizmet ediyorlar\u00a0? Akl\u0131m\u0131za daha bir s\u00fcr\u00fc sorulacak soru geliyor?<\/p>\n<p>\u0130slamc\u0131lar AK Partiden temizlenirse AK partinin AK\u2019\u0131 gider, geride\u00a0sadece partisi kal\u0131r. Bu da kimin i\u015fine yarar acaba? AK Partiden islamc\u0131lar\u0131n\u00a0uzakla\u015ft\u0131r\u0131lmas\u0131n\u0131 en \u00e7ok isteyenler\u00a0AK Parti d\u00fc\u015fmanlar\u0131 ve muhalifleridir \u015f\u00fcphesiz.<\/p>\n<p>Unutulmamal\u0131d\u0131r ki, AK Partiyi kuran ve\u00a0onu\u00a0AK\u00a0Parti yapan\u00a0\u015fimdi partiden at\u0131lmak istenen\u00a0islamc\u0131lard\u0131r. Sonradan AK partiye gelen, giren ve bu kervana kat\u0131lanlar\u0131n \u00e7o\u011fu iktidar nimetinden pay almak isteyen, yedik\u00e7e doymayan\u00a0ihaleciler ve\u00a0hortumculard\u0131r.\u00a0Ger\u00e7ek islamc\u0131lar\u0131n oldu\u011fu yerde Hak, hukuk, r\u00fcsvet, yolsuzluk,\u00a0iki y\u00fczl\u00fcl\u00fck ve menfaat sava\u015f\u0131 olmaz.<\/p>\n<p>\u0130slamc\u0131l\u0131k bu topraklar\u0131n\u00a0yerli d\u00fc\u015f\u00fcncesi, bu co\u011frafyan\u0131n\u00a0\u00f6z\u00fc, tarihimizin eti, kemi\u011fi\u00a0ve ruhudur.Ak Partiyi kuranlar da,\u00a0onu\u00a0AK Parti yapanlar da, bat\u0131 emperyalizmine, siyonist \u00e7etelere\u00a0kar\u015f\u0131\u00a0en soylu direni\u015f\u00a0destan\u0131n\u0131 yazan\u00a0\u0130slamc\u0131lard\u0131r.<\/p>\n<p>Bu \u00fclkede \u0130slamc\u0131lar\u0131n m\u00fccadelesi\u00a0olmasayd\u0131 T\u00fcrkiye\u00a0\u015fimdiye kadar\u00a0\u00e7oktan bir Avrupa \u00fclkesinin vilayeti olur ve onu\u00a0bat\u0131n\u0131n\u00a0m\u00fcstemleke valilari y\u00f6netirdi.<\/p>\n<p>Cevdet Pa\u015falar, Babanzade Ahmetler, Said Halim Pa\u015falar, Mehmet Akif Ersoylar, E\u015fref Ediplerle, ve Abdulhamitle g\u00f6nlere \u00e7akilen bu bayrak\u00a0Necip Faz\u0131l\u00a0K\u0131sak\u00fcrekler, Sezai Karako\u00e7lar,Cemil Meri\u00e7ler, Sebahaddin Zaimler, Akif \u0130nanlar, Erdem Beyaz\u0131tlar, Cahit Zarifo\u011flular, Nuri Pakdiller\u00a0 bu milletin\u00a0y\u00fcre\u011finde ya\u015famaya devam ettik\u00e7e\u00a0milletin g\u00f6nl\u00fcnde ve ruhunda bu anlay\u0131\u015f ya\u015famaya devam edecektir.<\/p>\n<p>\u0130slamc\u0131lar\u0131 saf d\u0131\u015f\u0131 b\u0131rakmak isteyenler ya islam ile aralar\u0131 hi\u00e7bir zaman bar\u0131\u015f\u0131k olmayan laik yobazlar veya\u00a0 bat\u0131 emperyalizminin \u00fclkemizdeki uzant\u0131lar\u0131 olan\u00a0Ha\u00e7l\u0131 art\u0131klar\u0131 d\u00f6nmeler ve dev\u015firmelerdir.<\/p>\n<p>T\u00fcrkiyenin\u00a0yeniden b\u00fcy\u00fck T\u00fcrkiye\u00a0olmas\u0131 i\u00e7in bu co\u011frafyan\u0131n herkesten ve her\u015feyden\u00a0\u00f6nce \u0130slamc\u0131lara ihtiyac\u0131 vard\u0131r. \u0130slamc\u0131lar bu \u00fclkenin ger\u00e7ek sahipleri ve yerli d\u00fc\u015f\u00fcncenin\u00a0\u00a0ate\u015fli\u00a0savunucular\u0131 ve aktivistleridirler.Onlar\u0131\u00a0m\u00fccadele meydan\u0131ndan koparmak\u00a0tarihimizi, co\u011frafyam\u0131z\u0131, milli\u00a0d\u00fc\u015f ve d\u00fc\u015f\u00fcncelerimizi,\u00a0milli ve menevi de\u011ferlerimizi\u00a0yok saymak\u00a0demektir.<\/p>\n<p>Bu \u00fclke\u00a0\u0130slamc\u0131lar\u0131n\u00a0ve\u00a0milletimizin\u00a0tarih boyu s\u00fcrd\u00fcregeldi\u011fi\u00a0Hak ve Bat\u0131l\u00a0 m\u00fccadelesini devam ettirmek ve kazanmakla\u00a0aya\u011fa kalkacakt\u0131r.\u00a0\u0130slam d\u00fc\u015fman\u0131lar\u0131 ve\u00a0bat\u0131 u\u015faklar\u0131 islamc\u0131lar\u0131, milli ve manevi de\u011ferlerine ba\u011fl\u0131 olan,\u00a0iyilikte yar\u0131\u015fan insan\u0131m\u0131z\u0131 saf d\u0131\u015f\u0131 etmeye\u00a0g\u00fcc\u00fc yetmez.\u00a0\u00c7\u00fcnk\u00fc islamc\u0131lar Yunus\u2019un, Mevlanan\u0131n, Hac\u0131 Bekta\u015fi velinin, \u0130mam\u0131 Yesevinin, Nak\u015fibendin gitti\u011fi yolun,\u00a0b\u00fc \u00fclkenin, bu topraklar\u0131n,\u00a0bu milletin\u00a0ta\u00a0kendisidir.<\/p>\n<p>Akif\u2019i bilmeyen, Necip Faz\u0131l\u0131 tan\u0131mayan, Sezai Karako\u00e7\u2019u anlamayan, Nuri Pakdil\u2019in devrimci ruhunu tan\u0131m\u0131mayan\u00a0\u0130slam\u0131\u00a0da,\u00a0islamc\u0131l\u0131\u011f\u0131\u00a0da, bu co\u011frafyan\u0131n temel de\u011fertlerini de anlayamaz, tan\u0131yamaz.<\/p>\n<p>\u0130slamc\u0131lara yan ve\u00a0\u015fa\u015f\u0131 bakanlar Ha\u00e7l\u0131\u00a0sava\u015flar\u0131 bozgunlar\u0131ndan kurtulup\u00a0i\u00e7imizde gizlenen\u00a0d\u00f6nmeler, laikli\u011fi din haline getirmi\u015f\u00a0bat\u0131 emperyalizminin goygoycular\u0131, dinsiz\u00a0putperest\u00a0ataistler, s\u00f6zde\u00a0\u00a0milliyet\u00e7iler ve cehaletleri dibe vurmu\u015f\u00a0ve s\u0131n\u0131r tan\u0131mayan\u00a0ahmak\u00a0m\u00fcsl\u00fcmanlard\u0131r.Allaha inanan, islam\u0131 bilen ve ger\u00e7ekten \u0130slam Medeniyet ve K\u00fclt\u00fcr\u00fcn\u00fcn bilincinde\u00a0olan\u00a0insanlar islamc\u0131lar\u0131 ancak ba\u011fr\u0131na basar ve sahiplenirler.<\/p>\n<p>\u0130slamc\u0131l\u0131k bu \u00fclkenin ve\u00a0co\u011frafyan\u0131n fikri,\u00a0d\u00fc\u015f\u00fcncesi\u00a0ve hayat tarz\u0131d\u0131r.Medeniyet hamurunun mayas\u0131 ve ruhudur.\u00a0Tarihimizin\u00a0 en de\u011ferli komutan ve devlet adamlar\u0131 Alpaslan, Osman Gazi, Fatih, Yavuz\u00a0, Kanuni, Abdulhamit Han \u0130slam i\u00e7in sava\u015fm\u0131\u015f, islam\u0131n\u00a0m\u00fccadelesini vermi\u015f kahramanlar\u0131m\u0131z\u00a0ve\u00a0\u00f6nderlerimizdir. \u0130slamc\u0131l\u0131k;\u00a0bat\u0131dan ithal edilen\u00a0bir ideoloji de\u011fil\u00a0milletimizin\u00a0hayat\u00a0tarz\u0131\u00a0ve d\u00fc\u015f\u00fcnce kayna\u011f\u0131d\u0131r.<\/p>\n<p>\u0130slamc\u0131lar ahlaks\u0131z antik Yunan\u2019\u0131n, Romal\u0131 katillerin de\u011fil\u00a0Sel\u00e7uklunun ve Osmanl\u0131n\u0131n \u00e7ocuklar\u0131d\u0131r.\u00a0Onlar\u00a0olmadan AK Parti,\u00a0bu \u00e7arp\u0131k d\u00fczenin\u00a0herhangi bir partisi\u00a0haline gelir.\u00a0Bat\u0131 ve onun u\u015fa\u011f\u0131 CHP\u00a0ile islam d\u00fc\u015fmanlar\u0131\u00a0(bir tuzak olarak)\u00a0bunun i\u00e7in\u00a0islamc\u0131lar\u0131 Ak Parti d\u0131\u015f\u0131nda\u00a0g\u00f6rmek istiyorlar\u2026<\/p>\n<p>\u0130slamc\u0131lar\u0131n temel felsefeleri; \u2018\u2019Biz T\u00fcrkiye olarak b\u00fcy\u00fck bir milletiz,\u00a0d\u00fcnya m\u00fcsl\u00fcmanlar\u0131 olarak b\u00fcy\u00fck bir g\u00fc\u00e7 ve potansiyeliz.Hz. \u0130brahim milletindeniz\u00a0biz, \u0130slam medeniyetindeniz, Hz. Muhammedin \u00dcmmetindeniz.\u2019\u2019dir. Kim buna kar\u015f\u0131 \u00e7\u0131k\u0131yorsa\u00a0tarih ve medeniyetimize, din ve k\u00fclt\u00fcr\u00fcm\u00fcze kar\u015f\u0131 cahalet, ihanet ve dalalet i\u00e7erisindedirler.<\/p>\n<p>\u00d6z\u00fcm\u00fcz, s\u00f6z\u00fcm\u00fcz, asl\u0131m\u0131z; m\u00fcsl\u00fcmand\u0131r bizim. Her m\u00fcsl\u00fcman islama teslim olan, onu ya\u015fayan ve ya\u015fatand\u0131r. \u0130slamc\u0131 i\u015fte tam da b\u00f6yle bir insan ve beyzadedir.\u00a0Asl\u0131n\u0131 inkar eden ise haramzadedir.<\/p>\n<p>&nbsp;<\/p>\n<p><strong style=\"font-weight: bold\">Arif Altunba\u015f,\u00a0<a class=\"link_keywords\" style=\"color: #98171c\" title=\"Haber\" href=\"http:\/\/www.haber7.com\/\" target=\"_blank\" rel=\"noopener\">Haber<\/a>7<\/strong><\/p>\n<p>&nbsp;<\/p>\n<\/div>\n<\/div>\n<\/div>\n","protected":false},"excerpt":{"rendered":"<p>Arif Altunba\u015f, Haber7 Son g\u00fcnlerde belli merkezler taraf\u0131ndan\u00a0kas\u0131tl\u0131 olarak ba\u015flat\u0131lan; \u2019\u2019AK Parti islamc\u0131lardan temizlenmelidir\u2019\u2019 g\u00fcr\u00fclt\u00fcs\u00fc\u00a0bir m\u00fcddet g\u00fcndemi me\u015fgul etti.\u00a0Kim ba\u015flatt\u0131\u00a0bu tart\u0131\u015fmay\u0131, bu ak\u0131l fukaras\u0131\u00a0ki\u015filerin\u00a0ama\u00e7lar\u0131 ve niyetleri nedir?\u00a0Bunlar kime hizmet ediyorlar\u00a0? Akl\u0131m\u0131za daha bir s\u00fcr\u00fc sorulacak soru geliyor? \u0130slamc\u0131lar AK Partiden temizlenirse AK partinin AK\u2019\u0131 gider, geride\u00a0sadece partisi kal\u0131r. Bu da kimin i\u015fine yarar acaba? AK &hellip;<\/p>\n","protected":false},"author":2,"featured_media":45575,"comment_status":"open","ping_status":"open","sticky":false,"template":"","format":"standard","meta":{"om_disable_all_campaigns":false,"_themeisle_gutenberg_block_has_review":false,"_joinchat":[],"footnotes":""},"categories":[49,38,43],"tags":[],"class_list":["post-20831","post","type-post","status-publish","format-standard","has-post-thumbnail","","category-arif","category-guncel","category-yazarlar"],"_links":{"self":[{"href":"https:\/\/akincilardergisi.com\/tr\/wp-json\/wp\/v2\/posts\/20831","targetHints":{"allow":["GET"]}}],"collection":[{"href":"https:\/\/akincilardergisi.com\/tr\/wp-json\/wp\/v2\/posts"}],"about":[{"href":"https:\/\/akincilardergisi.com\/tr\/wp-json\/wp\/v2\/types\/post"}],"author":[{"embeddable":true,"href":"https:\/\/akincilardergisi.com\/tr\/wp-json\/wp\/v2\/users\/2"}],"replies":[{"embeddable":true,"href":"https:\/\/akincilardergisi.com\/tr\/wp-json\/wp\/v2\/comments?post=20831"}],"version-history":[{"count":0,"href":"https:\/\/akincilardergisi.com\/tr\/wp-json\/wp\/v2\/posts\/20831\/revisions"}],"wp:featuredmedia":[{"embeddable":true,"href":"https:\/\/akincilardergisi.com\/tr\/wp-json\/wp\/v2\/media\/45575"}],"wp:attachment":[{"href":"https:\/\/akincilardergisi.com\/tr\/wp-json\/wp\/v2\/media?parent=20831"}],"wp:term":[{"taxonomy":"category","embeddable":true,"href":"https:\/\/akincilardergisi.com\/tr\/wp-json\/wp\/v2\/categories?post=20831"},{"taxonomy":"post_tag","embeddable":true,"href":"https:\/\/akincilardergisi.com\/tr\/wp-json\/wp\/v2\/tags?post=20831"}],"curies":[{"name":"wp","href":"https:\/\/api.w.org\/{rel}","templated":true}]}}