{"id":20487,"date":"2017-04-22T11:15:47","date_gmt":"2017-04-22T08:15:47","guid":{"rendered":"http:\/\/akincilardergisi.com\/dergi\/?p=20487"},"modified":"2023-11-05T13:26:13","modified_gmt":"2023-11-05T10:26:13","slug":"turkiyeye-muhalif-anlayisin-urunu-chp","status":"publish","type":"post","link":"https:\/\/akincilardergisi.com\/tr\/turkiyeye-muhalif-anlayisin-urunu-chp\/","title":{"rendered":"T\u00dcRK\u0130YE&#8217;YE MUHAL\u0130F ANLAYI\u015eIN \u00dcR\u00dcN\u00dc: CHP"},"content":{"rendered":"<p style=\"text-align: justify\">\u00a0 \u00a0 \u00a0T\u00fcrkiye&#8217;nin yol haritas\u0131n\u0131 belirleyen bir referandumu geride b\u0131rakt\u0131k. Milletimiz bu yol haritas\u0131 ile ilerleme yetkisini yetkili mercilere verdi. Demokrasi de bu de\u011fil miydi? \u00dclkenin gelece\u011fi ile ilgili bir karar al\u0131n\u0131rken millete gitmek de\u011fil miydi? Evet demokrasi buydu. Ancak bunu i\u00e7ine sindiremeyen, bu \u00fclkenin muhalefet partisi fakat \u00fclkesine her arenada muhalif bir parti vard\u0131. Evet, do\u011fru tahmin ettiniz, CHP. (Parti isimlerini k\u0131saltma taraftar\u0131 de\u011filim ancak izledi\u011fi s\u00f6ylem ve politikalar bak\u0131m\u0131ndan elim bu \u015fekilde yazmaya itiyor beni.)<\/p>\n<p style=\"text-align: justify\">\u00a0 \u00a0 \u00a01923&#8217;den 1950&#8221;ye kadar tam 27 y\u0131l demokrasi ad\u0131 alt\u0131nda tahakk\u00fcm demokrasisinin \u00f6rne\u011fini te\u015fkil eden bir CHP vard\u0131. 27 sene millete gitmeden, dan\u0131\u015fmadan milletvekili se\u00e7imi oluyordu. Bu se\u00e7im, se\u00e7im de\u011fildi asl\u0131nda. Ankara&#8217;n\u0131n belirledi\u011fi milletvekili adaylar\u0131n\u0131 onaylamak i\u00e7in milletin \u00f6n\u00fcne getiriliyor, onaylat\u0131l\u0131yordu. Kat\u0131l\u0131m\u0131n da \u00f6yle y\u00fcksek olmas\u0131na gerek yoktu. Bu y\u00fczden se\u00e7imler genelde %20-25 civar\u0131nda ger\u00e7ekle\u015fiyordu. \u00c7\u00fcnk\u00fc onlara g\u00f6re bizim milletimiz d\u00fcnya i\u015flerinden anlamazd\u0131. Onlar sadece sava\u015f zaman\u0131 gelip sava\u015facak, di\u011fer zamanlarda gidip \u00e7ift\u00e7ilik yapacak, \u00fcrettiklerini de vergi olarak devlete verecekti. \u015eaka de\u011fil tam 27 sene bu g\u00f6zle bak\u0131ld\u0131 bu millete. T\u00fcrk kan\u0131n\u0131 ta\u015f\u0131yan bir insan bunu i\u00e7ine nas\u0131l sindirebilir, var\u0131n hesab\u0131n\u0131 siz yap\u0131n&#8230;<\/p>\n<p style=\"text-align: justify\">\u00a0 \u00a0 \u00a01950 se\u00e7imlerinden itibaren gizli oy a\u00e7\u0131k tasnif sistemine ge\u00e7ildi. Halk ger\u00e7ek anlamda ilk kez se\u00e7ime gidiyordu. CHP&#8217;nin jandarma dip\u00e7i\u011fi ile zorla oy att\u0131rmas\u0131n\u0131n hesab\u0131n\u0131 soracakt\u0131 bu millet. Adnan Menderesli Adalat Partisini iktidara getirerek CHP&#8217;yi bir daha tek ba\u015f\u0131na iktidara getirmemenin sinyallerini veriyordu. \u00d6yle de oldu. Milletin geneti\u011fi buna izin vermedi. G\u00f6r\u00fcyorum ki bu saatten sonra bir daha da vermeyecek.<\/p>\n<p style=\"text-align: justify\">\u00a0 \u00a0 \u00a0Bunu niye hat\u0131rlatt\u0131m? Sen bu \u00fclkenin kurucusu olan Mustafa Kemal&#8217;in kurucusu oldu\u011fu partinin bir genel ba\u015fkan\u0131 ve ana muhalefet partisisin. Ana muhalefet dedi\u011fin bunu mu yapar? Her f\u0131rsatta \u00fclkeni a\u00e7\u0131k veya kapal\u0131 kap\u0131lar ard\u0131nda k\u00f6t\u00fclemenin, d\u0131\u015flama kampanyalar\u0131na girmenin manas\u0131 ne? Bunun hesab\u0131n\u0131 \u015fimdiye kadar vermen gerekmez mi? Ama sende de su\u00e7 yok ki! Senin ipin de ba\u015fkalar\u0131n\u0131n elinde. Hani 15 Temmuza kontroll\u00fc dedin. Kimin kontroll\u00fc oldu\u011fu alenen belli asl\u0131nda.<\/p>\n<p style=\"text-align: justify\">\u00a0 \u00a0 \u00a0Dahas\u0131&#8230; \u015eimdiye kadar kaybetti\u011fin ka\u00e7\u0131nc\u0131 se\u00e7im bu! Oturup bunun nedenlerini ara\u015ft\u0131raca\u011f\u0131na, kendini sorguya \u00e7ekece\u011fine kalk\u0131yorsun, yok efendim m\u00fch\u00fcrs\u00fcz pusula, yok efendim hay\u0131r \u00e7\u0131ksayd\u0131 bu nedenle se\u00e7imi iptal edecektin. Ya g\u00fczel karde\u015fim, her kayb\u0131n\u0131n arkas\u0131ndan yalanlar uydurma ya. Bir kere de \u00e7uvald\u0131z\u0131 kendine bat\u0131r bakal\u0131m. Belki o zaman do\u011fru yolu bulursun.<\/p>\n<p style=\"text-align: justify\">\u00a0 Bu s\u00f6ylemlerin siyaset ad\u0131 alt\u0131nda politika yapmakt\u0131r. Politika da senin s\u00f6ylemlerin ad\u0131 alt\u0131nda \u00fclkeni ancak ve ancak y\u0131prat\u0131r, bu gibi sa\u00e7mal\u0131klar vakit kayb\u0131na neden olur. Bir kere de \u00fclken lehine bir tu\u011fla da sen koy da adam sans\u0131nlar seni. Belki o zaman millet taraf\u0131ndan muhatap kabul olabilirsin. Yoksa bu millet sana sittin sene iktidar y\u00fcz\u00fc g\u00f6stermez.<\/p>\n<p style=\"text-align: justify\">\u00a0 \u00a0 \u00a0Hi\u00e7 merak etme b\u00f6yle yaparsan bu millet yine de seni ba\u011fr\u0131na basar. Ne de olsa bizim me\u015fru ilk partimizin genel ba\u015fkan\u0131s\u0131n, o kadar da kat\u0131 kalpli de\u011filiz. Benden s\u00f6ylemesi&#8230;<\/p>\n<p style=\"text-align: justify\">\u00a0 \u00a0 \u00a0Selam ve dua ile&#8230;<\/p>\n<p style=\"text-align: justify\"><strong>\u00a0 \u00a0 \u0130BRAH\u0130M YAVUZ<\/strong><\/p>\n<p style=\"text-align: justify\">\n","protected":false},"excerpt":{"rendered":"<p>\u00a0 \u00a0 \u00a0T\u00fcrkiye&#8217;nin yol haritas\u0131n\u0131 belirleyen bir referandumu geride b\u0131rakt\u0131k. Milletimiz bu yol haritas\u0131 ile ilerleme yetkisini yetkili mercilere verdi. Demokrasi de bu de\u011fil miydi? \u00dclkenin gelece\u011fi ile ilgili bir karar al\u0131n\u0131rken millete gitmek de\u011fil miydi? Evet demokrasi buydu. Ancak bunu i\u00e7ine sindiremeyen, bu \u00fclkenin muhalefet partisi fakat \u00fclkesine her arenada muhalif bir parti vard\u0131. &hellip;<\/p>\n","protected":false},"author":20,"featured_media":48521,"comment_status":"open","ping_status":"open","sticky":false,"template":"","format":"standard","meta":{"om_disable_all_campaigns":false,"_themeisle_gutenberg_block_has_review":false,"_joinchat":[],"footnotes":""},"categories":[38,57,43],"tags":[],"class_list":["post-20487","post","type-post","status-publish","format-standard","has-post-thumbnail","","category-guncel","category-ibrahim","category-yazarlar"],"_links":{"self":[{"href":"https:\/\/akincilardergisi.com\/tr\/wp-json\/wp\/v2\/posts\/20487","targetHints":{"allow":["GET"]}}],"collection":[{"href":"https:\/\/akincilardergisi.com\/tr\/wp-json\/wp\/v2\/posts"}],"about":[{"href":"https:\/\/akincilardergisi.com\/tr\/wp-json\/wp\/v2\/types\/post"}],"author":[{"embeddable":true,"href":"https:\/\/akincilardergisi.com\/tr\/wp-json\/wp\/v2\/users\/20"}],"replies":[{"embeddable":true,"href":"https:\/\/akincilardergisi.com\/tr\/wp-json\/wp\/v2\/comments?post=20487"}],"version-history":[{"count":0,"href":"https:\/\/akincilardergisi.com\/tr\/wp-json\/wp\/v2\/posts\/20487\/revisions"}],"wp:featuredmedia":[{"embeddable":true,"href":"https:\/\/akincilardergisi.com\/tr\/wp-json\/wp\/v2\/media\/48521"}],"wp:attachment":[{"href":"https:\/\/akincilardergisi.com\/tr\/wp-json\/wp\/v2\/media?parent=20487"}],"wp:term":[{"taxonomy":"category","embeddable":true,"href":"https:\/\/akincilardergisi.com\/tr\/wp-json\/wp\/v2\/categories?post=20487"},{"taxonomy":"post_tag","embeddable":true,"href":"https:\/\/akincilardergisi.com\/tr\/wp-json\/wp\/v2\/tags?post=20487"}],"curies":[{"name":"wp","href":"https:\/\/api.w.org\/{rel}","templated":true}]}}