{"id":20419,"date":"2017-04-18T08:10:56","date_gmt":"2017-04-18T05:10:56","guid":{"rendered":"http:\/\/akincilardergisi.com\/dergi\/?p=20419"},"modified":"2023-11-07T12:01:49","modified_gmt":"2023-11-07T09:01:49","slug":"2007deki-367-tuzagi-2017de-baslarina-gecti","status":"publish","type":"post","link":"https:\/\/akincilardergisi.com\/tr\/2007deki-367-tuzagi-2017de-baslarina-gecti\/","title":{"rendered":"2007\u2019DEK\u0130 367 TUZA\u011eI 2017\u2019DE BA\u015eLARINA GE\u00c7T\u0130"},"content":{"rendered":"<p class=\"x_MsoNormal\" style=\"color: #000000\">Sabih Kanado\u011flu\u2019nun kulaklar\u0131 acayip \u00e7\u0131nl\u0131yordur. Ne kadar da haval\u0131yd\u0131, ne kadar da kibirliydi. M\u00fcsl\u00fcman bir cumhurba\u015fkan\u0131, e\u015finin ba\u015f\u0131 kapal\u0131 bir cumhurba\u015fkan\u0131 se\u00e7tirmemenin muzaffer komutan\u0131 gibiydi. Ne kadar da el \u00fcst\u00fcnde tutuluyordu. Yaz\u0131l\u0131 ve g\u00f6rsel medya pe\u015finde g\u00f6lge gibi dola\u015f\u0131yordu. Ba\u015f\u0131n\u0131 ka\u015f\u0131mas\u0131, g\u00f6z\u00fcn\u00fc k\u0131rpmas\u0131 bile haber oluyordu. Laik\u00e7iler, cumhuriyet\u00e7iler, ulusalc\u0131lar i\u00e7in fenomen olmu\u015ftu. Sen nerdeydin be abi diye kutsan\u0131yordu. Vatan kurtarm\u0131\u015f gibi sevinmi\u015f ve bir o kadar da kadar da mutlu olmu\u015flard\u0131. Vicdan sahipleri var m\u0131yd\u0131 bilemiyoruz; fakat bildi\u011fimiz bir \u015fey varsa, onlar\u0131n da sesi \u00e7\u0131kmam\u0131\u015ft\u0131. Sessizli\u011fi tercih ederek yap\u0131lan haks\u0131zl\u0131\u011f\u0131 ve hukuksuzlu\u011fu onaylam\u0131\u015flard\u0131.<\/p>\n<p class=\"x_MsoNormal\" style=\"color: #000000\">\u00c7ankaya yoku\u015funa yatar\u0131z, yine de \u00e7\u0131kartmay\u0131z dediler, sonra da hep birden seyrettiler. Ne oldu? E\u015fi ba\u015f\u00f6rt\u00fcl\u00fc olan bir cumhurba\u015fkan\u0131 size bir \u015fey yapt\u0131 m\u0131? Ars\u0131zl\u0131\u011f\u0131n\u0131zdan utanmad\u0131n\u0131z m\u0131? Korktuklar\u0131n\u0131z\u0131n hangisi ba\u015f\u0131n\u0131za geldi? Yapt\u0131\u011f\u0131n\u0131z, etti\u011finiz her ne varsa hangisinden geri kald\u0131n\u0131z? Hi\u00e7 birinden geri kalmad\u0131n\u0131z. \u0130deolojik saplant\u0131n\u0131z\u0131n sizi k\u00f6r, sa\u011f\u0131r ve hissiz bir hale getirdi\u011fini hala anlamad\u0131n\u0131z. 2007\u2019den bu yana saplant\u0131lar\u0131n\u0131z\u0131n hi\u00e7 birini sorgulamad\u0131n\u0131z. Yalanlara, iftiralara kanma noktas\u0131nda sizin kadar b\u00fcy\u00fck bir potansiyel g\u00f6rmedik. Aldat\u0131lmaktan, \u00fczerinize do\u011fru pompalanan korkulardan b\u0131kmad\u0131n\u0131z m\u0131? Siyasilerinizin, okudu\u011funuz gazetecilerinizin ve izledi\u011finiz televizyonlar\u0131n\u0131z\u0131n iftiralar\u0131n\u0131n hi\u00e7 biri ger\u00e7ek olmad\u0131, hala anlamamakta \u0131srar edecek misiniz?<\/p>\n<p class=\"x_MsoNormal\" style=\"color: #000000\">16 Nisan 2017 referandumu ile Cumhurba\u015fkanl\u0131\u011f\u0131 H\u00fck\u00fcmet Sistemi halk\u0131m\u0131z taraf\u0131ndan kabul edilmi\u015ftir. Birileri k\u0131zacak ama s\u00f6ylemek ve yazmak zorunday\u0131z ki cumhuriyeti ilan etmekle cumhuriyet y\u00f6netimini kurmu\u015f olmuyorsunuz. Zamanla se\u00e7kinlerin cumhuriyetinden se\u00e7ilmi\u015flerin cumhuriyetine evrildik. Bunda sonra se\u00e7enlerin cumhuriyetini ya\u015fayaca\u011f\u0131z. Millet kendisini y\u00f6netecek olan\u0131 bizzat kendisi se\u00e7ecek. Daha d\u00fcne kadar se\u00e7ilip meclise g\u00f6nderilenler Ankara\u2019da i\u015flerin ba\u015fka t\u00fcrl\u00fc y\u00fcr\u00fcd\u00fc\u011f\u00fcn\u00fc s\u00f6yl\u00fcyordu. Vesayet\u00e7iler se\u00e7ileni se\u00e7enle ba\u015f ba\u015fa b\u0131rakm\u0131yor adeta hizaya sokuyordu. \u0130\u015fte bu durum bitti. Millet se\u00e7ecek, millet g\u00f6nderecektir, olay bu kadar basittir. 2007\u2019deki 367 tuza\u011f\u0131 2017\u2019de ba\u015flar\u0131na ge\u00e7mi\u015ftir.<\/p>\n<p class=\"x_MsoNormal\" style=\"color: #000000\">Referandum s\u00fcrecinde s\u00f6ylenen yalanlar, at\u0131lan iftiralar, pompalanan korkular neydi \u00f6yle. \u0130ftira atanlar\u0131, yalan s\u00f6yleyenleri, korku \u00fcretenleri bir yere kadar anlamak m\u00fcmk\u00fcnd\u00fcr. Siyaseti silikle\u015ftirenlerin yapaca\u011f\u0131 elbette budur. Bunlar\u0131 makul g\u00f6rebilmek de m\u00fcmk\u00fcnd\u00fcr. Makul g\u00f6r\u00fclmeyenlerin ba\u015f\u0131nda, okumu\u015f, yazm\u0131\u015f, e\u011fitimci olmu\u015f, toplumda bir yer edinmi\u015f, sayg\u0131nl\u0131\u011f\u0131 olan ve sayg\u0131 g\u00f6sterdi\u011fimiz baz\u0131 insanlar\u0131n bu yalan ve iftiralara inanm\u0131\u015f olmalar\u0131 gelmektedir. Muhtemeldir ki bunlar kendilerini se\u00e7kinci ve elit, ayn\u0131 zamanda devletin ve milletin sahibi olarak g\u00f6rme hastal\u0131klar\u0131ndan bir t\u00fcrl\u00fc kurtulamam\u0131\u015flard\u0131r. Belki yine k\u0131zacaklar fakat yazmadan ge\u00e7emeyece\u011fiz. Zira bunlar\u0131n durumu birtak\u0131m sendromlar\u0131 hat\u0131rlatmaktad\u0131r. \u0130ki tanesini hat\u0131rlatal\u0131m. Bu zihniyetin me\u015fhur Ankara valisi vard\u0131, Nevzat Tando\u011fan. Bir s\u00f6ylemi ile Tando\u011fan sendromunu tarihe yazd\u0131rd\u0131. Osman Y\u00fcksel Serdenge\u00e7ti\u2019ye hitaben:\u00a0<b>\u201cUlan \u00f6k\u00fcz Anadolulu; sizin milliyet\u00e7ilikle, kom\u00fcnizm ile ne i\u015finiz var? Milliyet\u00e7ilik laz\u0131msa bunu biz yapar\u0131z. Kom\u00fcnizm gerekirse onu da biz getiririz. Sizin iki vazifeniz var: Birincisi \u00e7ift\u00e7ilik yap\u0131p mahsul yeti\u015ftirmek. \u0130kincisi askere \u00e7a\u011f\u0131rd\u0131\u011f\u0131m\u0131zda askere gelmek.\u201d\u00a0<\/b>\u0130\u015fte bu se\u00e7kinci ve elit bir cumhuriyet kafas\u0131. Millete bak\u0131\u015flar\u0131 b\u00f6yle. 28 \u015eubat s\u00fcrecinin \u00f6nemli akt\u00f6rlerinden biri. Bizimkiler zannediyor ki hep fakir fukara ailelerin k\u0131z \u00e7ocuklar\u0131na burs verdi. Onun burs verdiklerinin bir \u00e7o\u011fu ter\u00f6r \u00f6rg\u00fct\u00fc davalar\u0131ndan yarg\u0131lanmaktad\u0131r. Onun da bir s\u00f6ylemi T\u00fcrkan Saylan sendromu olarak tarihe ge\u00e7mi\u015ftir:\u00a0<b>\u201cBiz as\u0131l\u0131z. Dolay\u0131s\u0131yla bizim istemedi\u011fimiz bir \u015feyin bu \u00fclkede olmas\u0131 m\u00fcmk\u00fcn de\u011fildir.\u201d\u00a0<\/b>\u00c7a\u011fda\u015f kafa b\u00f6yle bir \u015fey demek ki. Millete tepeden bakma hastal\u0131\u011f\u0131ndan kurtulmak diye bir durum yok demek ki.<\/p>\n<p class=\"x_MsoNormal\" style=\"color: #000000\">Referandumda hay\u0131r oyu verenler bizim insan\u0131m\u0131zd\u0131r. Onlara tepeden bakmak, olumsuzlamak kimin ne haddine ki. Bizim kadar onlarda bu \u00fclkeyi ve milleti seviyorlar. E\u011fer birileri ile kavga edilecekse, kavgan\u0131n merkezinde hay\u0131r oyu verenler de\u011fil, hay\u0131rc\u0131 ter\u00f6r \u00f6rg\u00fctleri olmal\u0131d\u0131r. \u0130nsan\u0131m\u0131z yalana, iftiraya inanm\u0131\u015f, pompalanan korkulara kap\u0131lm\u0131\u015f olabilir. Yap\u0131lmas\u0131 gereken yalan ve iftiralar\u0131 \u00e7\u00fcr\u00fctmek, korku ve kayg\u0131lar\u0131 ortadan kald\u0131rmakt\u0131r. Herkes diline ve \u00fcslubuna dikkat etmelidir. Bizim i\u00e7in ne ba\u015fka bir T\u00fcrkiye vard\u0131r ve ne de ba\u015fka bir T\u00fcrk milleti vard\u0131r. Var olanlar\u0131n de\u011ferini bilelim. Cumhurba\u015fkanl\u0131\u011f\u0131 h\u00fck\u00fcmet sistemimiz milletimize hay\u0131rl\u0131 olsun.<\/p>\n<p class=\"x_MsoNormal\" style=\"color: #000000\">\u00a0<b>\u00d6mer Naci Y\u0131lmaz<\/b><\/p>\n","protected":false},"excerpt":{"rendered":"<p>Sabih Kanado\u011flu\u2019nun kulaklar\u0131 acayip \u00e7\u0131nl\u0131yordur. Ne kadar da haval\u0131yd\u0131, ne kadar da kibirliydi. M\u00fcsl\u00fcman bir cumhurba\u015fkan\u0131, e\u015finin ba\u015f\u0131 kapal\u0131 bir cumhurba\u015fkan\u0131 se\u00e7tirmemenin muzaffer komutan\u0131 gibiydi. Ne kadar da el \u00fcst\u00fcnde tutuluyordu. Yaz\u0131l\u0131 ve g\u00f6rsel medya pe\u015finde g\u00f6lge gibi dola\u015f\u0131yordu. Ba\u015f\u0131n\u0131 ka\u015f\u0131mas\u0131, g\u00f6z\u00fcn\u00fc k\u0131rpmas\u0131 bile haber oluyordu. Laik\u00e7iler, cumhuriyet\u00e7iler, ulusalc\u0131lar i\u00e7in fenomen olmu\u015ftu. Sen nerdeydin be &hellip;<\/p>\n","protected":false},"author":26,"featured_media":48521,"comment_status":"open","ping_status":"open","sticky":false,"template":"","format":"standard","meta":{"om_disable_all_campaigns":false,"_themeisle_gutenberg_block_has_review":false,"_joinchat":[],"footnotes":""},"categories":[38,54,43],"tags":[],"class_list":["post-20419","post","type-post","status-publish","format-standard","has-post-thumbnail","","category-guncel","category-omer","category-yazarlar"],"_links":{"self":[{"href":"https:\/\/akincilardergisi.com\/tr\/wp-json\/wp\/v2\/posts\/20419","targetHints":{"allow":["GET"]}}],"collection":[{"href":"https:\/\/akincilardergisi.com\/tr\/wp-json\/wp\/v2\/posts"}],"about":[{"href":"https:\/\/akincilardergisi.com\/tr\/wp-json\/wp\/v2\/types\/post"}],"author":[{"embeddable":true,"href":"https:\/\/akincilardergisi.com\/tr\/wp-json\/wp\/v2\/users\/26"}],"replies":[{"embeddable":true,"href":"https:\/\/akincilardergisi.com\/tr\/wp-json\/wp\/v2\/comments?post=20419"}],"version-history":[{"count":0,"href":"https:\/\/akincilardergisi.com\/tr\/wp-json\/wp\/v2\/posts\/20419\/revisions"}],"wp:featuredmedia":[{"embeddable":true,"href":"https:\/\/akincilardergisi.com\/tr\/wp-json\/wp\/v2\/media\/48521"}],"wp:attachment":[{"href":"https:\/\/akincilardergisi.com\/tr\/wp-json\/wp\/v2\/media?parent=20419"}],"wp:term":[{"taxonomy":"category","embeddable":true,"href":"https:\/\/akincilardergisi.com\/tr\/wp-json\/wp\/v2\/categories?post=20419"},{"taxonomy":"post_tag","embeddable":true,"href":"https:\/\/akincilardergisi.com\/tr\/wp-json\/wp\/v2\/tags?post=20419"}],"curies":[{"name":"wp","href":"https:\/\/api.w.org\/{rel}","templated":true}]}}