{"id":20352,"date":"2017-04-14T06:54:05","date_gmt":"2017-04-14T03:54:05","guid":{"rendered":"http:\/\/akincilardergisi.com\/dergi\/?p=20352"},"modified":"2023-11-07T12:01:49","modified_gmt":"2023-11-07T09:01:49","slug":"herseyin-farkindasiniz","status":"publish","type":"post","link":"https:\/\/akincilardergisi.com\/tr\/herseyin-farkindasiniz\/","title":{"rendered":"HER\u015eEY\u0130N FARKINDASINIZ"},"content":{"rendered":"<p>Cumhurba\u015fkanl\u0131\u011f\u0131 H\u00fck\u00fcmet Sistemi ile alakal\u0131 olarak 16 Nisan 2017\u2019de yap\u0131lacak olan referandum s\u00fcrecinin son d\u00f6nemecine girildi. Sand\u0131k yakla\u015ft\u0131k\u00e7a birilerinin bast\u0131rd\u0131\u011f\u0131 duygular\u0131 a\u00e7\u0131\u011fa \u00e7\u0131kmaya ba\u015flad\u0131. \u0130\u00e7inde ya\u015fad\u0131\u011f\u0131 halk\u0131n\u0131n bir k\u0131sm\u0131n\u0131 denize d\u00f6kenden tutun da hay\u0131r \u00e7\u0131kt\u0131\u011f\u0131nda Yunan\u0131n denize d\u00f6k\u00fcld\u00fc\u011f\u00fc g\u00fcn \u0130zmir\u2019de H\u00fck\u00fcmet Kona\u011f\u0131\u2019na T\u00fcrk bayra\u011f\u0131 \u00e7ekildi\u011fi g\u00fcn nas\u0131l mutlu olunduysa \u00f6yle mutlu olaca\u011f\u0131ndan s\u00f6z ediyor. Bizim de bunlara kar\u015f\u0131l\u0131k bir \u015feyler dememizi mi bekliyorsunuz? Biz de s\u00f6yleyelim o zaman. 14 May\u0131s 1950\u2019de sizi sand\u0131\u011fa g\u00f6md\u00fc\u011f\u00fcm\u00fcz g\u00fcn nas\u0131l sevindiysek \u00f6yle sevinece\u011fiz. Se\u00e7imle yenemedi\u011finiz Menderes\u2019i idam etmenizin \u00fczerinden d\u00f6rt y\u0131l ge\u00e7tikten sonra 10 Ekim 1965\u2019te sizi sand\u0131\u011fa g\u00f6md\u00fc\u011f\u00fcm\u00fczde nas\u0131l sevindiysek \u00f6yle sevinece\u011fiz. 12 Eyl\u00fcl 1980 askeri darbesinden sonra yap\u0131lan ilk serbest se\u00e7imde, 6 Kas\u0131m 1983\u2019te nas\u0131l sevindiysek \u00f6yle sevinece\u011fiz. \u0130nand\u0131\u011f\u0131m\u0131z ve iman etti\u011fimiz t\u00fcm de\u011ferlerlerimizi hedef tahtas\u0131na koydu\u011funuz 28 \u00a0 \u015eubat 1997 Post-Modern darbesinden be\u015f y\u0131l sonra 3 Kas\u0131m 2002\u2019de sizi sand\u0131\u011fa g\u00f6md\u00fc\u011f\u00fcm\u00fczde nas\u0131l sevindiysek yine \u00f6yle sevinece\u011fiz. M\u00fcsl\u00fcman bir Cumhurba\u015fkan\u0131, e\u015fi ba\u015f\u00f6rt\u00fcl\u00fc bir Cumhurba\u015fkan\u0131 se\u00e7tirmemek i\u00e7in hukukun i\u00e7ine etti\u011finiz 2007\u2019de \u2018Cumhuriyet\u2019 mitingleri ad\u0131 alt\u0131nda cumhura\/halka meydan okudu\u011funuz g\u00fcnlerde sizi bir kez daha tan\u0131m\u0131\u015ft\u0131k. \u0130nsanc\u0131l, h\u00fcmanist maskelerinizin nas\u0131l da d\u00f6k\u00fcld\u00fc\u011f\u00fcn\u00fc g\u00f6rm\u00fc\u015ft\u00fck. Laikli\u011fin arkas\u0131na saklan\u0131p \u0130slami de\u011ferlere d\u00fc\u015fmanl\u0131k yapt\u0131\u011f\u0131n\u0131z g\u00fcnlerde yap\u0131lan 22 Temmuz 2007 se\u00e7imlerinde nas\u0131l sevindiysek \u00f6yle sevinece\u011fiz. 10 A\u011fustos 20014 Cumhurba\u015fkanl\u0131\u011f\u0131 se\u00e7iminde nas\u0131l sevindiysek \u00f6yle sevinece\u011fiz. 1 Kas\u0131m 2015 se\u00e7imlerinde nas\u0131l sevindiysek \u00f6yle sevinece\u011fiz. G\u00f6r\u00fcyorsunuz sand\u0131k sonu\u00e7lar\u0131yla seviniyoruz. Sizin gibi vatanda\u015f\u0131 denize d\u00f6kmekten, bayrak dikmekten s\u00f6z etmiyoruz. Haydi, bir se\u00e7im zaferinizden bahsedin de g\u00f6relim.<\/p>\n<p>Sizin bakt\u0131\u011f\u0131n\u0131z yerden bakarsak Malazgirt\u2019ten, Miryakefelon\u2019dan, \u0130stanbul\u2019un fethinden bahsetmemiz gerekir. B\u00f6yle bir \u015fey olur mu, olabilir mi? Bunu bu topra\u011f\u0131n insan\u0131 olarak bu topra\u011f\u0131n insanlar\u0131yla alakal\u0131 olarak nas\u0131l d\u00fc\u015f\u00fcn\u00fcrs\u00fcn\u00fcz? Bu ne kindir, ne \u00f6fkedir, ne h\u0131r\u00e7\u0131nl\u0131kt\u0131r? \u00a0Yok, sizin \u00e7irkef minderinize ve gaz\u0131n\u0131za gelemeyece\u011fiz. Sizin gibi yapsayd\u0131k ve \u00f6yle davransayd\u0131k zaten \u201cbiz\u201d olmazd\u0131k, olamazd\u0131k. \u0130nand\u0131\u011f\u0131n\u0131z ve iman etti\u011finiz demokrasiniz size b\u00f6yle s\u00f6ylemeyi ve davranmay\u0131 m\u0131 emrediyor? Oysa biz sizinle bu topraklarda ya\u015famaktan mutluyduk, b\u0131rak\u0131n bir yerlere d\u00f6kmekten ve k\u00f6t\u00fcl\u00fc\u011f\u00fcn\u00fcz\u00fc istemekten bile Allah\u2019a s\u0131\u011f\u0131n\u0131r\u0131z. Bu i\u015f sand\u0131kta halledilir ve o g\u00fcn biter, bitmelidir. Birlikte T\u00fcrkiye oldu\u011fumuzu unutmayal\u0131m.<\/p>\n<p>Referandumdan evet \u00e7\u0131kt\u0131\u011f\u0131 takdirde ba\u015fkentin Ankara\u2019dan \u0130stanbul\u2019a ta\u015f\u0131nmayaca\u011f\u0131n\u0131 siz pek\u00e2l\u00e2 biliyorsunuz. Rejimin de\u011fi\u015fmeyece\u011fini, \u0130stiklal Mar\u015f\u0131\u2019n\u0131n de\u011fi\u015ftirilmeyece\u011fini, muhtarl\u0131klar\u0131n, lokantalar\u0131n, kahvehanelerin kapat\u0131lmayaca\u011f\u0131n\u0131 \u00e7ok iyi biliyorsunuz. 17 Nisan sabah\u0131 kahvehaneye gitmek istiyorsan orada, lokantaya gitmek istiyorsan orada, muhtarl\u0131\u011fa gitmek istiyorsan orada, ba\u015fkent Ankara\u2019ya gitmek istiyorsan orada, \u0130stiklal Mar\u015f\u0131 s\u00f6ylemek istiyorsan her yerde\u2026 Sahip \u00e7\u0131kt\u0131\u011f\u0131n hi\u00e7 bir \u015feyin de\u011fi\u015fmedi\u011fini g\u00f6receksin. Bunlar\u0131 biliyorsun; i\u00e7inde bulundu\u011fun depresif a\u00e7maz bunlara inanman\u0131 getiriyor. Oysa bunlar\u0131n yalan ve iftira oldu\u011funu en az bizim kadar siz de biliyorsunuz. Hay\u0131r demek i\u00e7in yalanlara ve iftiralara ihtiya\u00e7 duymamal\u0131s\u0131n\u0131z. Hay\u0131r demenizden daha do\u011fal bir \u015fey olamaz, bu anla\u015f\u0131labilir bir durumdur. Anla\u015f\u0131lmaz olan koca koca adamlar, koca koca kad\u0131nlar, bir de okumu\u015f insanlar olarak bu maval ve martavalallara inanman\u0131z var ya inan\u0131n ki hay\u0131r demenizden daha acayip ve daha anormal bir durumdur.<\/p>\n<p>Hayata ve barda\u011fa hep bo\u015f taraf\u0131ndan bakt\u0131\u011f\u0131n\u0131z i\u00e7in bu memlekette on be\u015f y\u0131ld\u0131r yap\u0131lan hi\u00e7bir \u015fey sizi mutlu etmiyor. Sosyal medyada yalan yanl\u0131\u015f her \u015feyi payla\u015f\u0131yorsunuz. \u00dclkenin Cumhurba\u015fkan\u0131na at\u0131lan her iftira, ona yap\u0131lan her hakaret sizin sayfalar\u0131n\u0131zda payla\u015f\u0131l\u0131yor. Bu memleketin insan\u0131 i\u00e7in yap\u0131lan hangi hizmetten memnun oldunuz, hangisini sevin\u00e7le kar\u015f\u0131lad\u0131n\u0131z? Bir kez olsun Allah raz\u0131 olsun diyebildiniz mi? diyemezsiniz, takdir etmek, te\u015fekk\u00fcr etmek size a\u011f\u0131r gelir. On be\u015f y\u0131ld\u0131r bu topraklarda neyinizi kaybettiniz, ne istediniz de yapamad\u0131n\u0131z, ya\u015fam tarz\u0131n\u0131za m\u00fcdahale eden mi oldu? Bizim ya\u015fam tarz\u0131m\u0131za m\u00fcdahale edilirken bu olamaz deyip itiraz ettiniz mi? Ba\u015f\u00f6rt\u00fcl\u00fcler okullara al\u0131nmazken, devlet dairelinde \u00e7al\u0131\u015ft\u0131r\u0131lmaz iken, anneler evlatlar\u0131n\u0131n yemin t\u00f6renlerini tel \u00f6rg\u00fclerin ard\u0131ndan izlerken hay\u0131r diyebildiniz mi? \u00c7ok iyi bildi\u011finiz 28 \u015eubat m\u00fcdahalesine hay\u0131r diyebildiniz mi? 27 Nisan e-muht\u0131ras\u0131na hay\u0131r diyebildiniz mi? Ak Parti\u2019ye kapatma davas\u0131 a\u00e7\u0131ld\u0131\u011f\u0131nda, bu \u2018demokrasiye\u2019 uymaz, olamaz, bu i\u015f sand\u0131kta olur diyebildiniz mi? Yoksa kurtuluyoruz diye i\u00e7ten i\u00e7e sevindiniz mi? 15 Temmuz Feto darbesine samimi olarak hay\u0131r dediniz mi? Kankalar\u0131n\u0131z gibi tanklar\u0131 m\u0131 alk\u0131\u015flad\u0131n\u0131z? Meydanlarda bir aya yak\u0131n n\u00f6bet tutuldu, hangi meydandaki n\u00f6bete kat\u0131ld\u0131n\u0131z? 15 Temmuz darbesiyle alakal\u0131 yap\u0131lan hangi toplant\u0131ya kat\u0131ld\u0131n\u0131z, hangisinde \u00e7ekilmi\u015f bir resminizi payla\u015ft\u0131n\u0131z? \u015eehitlerin ve gazilerin ailelerinden bir tanesinin o geceye dair anlat\u0131mlar\u0131n\u0131 dinlediniz mi? Dinlemediniz, dinleyemezsiniz. Hangi televizyon kanal\u0131 Cumhurba\u015fkan\u0131na giydiriyorsa onlar\u0131 izlediniz, onlar\u0131 dinlediniz, onlar\u0131n iftiralar\u0131n\u0131 payla\u015ft\u0131n\u0131z. K\u00fcf\u00fcr etmede en mahir yazarlar fikir d\u00fcnyan\u0131z\u0131 olu\u015fturdu. Onlar\u0131n laflar\u0131yla kendinizi mutlu addettiniz ve s\u00f6ylediklerine, yazd\u0131klar\u0131na inand\u0131n\u0131z ve bir h\u00fclyalar dizisi \u00e7ektiniz. Hayal \u00e2lemine dald\u0131n\u0131z. \u00c7ekti\u011finiz dizi de, dald\u0131\u011f\u0131n\u0131z h\u00fclyalar da bitiyor. S\u00f6ylediklerinizden, yazd\u0131klar\u0131n\u0131zdan, payla\u015ft\u0131klar\u0131n\u0131zdan, inand\u0131klar\u0131n\u0131zdan, s\u00fcrekli olarak kand\u0131r\u0131lm\u0131\u015fl\u0131\u011f\u0131n\u0131zdan ve en sonunda da kendinizden utanacaks\u0131n\u0131z. Asl\u0131nda siz her \u015feyin fark\u0131ndas\u0131n\u0131z. \u0130deolojik saplant\u0131lar\u0131n muhabbeti katletmesine, sevgi dolu olmas\u0131 gereken y\u00fcrekleri mezbeleli\u011fe \u00e7evirmesine f\u0131rsat vermeyelim.<\/p>\n<p>&nbsp;<\/p>\n<p><strong>\u00d6mer Naci YILMAZ<\/strong><\/p>\n","protected":false},"excerpt":{"rendered":"<p>Cumhurba\u015fkanl\u0131\u011f\u0131 H\u00fck\u00fcmet Sistemi ile alakal\u0131 olarak 16 Nisan 2017\u2019de yap\u0131lacak olan referandum s\u00fcrecinin son d\u00f6nemecine girildi. Sand\u0131k yakla\u015ft\u0131k\u00e7a birilerinin bast\u0131rd\u0131\u011f\u0131 duygular\u0131 a\u00e7\u0131\u011fa \u00e7\u0131kmaya ba\u015flad\u0131. \u0130\u00e7inde ya\u015fad\u0131\u011f\u0131 halk\u0131n\u0131n bir k\u0131sm\u0131n\u0131 denize d\u00f6kenden tutun da hay\u0131r \u00e7\u0131kt\u0131\u011f\u0131nda Yunan\u0131n denize d\u00f6k\u00fcld\u00fc\u011f\u00fc g\u00fcn \u0130zmir\u2019de H\u00fck\u00fcmet Kona\u011f\u0131\u2019na T\u00fcrk bayra\u011f\u0131 \u00e7ekildi\u011fi g\u00fcn nas\u0131l mutlu olunduysa \u00f6yle mutlu olaca\u011f\u0131ndan s\u00f6z ediyor. Bizim &hellip;<\/p>\n","protected":false},"author":26,"featured_media":48521,"comment_status":"open","ping_status":"open","sticky":false,"template":"","format":"standard","meta":{"om_disable_all_campaigns":false,"_themeisle_gutenberg_block_has_review":false,"_joinchat":[],"footnotes":""},"categories":[38,54,43],"tags":[],"class_list":["post-20352","post","type-post","status-publish","format-standard","has-post-thumbnail","","category-guncel","category-omer","category-yazarlar"],"_links":{"self":[{"href":"https:\/\/akincilardergisi.com\/tr\/wp-json\/wp\/v2\/posts\/20352","targetHints":{"allow":["GET"]}}],"collection":[{"href":"https:\/\/akincilardergisi.com\/tr\/wp-json\/wp\/v2\/posts"}],"about":[{"href":"https:\/\/akincilardergisi.com\/tr\/wp-json\/wp\/v2\/types\/post"}],"author":[{"embeddable":true,"href":"https:\/\/akincilardergisi.com\/tr\/wp-json\/wp\/v2\/users\/26"}],"replies":[{"embeddable":true,"href":"https:\/\/akincilardergisi.com\/tr\/wp-json\/wp\/v2\/comments?post=20352"}],"version-history":[{"count":0,"href":"https:\/\/akincilardergisi.com\/tr\/wp-json\/wp\/v2\/posts\/20352\/revisions"}],"wp:featuredmedia":[{"embeddable":true,"href":"https:\/\/akincilardergisi.com\/tr\/wp-json\/wp\/v2\/media\/48521"}],"wp:attachment":[{"href":"https:\/\/akincilardergisi.com\/tr\/wp-json\/wp\/v2\/media?parent=20352"}],"wp:term":[{"taxonomy":"category","embeddable":true,"href":"https:\/\/akincilardergisi.com\/tr\/wp-json\/wp\/v2\/categories?post=20352"},{"taxonomy":"post_tag","embeddable":true,"href":"https:\/\/akincilardergisi.com\/tr\/wp-json\/wp\/v2\/tags?post=20352"}],"curies":[{"name":"wp","href":"https:\/\/api.w.org\/{rel}","templated":true}]}}