{"id":20321,"date":"2017-04-12T21:28:09","date_gmt":"2017-04-12T18:28:09","guid":{"rendered":"http:\/\/akincilardergisi.com\/dergi\/?p=20321"},"modified":"2023-11-07T15:59:15","modified_gmt":"2023-11-07T12:59:15","slug":"rovans","status":"publish","type":"post","link":"https:\/\/akincilardergisi.com\/tr\/rovans\/","title":{"rendered":"R\u00d6VAN\u015e"},"content":{"rendered":"<p>&nbsp;<\/p>\n<p><a href=\"http:\/\/akincilardergisi.com\/dergi\/wp-content\/uploads\/57079560a781b610bc27c480.jpg\"><img loading=\"lazy\" decoding=\"async\" class=\"alignnone size-medium wp-image-20324\" src=\"http:\/\/akincilardergisi.com\/dergi\/wp-content\/uploads\/57079560a781b610bc27c480-300x150.jpg\" alt=\"57079560a781b610bc27c480\" width=\"300\" height=\"150\" \/><\/a><\/p>\n<p><strong>R\u00d6VAN\u015e <\/strong><\/p>\n<p>Referandum Anayasa oylamas\u0131ndan \u00e7ok \u00f6te bir anlam kazanmaya ba\u015flad\u0131.<\/p>\n<p>EVET-HAYIR dan \u00e7ok Bizim Kimin taraf\u0131nda kimin saf\u0131nda oldu\u011fumuzu g\u00f6steren bir anlam&#8230;<\/p>\n<p>Muhalefet Lideri hi\u00e7 ilgisi yokken 15 Temmuz \u015fanl\u0131 direni\u015fine &#8216;Kontroll\u00fc Darbe..&#8217; dedi\u011fine g\u00f6re i\u015f iyice anla\u015f\u0131ld\u0131 demektir.<\/p>\n<p>Sand\u0131ktan HAYIR \u00e7\u0131karsa; 15 Temmuz&#8217;un r\u00f6van\u015f\u0131 al\u0131nacak FET\u00d6 CHP ye kancay\u0131 takacak.<\/p>\n<p>K\u0131l\u0131\u00e7daro\u011flu&#8217;dan daha cesur s\u00f6ylemler talep edecek. \u0130\u00e7eri t\u0131k\u0131lan FET\u00d6 c\u00fcler d\u0131\u015far\u0131 \u00e7\u0131kmak i\u00e7in g\u00fcn sayacak.<\/p>\n<p>Birle\u015fik Avrupa Ha\u00e7l\u0131 ittifak\u0131 derin bir nefes alacak<\/p>\n<p>\u00dclkemizi se\u00e7ime g\u00f6t\u00fcrmek i\u00e7in bast\u0131racak Avrupa \u00c7ok ba\u015fl\u0131l\u0131 hastal\u0131kl\u0131 bir koalisyon h\u00fckumeti kurulmas\u0131 i\u00e7in \u00e7al\u0131\u015facak.<\/p>\n<p>(CHP nin tek ba\u015f\u0131na iktidar olmas\u0131 Avrupa&#8217;n\u0131n \u00e7ok arzulad\u0131\u011f\u0131 bir \u015fey ama \u015fu an i\u00e7in m\u00fcmk\u00fcn g\u00f6r\u00fcnm\u00fcyor.)<\/p>\n<p>EVET \u00e7\u0131karsa \u0130ngilizlerin (Asl\u0131nda Birle\u015fik Avrupa Ha\u00e7l\u0131 \u0130ttifak\u0131n\u0131n o g\u00fcnk\u00fc temsilcisi) Lozan Anla\u015fmas\u0131yla ba\u015f\u0131m\u0131za tebelle\u015f etti\u011fi B\u00fcrokratik Oligar\u015fik sistem sars\u0131lacak.<\/p>\n<p>B\u00fcnyemize uygun Milli bir yap\u0131lanman\u0131n \u00f6n\u00fc a\u00e7\u0131lacak.<\/p>\n<p>Devlet-Millet kayna\u015fmas\u0131 sa\u011flanacak<\/p>\n<p>Bunun getirdi\u011fi sinerji ile b\u00fcy\u00fck bir kalk\u0131nma hamlesi ba\u015flayacak.<\/p>\n<p>Ve Her zaman oldu\u011fu gibi T\u00dcRK\u0130YE Emperyalistlerin Mazlum milletleri s\u00f6m\u00fcrmelerinin \u00f6n\u00fcnde en b\u00fcy\u00fck engel olacak.<\/p>\n<p>EVET \u00e7\u0131karsa Y\u00fczy\u0131l\u0131n r\u00f6van\u015f\u0131 al\u0131nacak.<\/p>\n<p>&nbsp;<\/p>\n<p>&nbsp;<\/p>\n<p>&nbsp;<\/p>\n<p>&nbsp;<\/p>\n<p>&nbsp;<\/p>\n<p>&nbsp;<\/p>\n<p>&nbsp;<\/p>\n","protected":false},"excerpt":{"rendered":"<p>&nbsp; R\u00d6VAN\u015e Referandum Anayasa oylamas\u0131ndan \u00e7ok \u00f6te bir anlam kazanmaya ba\u015flad\u0131. EVET-HAYIR dan \u00e7ok Bizim Kimin taraf\u0131nda kimin saf\u0131nda oldu\u011fumuzu g\u00f6steren bir anlam&#8230; Muhalefet Lideri hi\u00e7 ilgisi yokken 15 Temmuz \u015fanl\u0131 direni\u015fine &#8216;Kontroll\u00fc Darbe..&#8217; dedi\u011fine g\u00f6re i\u015f iyice anla\u015f\u0131ld\u0131 demektir. Sand\u0131ktan HAYIR \u00e7\u0131karsa; 15 Temmuz&#8217;un r\u00f6van\u015f\u0131 al\u0131nacak FET\u00d6 CHP ye kancay\u0131 takacak. K\u0131l\u0131\u00e7daro\u011flu&#8217;dan daha cesur &hellip;<\/p>\n","protected":false},"author":14,"featured_media":47406,"comment_status":"open","ping_status":"open","sticky":false,"template":"","format":"standard","meta":{"om_disable_all_campaigns":false,"_themeisle_gutenberg_block_has_review":false,"_joinchat":[],"footnotes":""},"categories":[56,38,43],"tags":[],"class_list":["post-20321","post","type-post","status-publish","format-standard","has-post-thumbnail","","category-emin","category-guncel","category-yazarlar"],"_links":{"self":[{"href":"https:\/\/akincilardergisi.com\/tr\/wp-json\/wp\/v2\/posts\/20321","targetHints":{"allow":["GET"]}}],"collection":[{"href":"https:\/\/akincilardergisi.com\/tr\/wp-json\/wp\/v2\/posts"}],"about":[{"href":"https:\/\/akincilardergisi.com\/tr\/wp-json\/wp\/v2\/types\/post"}],"author":[{"embeddable":true,"href":"https:\/\/akincilardergisi.com\/tr\/wp-json\/wp\/v2\/users\/14"}],"replies":[{"embeddable":true,"href":"https:\/\/akincilardergisi.com\/tr\/wp-json\/wp\/v2\/comments?post=20321"}],"version-history":[{"count":0,"href":"https:\/\/akincilardergisi.com\/tr\/wp-json\/wp\/v2\/posts\/20321\/revisions"}],"wp:featuredmedia":[{"embeddable":true,"href":"https:\/\/akincilardergisi.com\/tr\/wp-json\/wp\/v2\/media\/47406"}],"wp:attachment":[{"href":"https:\/\/akincilardergisi.com\/tr\/wp-json\/wp\/v2\/media?parent=20321"}],"wp:term":[{"taxonomy":"category","embeddable":true,"href":"https:\/\/akincilardergisi.com\/tr\/wp-json\/wp\/v2\/categories?post=20321"},{"taxonomy":"post_tag","embeddable":true,"href":"https:\/\/akincilardergisi.com\/tr\/wp-json\/wp\/v2\/tags?post=20321"}],"curies":[{"name":"wp","href":"https:\/\/api.w.org\/{rel}","templated":true}]}}