{"id":20267,"date":"2017-04-11T08:53:13","date_gmt":"2017-04-11T05:53:13","guid":{"rendered":"http:\/\/akincilardergisi.com\/dergi\/?p=20267"},"modified":"2023-11-05T13:42:34","modified_gmt":"2023-11-05T10:42:34","slug":"munafiklar-ne-dediler-ve-ne-oldu","status":"publish","type":"post","link":"https:\/\/akincilardergisi.com\/tr\/munafiklar-ne-dediler-ve-ne-oldu\/","title":{"rendered":"M\u00fcnaf\u0131klar ne dedi. O ne dedi ve ne oldu ?"},"content":{"rendered":"<p>&nbsp;<\/p>\n<p>D\u00fc\u015fmanlar\u0131m\u0131z nas\u0131l davrand\u0131, o nas\u0131l cevap verdi.<\/p>\n<p>Bat\u0131 d\u00fcnyas\u0131 neden ona hep birden sald\u0131rmaya ba\u015flad\u0131?<\/p>\n<p>B\u00fct\u00fcn bunlar\u0131n ve bunlar gibi sorular\u0131n cevab\u0131n\u0131 bizzat canl\u0131 canl\u0131 ya\u015fayarak \u00f6\u011freniyoruz.<\/p>\n<p>Dostumuz d\u00fc\u015fman\u0131m\u0131z kimmi\u015f, neden bize b\u00f6yle d\u00fc\u015fmanca davran\u0131yorlar hepsi bir filim \u015feridi gibi g\u00f6z\u00fcm\u00fcz\u00fcn \u00f6n\u00fcnden ge\u00e7iyor.<\/p>\n<p>Bat\u0131l\u0131lara birden ne oldu da hepsi T\u00fcrkiye ile ilgilenmeye, EVET\u2019 lerin \u00e7oklu\u011fundan dolay\u0131 kayg\u0131 duymaya ba\u015flad\u0131lar?<\/p>\n<p>Sanki T\u00fcrkiye\u2019nin kaderini bizim yerimize onlar oyluyorlarm\u0131\u015f gibi aya\u011fa kalkt\u0131lar ve HAYIR\u2019 c\u0131larla birlikte Erdo\u011fan\u2019a ve T\u00fcrkiye\u2019ye kar\u015f\u0131 sava\u015fmaya ba\u015flad\u0131lar.<\/p>\n<p>Bu \u015fer cephesinin tavr\u0131 ta ba\u015ftan bu yana belli ve ayn\u0131 idi.<\/p>\n<p>\u015eiir okudu diye hapse mahkum ettiler. O milletim i\u00e7in hapiste olsa yatar\u0131m dedi.<\/p>\n<p>Muhtar bile olamaz dediler; o, AK Partinin Genel Ba\u015fkan\u0131 oldu.<\/p>\n<p>Girdi\u011fi ilk se\u00e7imde kazanamaz dediler. Onun Genel Ba\u015fkan oldu\u011fu AK Parti se\u00e7imden 1. \u00e7\u0131kt\u0131.<\/p>\n<p>O, yasakl\u0131 idi ama sonunda Ba\u015fbakan oldu.<\/p>\n<p>Cumhur Ba\u015fkan\u0131 olmas\u0131n diye u\u011fra\u015ft\u0131lar. Millet onu T\u00fcrkiye\u2019nin ilk se\u00e7ilmi\u015f Cumhur Ba\u015fkan\u0131 yapt\u0131.<\/p>\n<p>Milletin aras\u0131nda d\u00fc\u015fmanl\u0131k \u00fcretiyor dediler, o milletin sevgilisi oldu.<\/p>\n<p>D\u00fcnyada dostumuz kalmad\u0131 dediler; o \u00fcmmetin ve mazlum milletlerin dostu ve umudu oldu.<\/p>\n<p>Fitne ocaklar\u0131n\u0131n \u00fcretti\u011fi yalan, iftira, dedikodu durmuyor, duracak gibi de de\u011fil. \u015eimdi de Diktat\u00f6r olacak diyorlar. O ise biz milletimize hizmet\u00e7i olmaya geldik diyor.<\/p>\n<p>Memleketimizde gavur u\u015fa\u011f\u0131 az de\u011fil . Ne desen laf\u0131 kuyru\u011fundan anl\u0131yor, meseleyi farkl\u0131 yans\u0131tmak i\u00e7in y\u0131rt\u0131n\u0131yorlar.<\/p>\n<p>Yerli m\u00fcnaf\u0131klar, bat\u0131l\u0131 m\u00fcttefik(!) al\u00e7aklar Ha\u00e7l\u0131 Birli\u011fi olu\u015fturarak T\u00fcrkiye\u2019nin b\u00fcy\u00fcmesi, g\u00fc\u00e7lenmesi ve \u015fahlan\u0131\u015f\u0131 kar\u015f\u0131s\u0131nda Cumhur Balkan\u0131 Erdo\u011fan\u2019a kar\u015f\u0131 amans\u0131z bir sava\u015f veriyorlar.<\/p>\n<p>Milletimiz oyunun fark\u0131nda. D\u00fc\u015fmanlar\u0131n\u0131n kimler oldu\u011funu iyi biliyor.<\/p>\n<p>M\u00fcnaf\u0131klar\u0131n ne yapmak istediklerinin bilincindeler.<\/p>\n<p>Onun i\u00e7in;\u2019\u2019Reis\u2019i kurda ku\u015fa yem ettirmeyiz\u2019\u2019 diye can pahas\u0131na ona sahip \u00e7\u0131k\u0131yor, onu destekliyor ve onunla birlikte T\u00fcrkiye\u2019nin yar\u0131nlar\u0131na do\u011fru emin ad\u0131mlarla y\u00fcr\u00fcmek i\u00e7in kol kola kenetlenmi\u015f durumdalar.<\/p>\n<p>Bundan sonra \u015fu e\u011fitim ve gen\u00e7lik meselesi de istedi\u011fimiz \u015fekilde halledilebilirse T\u00fcrkiye\u2019nin gelece\u011fi emin ellerde, T\u00fcrkiyeyi tutacak yok Allah\u0131n izniyle\u2026<\/p>\n<p>&nbsp;<\/p>\n","protected":false},"excerpt":{"rendered":"<p>&nbsp; D\u00fc\u015fmanlar\u0131m\u0131z nas\u0131l davrand\u0131, o nas\u0131l cevap verdi. Bat\u0131 d\u00fcnyas\u0131 neden ona hep birden sald\u0131rmaya ba\u015flad\u0131? B\u00fct\u00fcn bunlar\u0131n ve bunlar gibi sorular\u0131n cevab\u0131n\u0131 bizzat canl\u0131 canl\u0131 ya\u015fayarak \u00f6\u011freniyoruz. Dostumuz d\u00fc\u015fman\u0131m\u0131z kimmi\u015f, neden bize b\u00f6yle d\u00fc\u015fmanca davran\u0131yorlar hepsi bir filim \u015feridi gibi g\u00f6z\u00fcm\u00fcz\u00fcn \u00f6n\u00fcnden ge\u00e7iyor. Bat\u0131l\u0131lara birden ne oldu da hepsi T\u00fcrkiye ile ilgilenmeye, EVET\u2019 lerin &hellip;<\/p>\n","protected":false},"author":2,"featured_media":48521,"comment_status":"open","ping_status":"open","sticky":false,"template":"","format":"standard","meta":{"om_disable_all_campaigns":false,"_themeisle_gutenberg_block_has_review":false,"_joinchat":[],"footnotes":""},"categories":[49,38,43],"tags":[],"class_list":["post-20267","post","type-post","status-publish","format-standard","has-post-thumbnail","","category-arif","category-guncel","category-yazarlar"],"_links":{"self":[{"href":"https:\/\/akincilardergisi.com\/tr\/wp-json\/wp\/v2\/posts\/20267","targetHints":{"allow":["GET"]}}],"collection":[{"href":"https:\/\/akincilardergisi.com\/tr\/wp-json\/wp\/v2\/posts"}],"about":[{"href":"https:\/\/akincilardergisi.com\/tr\/wp-json\/wp\/v2\/types\/post"}],"author":[{"embeddable":true,"href":"https:\/\/akincilardergisi.com\/tr\/wp-json\/wp\/v2\/users\/2"}],"replies":[{"embeddable":true,"href":"https:\/\/akincilardergisi.com\/tr\/wp-json\/wp\/v2\/comments?post=20267"}],"version-history":[{"count":0,"href":"https:\/\/akincilardergisi.com\/tr\/wp-json\/wp\/v2\/posts\/20267\/revisions"}],"wp:featuredmedia":[{"embeddable":true,"href":"https:\/\/akincilardergisi.com\/tr\/wp-json\/wp\/v2\/media\/48521"}],"wp:attachment":[{"href":"https:\/\/akincilardergisi.com\/tr\/wp-json\/wp\/v2\/media?parent=20267"}],"wp:term":[{"taxonomy":"category","embeddable":true,"href":"https:\/\/akincilardergisi.com\/tr\/wp-json\/wp\/v2\/categories?post=20267"},{"taxonomy":"post_tag","embeddable":true,"href":"https:\/\/akincilardergisi.com\/tr\/wp-json\/wp\/v2\/tags?post=20267"}],"curies":[{"name":"wp","href":"https:\/\/api.w.org\/{rel}","templated":true}]}}