{"id":19876,"date":"2017-03-27T00:00:55","date_gmt":"2017-03-26T21:00:55","guid":{"rendered":"http:\/\/akincilardergisi.com\/dergi\/?p=19876"},"modified":"2023-11-05T13:26:14","modified_gmt":"2023-11-05T10:26:14","slug":"psiko-dramatik-hayir-hastaligi-ii","status":"publish","type":"post","link":"https:\/\/akincilardergisi.com\/tr\/psiko-dramatik-hayir-hastaligi-ii\/","title":{"rendered":"PS\u0130KO DRAMAT\u0130K \u201cHAYIR\u201d HASTALI\u011eI \u2013II-"},"content":{"rendered":"<p style=\"text-align: justify\"><b>\u00a0 \u00a0 \u00a0 \u00a0 \u00a0 \u00a0\u00a0<\/b>Yumu\u015fat\u0131lm\u0131\u015f tabir ile Yeni anayasaya muhalif kesimin geneti\u011fine i\u015flemi\u015f rahats\u0131zl\u0131klar\u0131n\u0131 anlatmaya devam edelim\u2026 Bu genetik rahats\u0131zl\u0131klardan biri de \u015fu:<\/p>\n<p style=\"text-align: justify\"><em>\u00a0 \u00a0 \u00a0 \u00a0 \u00a0 \u00a0 \u201cBa\u015fkan olan ki\u015fi ayn\u0131 zamanda bir partinin genel ba\u015fkan\u0131 olacak. O parti belki de hi\u00e7 oy vermedi\u011fin \/ hi\u00e7 sevmedi\u011fin bir parti olacak\u201d<\/em><\/p>\n<p style=\"text-align: justify\"><em>\u00a0 \u00a0 \u00a0 \u00a0 \u00a0\u00a0<\/em>Tevbe yarabbi tevbe. Anayasa metnini iyi okumay\u0131p, anlamayarak yaz\u0131lan \u00e7izilen uydurma bir madde daha. Parti se\u00e7imleri ile Ba\u015fkanl\u0131k se\u00e7imleri ayn\u0131 sand\u0131kta yap\u0131lmayacak. Bir sand\u0131kta milletvekili se\u00e7imleri bir sand\u0131kta da ba\u015fkan se\u00e7ilecek. Ba\u015fkan ayn\u0131 zamanda bir partinin genel ba\u015fkan\u0131 olsa ne olur? Mustafa Kemal partisiz miydi? \u0130n\u00f6n\u00fc partisiz miydi?\u00a0 Hay\u0131r. Onlar\u0131n nas\u0131l CHF ( O zaman Cumhuriyet Halk F\u0131rkas\u0131 idi ) ile bir g\u00f6n\u00fcl ba\u011f\u0131 vard\u0131ysa \u015fimdi \u00f6yle olsa ne olur? Bu i\u015fin sevip sevmemekle bir alakas\u0131 yok, istemedi\u011fin bir adaya oy vermezsin. \u00d6yle ki se\u00e7ilecek ba\u015fkan da halk\u0131n en az %50+1 oyunu alarak o makama gelecek. Unutulmamal\u0131d\u0131r ki daha d\u00fc\u015f\u00fck oy oranlar\u0131 ile zaman\u0131nda Ba\u015fbakan se\u00e7ildi bu \u00fclkede\u2026<\/p>\n<p style=\"text-align: justify\"><em>\u00a0 \u00a0 \u00a0 \u00a0 \u00a0 \u201cAlmanya, Fransa, \u0130ngiltere, ABD, Japonya gibi de\u011fil, Suriye, Libya, M\u0131s\u0131r, \u0130ran, Kuzey Kore, Uganda gibi bir \u00fclkede ya\u015fayacaks\u0131n.\u201d<\/em><\/p>\n<p style=\"text-align: justify\"><em>\u00a0\u00a0\u00a0\u00a0 <\/em>\u015eimdiye kadar parlamenter sistemle ne idik ne olduk. 2000\u2019li y\u0131llar\u0131n ba\u015f\u0131na kadar demokrasinin D\u2019si bile yoktu bu \u00fclkede. Koalisyonlardan ba\u015f\u0131m\u0131z\u0131 kald\u0131r\u0131p etraf\u0131m\u0131zda neler olup bitiyor onu dahi g\u00f6remedik. Neyse ki sa\u011fduyulu millet Ak Partiyi iktidara getirdi, 15 senedir de eski T\u00fcrkiye\u2019den eser kalmad\u0131.<\/p>\n<p style=\"text-align: justify\">\u00a0 \u00a0 \u00a0 Verilen \u00f6rnek \u00fclkelere bak\u0131n bakal\u0131m, se\u00e7imle i\u015f ba\u015f\u0131na gelen h\u00fck\u00fcmetler nas\u0131l darbe ile al a\u015fa\u011f\u0131 edilmi\u015f. Bunu nas\u0131l i\u00e7inize sindirebilirsiniz? Evet, 15 Temmuz\u2019da ba\u015far\u0131l\u0131 olunsa idi o zaman bahsetti\u011finiz \u00fclkelere d\u00f6nerdi bu \u00fclke.<\/p>\n<p style=\"text-align: justify\">\u00a0 \u00a0 \u00a0 \u00a0 Almanya\u2019da, Fransa\u2019da, \u0130ngiltere\u2019de, ABD\u2019de neden en ufak dahi olsa h\u00fck\u00fcmet krizleri ya\u015fanm\u0131yor? Bakmay\u0131n parlamenter sistem olarak g\u00f6r\u00fcnd\u00fc\u011f\u00fcne baz\u0131lar\u0131n\u0131n, as\u0131l karar al\u0131c\u0131lar tek merkezde toplanm\u0131\u015ft\u0131r bu \u00fclkelerde\u2026 Onun i\u00e7in biz de kararlar\u0131m\u0131z\u0131 daha h\u0131zl\u0131 verebilmek, i\u015f ve eylem planlar\u0131m\u0131z\u0131 seri \u015fekilde prati\u011fe d\u00f6kebilmek i\u00e7in bu sisteme ihtiya\u00e7 duyuyoruz. Yoksa bu bahsetti\u011fimiz \u00fclkeler T\u00fcrk dostu olsalard\u0131 en ba\u015fta bu \u00fclkeler arka \u00e7\u0131kard\u0131. Bak\u0131n hi\u00e7biri istemiyor, hatta ve hatta hay\u0131r \u00e7\u0131ks\u0131n diye T\u00fcrk\u00e7e ba\u015fl\u0131k at\u0131yorlar. Sanki se\u00e7imi onlar yap\u0131yor.<\/p>\n<p style=\"text-align: justify\">\u00a0 \u00a0 \u00a0 \u00a0 \u00a0 \u00a0 Bak\u0131n akl\u0131n, mant\u0131\u011f\u0131n, geneti\u011fin, velhas\u0131l dini hassasiyet duygusunun bile kabul edemeyece\u011fi bir madde daha:<\/p>\n<p style=\"text-align: justify\"><em>\u00a0 \u00a0 \u00a0 \u00a0 \u00a0 \u00a0 \u201cCamiye, k\u0131\u015flaya, adliyeye siyaset girecek. Buralar\u0131n hepsi \u201cBa\u015fkan\u0131n Partisine\u201d g\u00f6re d\u00fczenlenecek.\u201d<\/em><\/p>\n<p style=\"text-align: justify\"><em>\u00a0 \u00a0 \u00a0 \u00a0 \u00a0 \u00a0<\/em>Say\u0131n Cumhurba\u015fkan\u0131m\u0131z\u0131n anlata anlata dilinde t\u00fcy bitti. Askeri mahkemeler kapat\u0131l\u0131yor, art\u0131k siville\u015fme d\u00f6nemi olacak. Bu \u00fclke ne \u00e7ektiyse askerin m\u00fcdahalelerinden \u00e7ekti. Burada mesele yanl\u0131\u015f anla\u015f\u0131lmas\u0131n, askerin m\u00fcdahalesi derken bu milletin askeri olmayan, ABD taraf\u0131ndan y\u00f6netilen, NATO taraf\u0131ndan y\u00f6netilen askeri sistemimizden bahsediyorum. Art\u0131k tamamen milli, kuma\u015f\u0131 Anadolu tezgahlar\u0131nda dokunmu\u015f yerli askerimiz hakim bu \u00fclkede. Art\u0131k siyaset kendi arenas\u0131na, askeriye kendi arenas\u0131na.<\/p>\n<p style=\"text-align: justify\">\u00a0 \u00a0 \u00a0 \u00a0 \u00a0Durun bir dakika \u015funu da atlamayal\u0131m: Camiye de siyaset girecekmi\u015f. Onu en iyi CHP yapar. \u015eu anki T\u00fcrkiye\u2019de bunu dillendirenler a\u015fa\u011f\u0131lanm\u0131\u015flar\u0131n en adisidir. Bu kadar da sert s\u00f6yl\u00fcyorum. Art\u0131k dini vecibelerimiz rahatl\u0131kla ba\u015f tac\u0131m\u0131zd\u0131r. Tabi ka\u015f\u0131nacak koz kalmad\u0131 elde, son \u015fans\u0131m\u0131z\u0131 deneyelim hesab\u0131 bir i\u015f yap\u0131l\u0131yor. Bu millet bu oyunlara gelmiyor art\u0131k\u2026<\/p>\n<p style=\"text-align: justify\">\u00a0 \u00a0 \u00a0 \u00a0 \u00a0 \u00a0Devam edece\u011fiz.<\/p>\n<p style=\"text-align: justify\">\u00a0 \u00a0 \u00a0 \u00a0 \u00a0 \u00a0Selam ve dua ile\u2026<\/p>\n<p style=\"text-align: justify\"><strong>\u00a0 \u00a0 \u00a0 \u00a0 \u00a0 \u00a0\u0130BRAH\u0130M YAVUZ<\/strong><\/p>\n","protected":false},"excerpt":{"rendered":"<p>\u00a0 \u00a0 \u00a0 \u00a0 \u00a0 \u00a0\u00a0Yumu\u015fat\u0131lm\u0131\u015f tabir ile Yeni anayasaya muhalif kesimin geneti\u011fine i\u015flemi\u015f rahats\u0131zl\u0131klar\u0131n\u0131 anlatmaya devam edelim\u2026 Bu genetik rahats\u0131zl\u0131klardan biri de \u015fu: \u00a0 \u00a0 \u00a0 \u00a0 \u00a0 \u00a0 \u201cBa\u015fkan olan ki\u015fi ayn\u0131 zamanda bir partinin genel ba\u015fkan\u0131 olacak. O parti belki de hi\u00e7 oy vermedi\u011fin \/ hi\u00e7 sevmedi\u011fin bir parti olacak\u201d \u00a0 \u00a0 &hellip;<\/p>\n","protected":false},"author":20,"featured_media":48521,"comment_status":"open","ping_status":"open","sticky":false,"template":"","format":"standard","meta":{"om_disable_all_campaigns":false,"_themeisle_gutenberg_block_has_review":false,"_joinchat":[],"footnotes":""},"categories":[38,57,43],"tags":[],"class_list":["post-19876","post","type-post","status-publish","format-standard","has-post-thumbnail","","category-guncel","category-ibrahim","category-yazarlar"],"_links":{"self":[{"href":"https:\/\/akincilardergisi.com\/tr\/wp-json\/wp\/v2\/posts\/19876","targetHints":{"allow":["GET"]}}],"collection":[{"href":"https:\/\/akincilardergisi.com\/tr\/wp-json\/wp\/v2\/posts"}],"about":[{"href":"https:\/\/akincilardergisi.com\/tr\/wp-json\/wp\/v2\/types\/post"}],"author":[{"embeddable":true,"href":"https:\/\/akincilardergisi.com\/tr\/wp-json\/wp\/v2\/users\/20"}],"replies":[{"embeddable":true,"href":"https:\/\/akincilardergisi.com\/tr\/wp-json\/wp\/v2\/comments?post=19876"}],"version-history":[{"count":0,"href":"https:\/\/akincilardergisi.com\/tr\/wp-json\/wp\/v2\/posts\/19876\/revisions"}],"wp:featuredmedia":[{"embeddable":true,"href":"https:\/\/akincilardergisi.com\/tr\/wp-json\/wp\/v2\/media\/48521"}],"wp:attachment":[{"href":"https:\/\/akincilardergisi.com\/tr\/wp-json\/wp\/v2\/media?parent=19876"}],"wp:term":[{"taxonomy":"category","embeddable":true,"href":"https:\/\/akincilardergisi.com\/tr\/wp-json\/wp\/v2\/categories?post=19876"},{"taxonomy":"post_tag","embeddable":true,"href":"https:\/\/akincilardergisi.com\/tr\/wp-json\/wp\/v2\/tags?post=19876"}],"curies":[{"name":"wp","href":"https:\/\/api.w.org\/{rel}","templated":true}]}}