{"id":19689,"date":"2017-03-15T02:40:04","date_gmt":"2017-03-15T00:40:04","guid":{"rendered":"http:\/\/akincilardergisi.com\/dergi\/?p=19689"},"modified":"2023-11-05T13:42:35","modified_gmt":"2023-11-05T10:42:35","slug":"kemalizm-ve-ikiz-kardesleri","status":"publish","type":"post","link":"https:\/\/akincilardergisi.com\/tr\/kemalizm-ve-ikiz-kardesleri\/","title":{"rendered":"KEMAL\u0130ZM VE \u0130K\u0130Z KARDE\u015eLER\u0130"},"content":{"rendered":"<div>\n<div>\n<div class=\"_1mf _1mj\">\n<div>\n<div class=\"_1mf _1mj\">Kemalist olmak; \u0130slam d\u00fc\u015fman\u0131 Ha\u00e7l\u0131 bat\u0131 d\u00fcnyas\u0131na, T\u00fcrkiye d\u00fc\u015fman\u0131 Avrupal\u0131ya, Medeniyet ve K\u00fclt\u00fcr\u00fcm\u00fcz\u00fcn can ve kan d\u00fc\u015fman\u0131 Bat\u0131 medeniyetine dost ve yak\u0131n olmakt\u0131r.<\/div>\n<\/div>\n<div><\/div>\n<div>\n<div class=\"_1mf _1mj\">Kemalizm kendi \u00f6z\u00fcm\u00fczden, s\u00f6z\u00fcm\u00fczden, din ve uygarl\u0131\u011f\u0131m\u0131zdan kopmak, bat\u0131 uygarl\u0131\u011f\u0131na kay\u0131ts\u0131z \u015farts\u0131z teslim olmak demektir.<\/div>\n<\/div>\n<div><\/div>\n<div>\n<div class=\"_1mf _1mj\">Tanzimatla ba\u015flayan bat\u0131c\u0131l\u0131k hastal\u0131\u011f\u0131 Cumhuriyetle kemalistle\u015fme ve \u00e7a\u011fda\u015fla\u015fma ad\u0131na bat\u0131ya \u00f6yk\u00fcnmeye tap\u0131nmaya kadar vard\u0131r\u0131ld\u0131.<\/div>\n<\/div>\n<div><\/div>\n<div>\n<div class=\"_1mf _1mj\">Bat\u0131dan gelen ve bat\u0131l\u0131 olan ne varsa sorgusuz sualsiz &#8221;Bize aittir&#8221; denilerek kendi tarih ve k\u00fclt\u00fcr\u00fcm\u00fcze, din ve medeniyetimize, ahlak ve maneviyat\u0131m\u0131za s\u0131rt \u00e7evrilerek onlara kar\u015f\u0131 d\u00fc\u015fmanca m\u00fccadele edildi.<\/div>\n<\/div>\n<div><\/div>\n<div>\n<div class=\"_1mf _1mj\">Kendi din ve medeniyetine, tarih ve k\u00fclt\u00fcr\u00fcne yabanc\u0131la\u015f\/t\u0131r\u0131l\/m\u0131\u015f T\u00fcrkiyeden ba\u015fka yery\u00fcz\u00fcnde hi\u00e7bir soylu millet g\u00f6sterilemez. \u00c7\u00fcnk\u00fc milletleri millet yapan, \u00f6zel ve k\u0131ymetli yapan onlar\u0131n kendi \u00f6z de\u011ferleridir.<\/div>\n<\/div>\n<div><\/div>\n<div>\n<div class=\"_1mf _1mj\">D\u00fc\u015fman\u0131na sava\u015fmadan teslim olan, d\u00fc\u015fman\u0131n\u0131n rengine boyanan, daha d\u00fc\u015fman\u0131n\u0131 g\u00f6rmeden, tan\u0131madan ona a\u015f\u0131k edilmek istenen yery\u00fcz\u00fcnde bizim gibi hi\u00e7bir milet yoktur.<\/div>\n<\/div>\n<div><\/div>\n<div>\n<div class=\"_1mf _1mj\">Kemalizm ad\u0131na milletimize, tarihimize, k\u00fclt\u00fcr\u00fcm\u00fcze, dinimize, ahlak ve maneviyat\u0131m\u0131za, \u00fclkemize ve co\u011frafyam\u0131za ihanet eden hi\u00e7bir ideolojik, fikir, d\u00fc\u015f\u00fcnce ve anlay\u0131\u015f yoktur. Kemalizm bizi i\u00e7imizden vurmak, y\u0131kmak ve yok etmek i\u00e7in bat\u0131l\u0131lar taraf\u0131ndan kurgulanm\u0131\u015f, \u00f6rg\u00fctlenmi\u015f, desteklenmi\u015f ve korunmu\u015f bir ihanet \u015febekesidir.<\/div>\n<\/div>\n<div><\/div>\n<div>\n<div class=\"_1mf _1mj\">T\u00fcrkiyede; Kemalizm, Suriye ve Irakta; Baas\u00e7\u0131l\u0131k, M\u0131s\u0131r ve bir\u00e7ok arap \u00fclkesinde; Nas\u0131rc\u0131l\u0131k, Tunusta; Burgibac\u0131l\u0131k, Cezairde; Bumedyencilik vs. gibi islam \u00fclkelerine bat\u0131l\u0131lar\u0131n kurtulu\u015f re\u00e7etesi olarak tepeden inme dayatt\u0131klar\u0131 birer kara mizah olan \u00fctopyadan ibarettir.<\/div>\n<\/div>\n<div><\/div>\n<div>\n<div class=\"_1mf _1mj\">Daha d\u00fcne kadar biricik kurtulu\u015f re\u00e7etesi olarak g\u00f6r\u00fclen bu ithal d\u00fc\u015f\u00fcnceler birer birer hepsi iflas etti, \u00e7\u00fcr\u00fcd\u00fc ve koku\u015ftu. Bu ihanet \u00e7ap\u0131ndaki yabanc\u0131 d\u00fc\u015flerin ve d\u00fc\u015f\u00fcncelerin tuza\u011f\u0131 islam \u00fcmmetinin inan\u00e7 ve iman\u0131 kar\u015f\u0131s\u0131nda teker teker g\u00fcne\u015fin kar\u015f\u0131s\u0131ndaki buzlar gibi eridi.<\/div>\n<\/div>\n<div><\/div>\n<div>\n<div class=\"_1mf _1mj\">\u015eimdi T\u00fcrkiye ba\u015fta olmak \u00fczere m\u00fcsl\u00fcman \u00fclkeler kendi \u00f6zlerine, tarihine, k\u00fclt\u00fcr\u00fcne , medeniyetine ve kimliklerine d\u00f6nmenin m\u00fccadelesini verirken yabanc\u0131lar ve yerli m\u00fcnaf\u0131klar \u0130slam co\u011frafyas\u0131ndan ola\u011fan\u00fcst\u00fc rahats\u0131z ve huzursuzlar. Onlar\u0131 kontrolleri alt\u0131nda almak, hapsetmek, ellerini kollar\u0131n\u0131 ba\u011flamak i\u00e7in akl\u0131n ve mant\u0131\u011f\u0131n kabul edemeyece\u011fi hile ve hesaplar\u0131n pe\u015findeler.<\/div>\n<\/div>\n<div><\/div>\n<div>\n<div class=\"_1mf _1mj\">Bizim bu uyan\u0131\u015f ve dirili\u015f hareketimiz kar\u015f\u0131s\u0131nda bat\u0131l\u0131 s\u00f6zde m\u00fcttefiklerimiz (!) bize kar\u015f\u0131 bir anda birle\u015ftiklerini g\u00f6rmemiz bize s\u00fcpriz olmad\u0131. Bu hainleri milletimize sevdiren ve \u015firin g\u00f6steren Kemalizm olmu\u015ftur ve hala Kemalistler (&#8221;Hay\u0131r&#8221; cephesinde) inat ve \u0131srarla milletimize kar\u015f\u0131 bat\u0131l\u0131 d\u00fc\u015fmanlar\u0131m\u0131zla birlikte m\u00fccadele etmeyi bir kurtulu\u015f re\u00e7etesi gibi sunmaya devam ediyorlar.<\/div>\n<\/div>\n<div><\/div>\n<div>\n<div class=\"_1mf _1mj\">Ama millet olarak biz, &#8221;Ehli k\u00fcfr\u00fcn bir millet, inananlar\u0131n bir millet&#8221; oldu\u011funa, galip geleceklerin de Allah\u0131n taraftarlar\u0131oldu\u011funa inan\u0131yor ve iman ediyoruz<\/div>\n<\/div>\n<\/div>\n<\/div>\n<\/div>\n","protected":false},"excerpt":{"rendered":"<p>Kemalist olmak; \u0130slam d\u00fc\u015fman\u0131 Ha\u00e7l\u0131 bat\u0131 d\u00fcnyas\u0131na, T\u00fcrkiye d\u00fc\u015fman\u0131 Avrupal\u0131ya, Medeniyet ve K\u00fclt\u00fcr\u00fcm\u00fcz\u00fcn can ve kan d\u00fc\u015fman\u0131 Bat\u0131 medeniyetine dost ve yak\u0131n olmakt\u0131r. Kemalizm kendi \u00f6z\u00fcm\u00fczden, s\u00f6z\u00fcm\u00fczden, din ve uygarl\u0131\u011f\u0131m\u0131zdan kopmak, bat\u0131 uygarl\u0131\u011f\u0131na kay\u0131ts\u0131z \u015farts\u0131z teslim olmak demektir. Tanzimatla ba\u015flayan bat\u0131c\u0131l\u0131k hastal\u0131\u011f\u0131 Cumhuriyetle kemalistle\u015fme ve \u00e7a\u011fda\u015fla\u015fma ad\u0131na bat\u0131ya \u00f6yk\u00fcnmeye tap\u0131nmaya kadar vard\u0131r\u0131ld\u0131. Bat\u0131dan gelen ve &hellip;<\/p>\n","protected":false},"author":2,"featured_media":48521,"comment_status":"open","ping_status":"open","sticky":false,"template":"","format":"standard","meta":{"om_disable_all_campaigns":false,"_themeisle_gutenberg_block_has_review":false,"_joinchat":[],"footnotes":""},"categories":[49,38,43],"tags":[],"class_list":["post-19689","post","type-post","status-publish","format-standard","has-post-thumbnail","","category-arif","category-guncel","category-yazarlar"],"_links":{"self":[{"href":"https:\/\/akincilardergisi.com\/tr\/wp-json\/wp\/v2\/posts\/19689","targetHints":{"allow":["GET"]}}],"collection":[{"href":"https:\/\/akincilardergisi.com\/tr\/wp-json\/wp\/v2\/posts"}],"about":[{"href":"https:\/\/akincilardergisi.com\/tr\/wp-json\/wp\/v2\/types\/post"}],"author":[{"embeddable":true,"href":"https:\/\/akincilardergisi.com\/tr\/wp-json\/wp\/v2\/users\/2"}],"replies":[{"embeddable":true,"href":"https:\/\/akincilardergisi.com\/tr\/wp-json\/wp\/v2\/comments?post=19689"}],"version-history":[{"count":0,"href":"https:\/\/akincilardergisi.com\/tr\/wp-json\/wp\/v2\/posts\/19689\/revisions"}],"wp:featuredmedia":[{"embeddable":true,"href":"https:\/\/akincilardergisi.com\/tr\/wp-json\/wp\/v2\/media\/48521"}],"wp:attachment":[{"href":"https:\/\/akincilardergisi.com\/tr\/wp-json\/wp\/v2\/media?parent=19689"}],"wp:term":[{"taxonomy":"category","embeddable":true,"href":"https:\/\/akincilardergisi.com\/tr\/wp-json\/wp\/v2\/categories?post=19689"},{"taxonomy":"post_tag","embeddable":true,"href":"https:\/\/akincilardergisi.com\/tr\/wp-json\/wp\/v2\/tags?post=19689"}],"curies":[{"name":"wp","href":"https:\/\/api.w.org\/{rel}","templated":true}]}}