{"id":19387,"date":"2017-02-19T13:01:27","date_gmt":"2017-02-19T11:01:27","guid":{"rendered":"http:\/\/akincilardergisi.com\/dergi\/?p=19387"},"modified":"2023-11-07T15:59:16","modified_gmt":"2023-11-07T12:59:16","slug":"zamaninda-evet-dedikleri-icinbugun-hayir-diyorlar","status":"publish","type":"post","link":"https:\/\/akincilardergisi.com\/tr\/zamaninda-evet-dedikleri-icinbugun-hayir-diyorlar\/","title":{"rendered":"ZAMANINDA EVET DED\u0130KLER\u0130 \u0130\u00c7\u0130NBUG\u00dcN HAYIR D\u0130YORLAR"},"content":{"rendered":"<p><a href=\"http:\/\/akincilardergisi.com\/dergi\/wp-content\/uploads\/thumbnail_18.jpg\"><img loading=\"lazy\" decoding=\"async\" class=\"alignnone size-medium wp-image-19391\" src=\"http:\/\/akincilardergisi.com\/dergi\/wp-content\/uploads\/thumbnail_18-300x165.jpg\" alt=\"thumbnail_18\" width=\"300\" height=\"165\" \/><\/a><\/p>\n<p>&nbsp;<\/p>\n<p>* Sanayile\u015fmeyeceksiniz!<\/p>\n<p>* Evet.. \u015feyy bir \u015fey arz edecektim<\/p>\n<p>* Ne var?<\/p>\n<p>* Efenim u\u00e7ak \u00fcretimimizin son a\u015famas\u0131na gelmi\u015ftik. Bari onu tamamlay\u0131p seri \u00fcretimine ge\u00e7sek?<\/p>\n<p>* Olmaz!.. Aksi halde anla\u015fmay\u0131 unut. \u015eu Vecihi midir nedir onunda bi kula\u011f\u0131n\u0131 b\u00fck\u00fcverin. Tutturmu\u015f \u2018\u2019Devlet destek vermese de u\u00e7a\u011f\u0131 kendim yapacam..\u2019\u2019 diye. S\u00f6yleyin ona haddini bilsin.<\/p>\n<p>* Evet.. tamam pekala<\/p>\n<p>* Yaz\u0131n\u0131.. dilini.. p\u0131l\u0131n\u0131 p\u0131rt\u0131n\u0131 ne varsa de\u011fi\u015ftireceksin.<\/p>\n<p>* Evet.. tabii ki de\u011fi\u015ftiririm.. can\u0131ma minnet.<\/p>\n<p>Ama \u015feyy<\/p>\n<p>Nas\u0131l bir k\u0131yafet giydirece\u011fiz bu millete?<\/p>\n<p>Y\u00fczy\u0131llard\u0131r \u00e7ar\u015f\u0131da pazarda tarlada giydi\u011fi al\u0131\u015f\u0131k oldu\u011fu bir k\u0131yafeti var. Onu \u00e7\u0131kar\u0131p yerine ne giydirelim?<\/p>\n<p>* Bizim Londra sokaklar\u0131n\u0131 parsellemi\u015f \u00fcnl\u00fc bir mafya \u00e7etesi var.. sizin millete onlar\u0131n k\u0131yafetini giydirin. Uyar size.<\/p>\n<p>* Aman efendim! B\u00f6yle bir \u015feyi millete nas\u0131l teklif edelim?<\/p>\n<p>* Hadi hadi! Sizi gidi barbarlar\u2026 \u0130stanbul\u2019u ald\u0131n\u0131z diye medeni mi oldunuz? Bizim mafya ta\u015fradan gelip bu k\u0131yafetleri giyince oluyor da.. siz Orta Asya\u2019dan gelip bu k\u0131yafetleri giyince mi olmuyor.<img loading=\"lazy\" decoding=\"async\" class=\"alignnone\" src=\"https:\/\/attachment.outlook.office.net\/owa\/arifaltunbas@hotmail.com\/service.svc\/s\/GetAttachmentThumbnail?id=AQMkADAwATE0YzMwLWUxMQA5LTEyYmYtMDACLTAwCgBGAAADhez3KJbBs0WrkWIvD1SIogcAHVkG0Bee00Ksk4M3iV0aawAAAgEMAAAAHVkG0Bee00Ksk4M3iV0aawAAAJ0nhmoAAAABEgAQAMNlR3Otvx5PtHmlsh9P%2BUo%3D&amp;thumbnailType=2&amp;X-OWA-CANARY=OlYe41pmqEO86ZIEOLOLZaC517q1WNQYD6wmgGZRI3tsXnpg-09nPRezUUFdmjJn8AarDyoc1KA.&amp;token=643178ae-e76b-4b84-8e80-9d9c25ff5b5d&amp;owa=outlook.live.com&amp;isc=1\" alt=\"\" width=\"299\" height=\"169\" \/><\/p>\n<p>&nbsp;<\/p>\n<p>\u015eAPKA<\/p>\n<p>* Efenim!.. Nas\u0131l desem bilemiyorum. Bari mafyan\u0131n ba\u015f\u0131ndaki \u015fu f\u00f6tr lengeride \u0131srarc\u0131 olmay\u0131n.. valla keser bu millet bizi. Yahudi \u015fapkas\u0131n\u0131 ba\u015f\u0131m\u0131za nas\u0131l ge\u00e7irirsiniz diye isyan eder.<\/p>\n<p>* Etsinler! Daha iyi ya\u2026\u00a0 Kurun dar a\u011fa\u00e7lar\u0131n\u0131.. salland\u0131r\u0131n \u00fc\u00e7\u00fcn\u00fc be\u015fini, bak bakal\u0131m g\u0131k\u2019\u0131n\u0131 \u00e7\u0131karan kal\u0131r m\u0131?<\/p>\n<p>Zaten \u00c7anakkale\u2019de \u00f6ld\u00fcrmediklerimizden arta kalanlar bunlar.<\/p>\n<p>Bari temizlenmi\u015f olurlar.<\/p>\n<p>* Hac\u0131 hoca tak\u0131m\u0131 da m\u0131 giyecek bu \u015fapkay\u0131?<\/p>\n<p>* EVET.. hatta ilk \u00f6nce onlar giyecek. Onlar giydi mi halk pe\u015flerinden gider.<\/p>\n<p>* Ama bu haks\u0131zl\u0131k.. Sizde din adamlar\u0131n\u0131n k\u0131yafetine kar\u0131\u015f\u0131lm\u0131yor, biz niye kar\u0131\u015fal\u0131m ki!?<\/p>\n<p>* \u0130\u015fine gelirse.. yoksa anla\u015fmay\u0131 unut. B\u0131rak giymeyeni aleyhinde konu\u015fan\u0131 bile salland\u0131racaks\u0131n\u0131z ki, millet korksun.<\/p>\n<p>* Kad\u0131n olsa da m\u0131?<\/p>\n<p>* EVET<\/p>\n<p>* \u015eu anda bir \u015feyden haberi olmayan At\u0131f Hoca diye biri \u015fapka aleyhine bir kitap yazm\u0131\u015f. Onu da m\u0131 salland\u0131ral\u0131m?<\/p>\n<p>* EVET<\/p>\n<p>* Efenim bu kadar ki\u015fiyle biz nas\u0131l ba\u015f ederiz?<\/p>\n<p>* Siz de\u011fil ak\u0131ll\u0131m biz bizz&#8230; \u2018\u2019Arkan\u0131zda biz var\u0131z..\u2019\u2019 derken bo\u015funa m\u0131 konu\u015fuyoruz.<\/p>\n<p>* Efenim! Ta\u015fradaki esnef k\u00f6yl\u00fc vs. de mi f\u00f6tr lengeri giyecek<\/p>\n<p>* Hay\u0131r! Arada bir stat\u00fc fark\u0131 olmal\u0131. Okumu\u015f ayd\u0131n kesimi, memur, b\u00fcrokrat ve milletvekilleri f\u00f6tr.. esnaf ve k\u00f6yl\u00fcler ise bizim ta\u015frada ya\u015fayan \u00e7ingene mafyas\u0131n\u0131n kasketini kullanacak.<\/p>\n<p>* Aman efendim! Bizi bu kadar a\u015fa\u011f\u0131lamay\u0131n.<\/p>\n<p>* \u0130\u015fine gelirse.. yular\u0131n elimizde art\u0131k. Size \u2018\u2019fare deli\u011fine girin!..\u2019\u2019 desek bile itiraz etmeyeceksin.<\/p>\n<p>*\u00a0 Peki, efendim<\/p>\n<p>&nbsp;<\/p>\n<p>\u0130K\u0130 CAMBAZ B\u0130R \u0130PTE OYNAMAZ<\/p>\n<p>* Bu arada Kral\u0131m\u0131z\u0131n sizden \u00f6nemli bir iste\u011fi var<\/p>\n<p>* Ha\u015fmetmeaba hizmet \u015fereftir efenim<\/p>\n<p>* Hilafeti kald\u0131racaks\u0131n\u0131z<\/p>\n<p>* \u2026.<\/p>\n<p>* Ne o dilini mi yuttun?<\/p>\n<p>* Efendim benden \u00f6yle bir \u015fey istiyorsunuz ki, ne cevap verece\u011fimi bilemedim.<\/p>\n<p>* Bir ipte iki cambaz oynamaz.. maraza \u00e7\u0131kar. \u00c7\u0131k\u0131yor da nitekim. Bak d\u00fcnya kan g\u00f6l\u00fcne d\u00f6nd\u00fc. Ni\u00e7in?<\/p>\n<p>* Ni\u00e7in?<\/p>\n<p>* D\u00fcnyada 2 halife var da ondan<\/p>\n<p>* Allah Allah sizin Kral\u0131n\u0131z da m\u0131 Halife?<\/p>\n<p>* \u00d6ncelikle \u015fu dilini bi de\u011fi\u015ftir art\u0131k. Ne o Allah Yallah falan. Sen dilini de\u011fi\u015ftirmeden milletin D\u0130L\u0130N\u0130, YAZISINI, YAZGISINI nas\u0131l de\u011fi\u015ftireceksin?\u00a0 \u0130kincisi Kral\u0131m\u0131z; bizim de sizin de Kral\u0131n\u0131zd\u0131r. G\u00f6receksin! Yak\u0131nda Kanada\u2019dan Avustralya\u2019ya, G. Afrika\u2019dan Hindistan\u2019a, \u015fu anda sizin M\u00fcsl\u00fcmanlar\u0131n ya\u015fad\u0131\u011f\u0131 Hint b\u00f6lgesi Banglade\u015f mi Bangalde\u015f mi her neyse, \u00c7in u Ma\u00e7in, Ortado\u011fu, Pasifik ve Atlas Okyanus\u2019undaki bir\u00e7ok ada dahil, t\u00fcm d\u00fcnyan\u0131n Kral\u0131 bizim Kral\u0131m\u0131z olacakt\u0131r.<\/p>\n<p>&nbsp;<\/p>\n<p>\u015eimdi gelelim soruna:\u00a0\u00a0\u00a0\u00a0\u00a0\u00a0\u00a0\u00a0\u00a0\u00a0\u00a0\u00a0\u00a0\u00a0\u00a0\u00a0\u00a0\u00a0\u00a0\u00a0\u00a0\u00a0\u00a0\u00a0\u00a0\u00a0\u00a0\u00a0\u00a0\u00a0\u00a0\u00a0\u00a0\u00a0\u00a0\u00a0\u00a0\u00a0\u00a0\u00a0\u00a0\u00a0\u00a0\u00a0\u00a0\u00a0\u00a0\u00a0\u00a0\u00a0\u00a0\u00a0\u00a0\u00a0\u00a0\u00a0\u00a0\u00a0\u00a0\u00a0\u00a0\u00a0\u00a0\u00a0\u00a0\u00a0\u00a0\u00a0\u00a0\u00a0\u00a0\u00a0\u00a0\u00a0\u00a0\u00a0\u00a0\u00a0\u00a0\u00a0\u00a0\u00a0\u00a0\u00a0\u00a0\u00a0\u00a0\u00a0\u00a0\u00a0\u00a0\u00a0\u00a0\u00a0\u00a0\u00a0\u00a0\u00a0\u00a0\u00a0\u00a0\u00a0\u00a0\u00a0\u00a0\u00a0\u00a0\u00a0\u00a0\u00a0\u00a0\u00a0\u00a0\u00a0\u00a0\u00a0\u00a0\u00a0\u00a0\u00a0\u00a0\u00a0\u00a0\u00a0\u00a0\u00a0\u00a0\u00a0\u00a0\u00a0\u00a0\u00a0\u00a0\u00a0\u00a0\u00a0\u00a0\u00a0 Kral\u0131m\u0131z ayn\u0131 zamanda Anglikan kilisesinin de ba\u015f\u0131d\u0131r.<\/p>\n<p>Yani<\/p>\n<p>Senin anlayaca\u011f\u0131n manada s\u00f6ylemek icap ederse sizin Halife gibi yetkisi olan biridir. Verdi\u011fi emir ayn\u0131 zamanda dini bir buyruktur.<\/p>\n<p>\u015eimdi b\u00f6yle bir durumda;\u00a0\u00a0\u00a0\u00a0\u00a0\u00a0\u00a0\u00a0\u00a0\u00a0\u00a0\u00a0\u00a0\u00a0\u00a0\u00a0\u00a0\u00a0\u00a0\u00a0\u00a0\u00a0\u00a0\u00a0\u00a0\u00a0\u00a0\u00a0\u00a0\u00a0\u00a0\u00a0\u00a0\u00a0\u00a0\u00a0\u00a0\u00a0\u00a0\u00a0\u00a0\u00a0\u00a0\u00a0\u00a0\u00a0\u00a0\u00a0\u00a0\u00a0\u00a0\u00a0\u00a0\u00a0\u00a0\u00a0\u00a0\u00a0\u00a0\u00a0\u00a0\u00a0\u00a0\u00a0\u00a0\u00a0\u00a0\u00a0\u00a0\u00a0\u00a0\u00a0\u00a0\u00a0\u00a0\u00a0\u00a0\u00a0\u00a0\u00a0\u00a0\u00a0\u00a0\u00a0\u00a0\u00a0\u00a0\u00a0\u00a0\u00a0\u00a0\u00a0\u00a0\u00a0\u00a0\u00a0\u00a0\u00a0\u00a0\u00a0\u00a0\u00a0\u00a0\u00a0\u00a0\u00a0\u00a0\u00a0\u00a0\u00a0\u00a0\u00a0\u00a0\u00a0\u00a0 D\u00fcnyay\u0131 idare etmek i\u00e7in 2 Halifenin olmas\u0131 sizin dininize g\u00f6re de bizim dinimize g\u00f6re de caiz de\u011fildir.<\/p>\n<p>Bundan na\u015fi sizdeki Hilafet makam\u0131 la\u011fvedilecektir.<\/p>\n<p>&nbsp;<\/p>\n<p>HAL\u0130FE ve \u0130MPARATOR<\/p>\n<p>* \u0130yi ama bu elimizde olan bir \u015fey de\u011fil ki.. Hilafet d\u00fcnyada ya\u015fayan t\u00fcm M\u00fcsl\u00fcmanlar\u0131n otorite olarak kabul etti\u011fi dini bir yap\u0131d\u0131r.<\/p>\n<p>Ayr\u0131ca<\/p>\n<p>Bizim milli b\u00fct\u00fcnl\u00fc\u011f\u00fcm\u00fcz\u00fc temsil eder.<\/p>\n<p>Nitekim<\/p>\n<p>Biz cephede \u2018\u2019Allah Allah..\u2019\u2019 naralar\u0131 ile sava\u015f\u0131rken ( \u00f6z\u00fcr dilerim yine a\u011fz\u0131mdan Allah kelam\u0131 \u00e7\u0131kt\u0131.) millete Hilafeti koruma s\u00f6z\u00fc vermi\u015f bunun i\u00e7in yemin etmi\u015ftik.<\/p>\n<p>Siz!<\/p>\n<p>Mesela yani.. kusura bakmay\u0131n \u00f6rnek olsun diye s\u00f6yl\u00fcyorum:<\/p>\n<p>Japonya\u2019ya \u2018\u2019\u0130mparatorluk makam\u0131n\u0131 la\u011fvet..\u2019\u2019 diye bir teklifte bulunabilir misiniz?<\/p>\n<p>* B\u0131rak \u015fimdi Japonya\u2019y\u0131 Tanzanya\u2019y\u0131 .. Japonya\u2019y\u0131 Amerika ile birlikte yenece\u011fimiz zaman konu\u015faca\u011f\u0131z bu mevzuyu. Kabul edip etmeyeceklerini o zaman g\u00f6r\u00fcr\u00fcz.<\/p>\n<p>&nbsp;<\/p>\n<p>KUT UL AMARE<\/p>\n<p>* Ama siz bizi yenmediniz ki.. Kut\u2026<\/p>\n<p>* B\u0131rak \u015fimdi!<\/p>\n<p>Kut-ul Amare nin ismini bile duymak istemiyorum.<\/p>\n<p>Yani orada komutanlar dahil 10.000 askerimizi esir ald\u0131n\u0131z diye hemen havalara girmeyin. Bizde sizi Suriye Filistin cephesinde peri\u015fan ettik. 7. Ordunuzun zaman\u0131nda geri \u00e7ekilmesi bize b\u00fcy\u00fck bir \u00fcst\u00fcnl\u00fck sa\u011flam\u0131\u015f, durumdan haberi olmayan 8. Ordunuza b\u00fcy\u00fck zayiatlar verdirmi\u015ftik. Sadece 50.000 esiri sizin o cephenizden ald\u0131k. O Ordu komutan\u0131n\u0131 sen \u00e7ok iyi tan\u0131rs\u0131n.. senin en yak\u0131n arkada\u015f\u0131n.<\/p>\n<p>* EVET<\/p>\n<p>* Ha \u015f\u00f6yle\u2026 Sen buraya dediklerime \u2018EVET\u2019 demek i\u00e7in geldin. \u0130kide bir araya girip kafam\u0131 kar\u0131\u015ft\u0131rma.<\/p>\n<p>&nbsp;<\/p>\n<p>\u00c7ANAKKALE<\/p>\n<p>* Ama biz sadece Kut-ul Amera da de\u011fil.. hani \u00fcst\u00fcne al\u0131nma Kaz\u0131m Karabekir Pa\u015fa o y\u0131llarda d\u00fc\u015fman\u0131 \u00f6n\u00fcne katarak taa Bak\u00fc\u2019ye ula\u015fm\u0131\u015f, oraya bayra\u011f\u0131m\u0131z\u0131 dikmi\u015f, Karargah\u0131n\u0131 da Tebriz\u2019e kurmu\u015ftu. Gali\u00e7ya\u2019da g\u00f6sterdi\u011fimiz kahramanl\u0131klar\u0131 saym\u0131yorum. B\u00fct\u00fcn bunlar 3-5 sene \u00f6nceki yak\u0131n tarih zaferlerimizdir. Bizim bir \u00c7an\u2026<\/p>\n<p>* Sus be adam! Duymak istemiyorum \u00c7anakkale laf\u0131n\u0131. Ahh Elizabeth.. Queen Elizabeth. Nas\u0131l olur.. nas\u0131l batar o muhte\u015fem sava\u015f gemisi? Hem de sizin \u00e7akar almaz topunuzun att\u0131\u011f\u0131 mermiyle.. hala akl\u0131m alm\u0131yor deliriyorum. O y\u00fczden bana \u00c7anakkale\u2019den bahsetme.<\/p>\n<p>&nbsp;<\/p>\n<p>ES\u0130RLER\u0130M\u0130Z<\/p>\n<p>* Peki, ba\u015fka konuya ge\u00e7elim. Bizim esirleri M\u0131s\u0131r Seydi Be\u015fir \u00dcsera Kamp\u0131nda neden krizol banyosundan ge\u00e7irip g\u00f6zlerini k\u00f6r ettiniz?<\/p>\n<p>* Bana bak! Bir daha hat\u0131rlat\u0131yorum: Buraya soru sormaya de\u011fil Kral\u0131m\u0131z\u0131n emirlerini almaya geldin.<\/p>\n<p>* EVET efendim.<\/p>\n<p>* Nerede kalm\u0131\u015ft\u0131k?<\/p>\n<p>* Krizol banyosunda.<\/p>\n<p>* B\u0131rak \u015fimdi krizolu mirizolu.. daha s\u00f6yleyeceklerim bitmedi. Haa bu arada yeni kuraca\u011f\u0131n\u0131z h\u00fckumet i\u015fini g\u00fcc\u00fcn\u00fc bir kenara b\u0131rak\u0131p da bu esir hikayesinin pe\u015fine d\u00fc\u015fmesin. Kral\u0131m\u0131z b\u00f6yle \u015feylere \u00e7ok k\u0131zar. Zaten yapman\u0131z gereken bi s\u00fcr\u00fc i\u015f var.<\/p>\n<p>Bu arada not al\u0131yor musun?<\/p>\n<p>* EVET<\/p>\n<p>&nbsp;<\/p>\n<p>YAZI<\/p>\n<p>* Yaz\u0131y\u0131 de\u011fi\u015ftireceksiniz<\/p>\n<p>* Nee?<\/p>\n<p>* EVET do\u011fru duydun<\/p>\n<p>* Peki, nas\u0131l yazaca\u011f\u0131m? Notlar\u0131m\u0131 nas\u0131l tutaca\u011f\u0131m?<\/p>\n<p>* Merak etme.. o i\u015fi de d\u00fc\u015f\u00fcnd\u00fck. Senin not tutmana da gerek kalmayacak art\u0131k.<\/p>\n<p>* Nas\u0131l olacak o i\u015f?<\/p>\n<p>* NAHUM efendi senin yerine notlar\u0131 tutar. Hem o tuttu mu sa\u011flam tutar.<\/p>\n<p>* Benim okuma yazmam ne olacak? B\u00f6yle k\u00f6r cahil mi kalacam?<\/p>\n<p>* Hay\u0131r! NAHUM efendi sana okuma-yazmay\u0131 \u00f6\u011fretir.<\/p>\n<p>* Aman Allah\u2019\u0131m.. bu ya\u015f\u0131mda okuma-yazmay\u0131 bir Yahudi\u2019den mi \u00f6\u011frenecem<\/p>\n<p>* Bu i\u015fe Allah\u2019\u0131 kar\u0131\u015ft\u0131rma. Senin en yak\u0131n arkada\u015f\u0131n da okuma yazmay\u0131 bir Yahudi\u2019den \u00f6\u011frenmi\u015fti. Sizin \u015eemsi diye bildi\u011finiz adam\u0131n as\u0131l ismi Zvi dir.<\/p>\n<p>* Eh! \u00d6yle diyorsan \u00f6yle olsun.<\/p>\n<p>&nbsp;<\/p>\n<p>ANAVATANIN DI\u015eINDA KALAN T\u00dcRKLER<\/p>\n<p>* T\u00fcrk d\u00fcnyas\u0131 ile ili\u015fkinizi keseceksiniz!<\/p>\n<p>* Nas\u0131l yani?<\/p>\n<p>* Osmanl\u0131 Devleti da\u011f\u0131l\u0131nca size yeni bir s\u0131n\u0131r haritas\u0131 verece\u011fiz<\/p>\n<p>* EVET<\/p>\n<p>* O s\u0131n\u0131rlara g\u00f6z\u00fcn\u00fcz gibi bakacaks\u0131n\u0131z.. yeni kutsal\u0131n\u0131z o s\u0131n\u0131rlard\u0131r<\/p>\n<p>* Bu s\u0131n\u0131rlar i\u00e7inde Musul Kerk\u00fck Batum Halep Balkanlar vs. olacak m\u0131?<\/p>\n<p>* Hay\u0131r<\/p>\n<p>* Ama bu sayd\u0131\u011f\u0131m yerlerin %80 i T\u00fcrk ve M\u00fcsl\u00fcman<\/p>\n<p>* T\u00fcrk m\u00fcrk anlamam. Size verece\u011fimiz haritan\u0131n s\u0131n\u0131rlar\u0131 d\u0131\u015f\u0131nda kalan T\u00fcrklerle hi\u00e7bir \u015fekilde ilgilenmeyeceksiniz.<\/p>\n<p>* Ama buras\u0131 Anavatan.. nas\u0131l sahip \u00e7\u0131kmayal\u0131m?<\/p>\n<p>* Anavatansa al ba\u015f\u0131na \u00e7al! \u00c7ok istiyorsan s\u00fcr\u00fcp bunlar\u0131 T\u00fcrkiye\u2019ye g\u00f6nderelim<\/p>\n<p>* Yok yok istemem. Ba\u015f\u0131mda yeteri kadar bela var zaten. Onlar\u0131n ba\u015f\u0131na da f\u00f6tr lengeriyi siz ge\u00e7irin<\/p>\n<p>* Hah.. yava\u015f yava\u015f mevzuyu anlamaya ba\u015flad\u0131n bak\u0131yorum. Ancak bir \u015fey daha var<\/p>\n<p>* Nedir o?<\/p>\n<p>* S\u0131n\u0131r\u0131n d\u0131\u015f\u0131nda kalan T\u00fcrkleri ezece\u011fiz, da\u011f\u0131taca\u011f\u0131z, hapsedece\u011fiz yani nas\u0131l derler: Desantrilize edece\u011fiz. Toplu olarak bir yerde kalmak isteyenleri i\u015fkence edecek gerekirse \u00f6ld\u00fcrece\u011fiz.<\/p>\n<p>* O niye o? Biz burada yeteri kadar i\u015fkence edip \u00f6ld\u00fcrece\u011fiz zaten. Siz niye o zahmete giriyorsunuz?<\/p>\n<p>* \u00c7\u00fcnk\u00fc siz T\u00fcrkler \u00e7abuk \u00fcr\u00fcyorsunuz. Yar\u0131n o b\u00fcr g\u00fcn Balkanlar\u0131n her taraf\u0131 M\u00fcsl\u00fcman T\u00fcrklerle dolar.<\/p>\n<p>\u015eu anda bile \u00dcsk\u00fcp\u2019\u00fcn Bursa\u2019dan G\u00fcm\u00fclcine\u2019nin Kastamonu\u2019dan, Dobruca\u2019n\u0131n Trakya\u2019dan, Batum\u2019un Trabzon\u2019dan Halep ve Kud\u00fcs\u2019\u00fcn Mardin\u2019den ne fark\u0131 var?<\/p>\n<p>* E tabi.. 600 y\u0131ll\u0131k Devlet-i Aliye Osmani\u2019 yyenin tabii sonucu bu.. ba\u015fka nas\u0131l olacakt\u0131 ki?<\/p>\n<p>* Hah ben de onu s\u00f6yl\u00fcyorum zaten.<\/p>\n<p>\u015eu anda s\u0131n\u0131rlar\u0131n\u0131z\u0131n d\u0131\u015f\u0131nda kalan bir\u00e7ok yerde n\u00fcfus olarak zaten \u00e7o\u011funluktas\u0131n\u0131z. Hem de kahir ekseriyette&#8230;<\/p>\n<p>* Eee<\/p>\n<p>* E si \u015fu:<\/p>\n<p>Avrupa\u2019n\u0131n ilerde demokrasiye ge\u00e7mesi durumunda,<\/p>\n<p>Sizin T\u00fcrklerin kuraca\u011f\u0131 partiler Bulgaristan\u2019da, Yunanistan\u2019da, Makedonya\u2019da, hatta Romanya\u2019da bile tek ba\u015f\u0131na iktidara gelebilir, di\u011fer \u00fclkelerde de Ana muhalefet veya iktidar partisi orta\u011f\u0131 olur.<\/p>\n<p>* Di\u011fer \u00fclkeler derken?<\/p>\n<p>* Irak, Suriye, G\u00fcrcistan, Ermenistan, \u0130ran, Sovyetler vs.<\/p>\n<p>* Ermenistan m\u0131 dediniz?<\/p>\n<p>* EVET<\/p>\n<p>* Ermenistan\u2019da T\u00fcrk m\u00fc var?<\/p>\n<p>* Yahu siz ger\u00e7ekten diplomat m\u0131s\u0131n\u0131z? Hatta b\u0131rak\u0131n diplomat olmay\u0131 T\u00fcrk m\u00fcs\u00fcn\u00fcz? Nesiniz siz yahu? \u015e\u00fcphe etmeye ba\u015flad\u0131m sizden.<\/p>\n<p>Ermenistan\u2019\u0131n ba\u015fkenti Erivan\u2019da bile \u015fu anda \u00e7o\u011funluk T\u00fcrk ve M\u00fcsl\u00fcmand\u0131r. Git de dersine \u00e7al\u0131\u015f biraz.<\/p>\n<p>Neyse<\/p>\n<p>\u015eimdi b\u00f6yle bir durumda ne olur?<\/p>\n<p>* Ne olur?<\/p>\n<p>* B\u00fct\u00fcn bu sayd\u0131\u011f\u0131m \u00fclkeler T\u00fcrkiye\u2019nin arka bah\u00e7esi olur ak\u0131ll\u0131\u2026<\/p>\n<p>Yani<\/p>\n<p>Biz Osmanl\u0131\u2019dan kurtulduk derken \u00e7ok daha g\u00fc\u00e7l\u00fc bir T\u00dcRK\u0130YE ile kar\u015f\u0131 kar\u015f\u0131ya kal\u0131r\u0131z<\/p>\n<p>* Amaaan d\u00fc\u015f\u00fcnd\u00fc\u011f\u00fcn \u015feye bak<\/p>\n<p>Biz iktidarda kald\u0131k\u00e7a bu \u00fclkelerin bizim arka bah\u00e7emiz olsa ne oluuur olmasa ne olur<\/p>\n<p>* Oras\u0131 do\u011fru ama bu T\u00fcrklerin ne yapaca\u011f\u0131 belli mi olur? Malum sizin hac\u0131n\u0131z hocan\u0131z bitmez.<\/p>\n<p>Yar\u0131n bir HOCA gelir Yok bir \u2018\u0130slam Birli\u011fi\u2019 diye tutturur, ba\u015fka biri gelir \u2018T\u00fcrk Birli\u011fi\u2019 der.. yok bilmem bir uzun adam gelir bu ikisini mecz eder.<\/p>\n<p>Neme laz\u0131m<\/p>\n<p>Biz \u015fimdiden tedbirimizi alal\u0131m da\u2026<\/p>\n<p>&nbsp;<\/p>\n<p>&nbsp;<\/p>\n<p>\u0130SLAM D\u00dcNYASI<\/p>\n<p>* \u0130slam d\u00fcnyas\u0131 ile de ili\u015fkinizi keseceksiniz?<\/p>\n<p>* Oh can\u0131ma minnet\u2026 B\u0131km\u0131\u015ft\u0131k zaten yalelli Arap g\u00f6rmekten<\/p>\n<p>* Sadece Araplardan bahsetmiyorum<\/p>\n<p>Arab\u0131 Acemi Hintlisi Malay\u0131 Kafkasyal\u0131 ne varsa hepsiyle ili\u015fkiyi kesecek y\u00fcz\u00fcn\u00fcz\u00fc bize \u00e7evirecek uslu bir \u015fekilde g\u00f6sterdi\u011fimiz yerde oturacaks\u0131n\u0131z.<\/p>\n<p>* \u0130yi ama ticaretimiz sanayimiz ne olacak?<\/p>\n<p>* Siz kiiim sanayi ticaret kim? Tekrar ediyorum o Vecihi\u2019nin kula\u011f\u0131n\u0131 b\u00fck\u00fcn. Bir de Nuri Demira\u011f m\u0131 ne biri varm\u0131\u015f. O da bi i\u015fler kar\u0131\u015ft\u0131r\u0131yormu\u015f. U\u00e7ak falan yapmay\u0131 kafas\u0131na koymu\u015f mu\u015f. Onun da emdi\u011fini burnundan getirin<\/p>\n<p>Sanayi sizin neyinize\u2026<\/p>\n<p>Biz \u00fcretece\u011fiz siz t\u00fcketeceksiniz. \u0130lla ki, bir \u015fey yapmak istiyorsan\u0131z makarna fabrikas\u0131, gazoz fabrikas\u0131 kurabilirsiniz.<\/p>\n<p>Hadi hadi bug\u00fcn iyili\u011fim \u00fcst\u00fcmde montaj at\u00f6lyeleri kurman\u0131za da izin verece\u011fiz.<\/p>\n<p>Ama sak\u0131n \u00fcretim falan yapmaya kalkmay\u0131n.. can\u0131n\u0131za okuruz.<\/p>\n<p>* Peki, buna halk\u0131 nas\u0131l inand\u0131raca\u011f\u0131z?<\/p>\n<p>* O i\u015fi bize b\u0131rak\u0131n siz.<\/p>\n<p>\u2018\u2019Araplar bizi arkadan vurdu..\u2019\u2019 dersiniz. Ders kitaplar\u0131na bunlar\u0131 koyun. Hatta siz zahmet etmeyin. M\u00fcfredat\u0131 biz haz\u0131rlar size g\u00f6ndeririz.<\/p>\n<p>Size yeni gazeteler kurar\u0131z.<\/p>\n<p>Onlar da \u2018\u2019Ne Arab\u0131n y\u00fcz\u00fc ne \u015eam\u2019\u0131n \u015fekeri..\u2019\u2019 diye\u00a0 destek verirler. Tanzanya\u2019da Afrika\u2019da ne i\u015fimiz var diye dalga ge\u00e7erler<\/p>\n<p>* Onlar ne olacak?<\/p>\n<p>* Kimler?<\/p>\n<p>* Araplar<\/p>\n<p>* Haa merak etmeyin. Sadece onlarla de\u011fil t\u00fcm \u0130slam d\u00fcnyas\u0131 ile biz ilgileniriz.<\/p>\n<p>Mesela<\/p>\n<p>Araplara deriz ki: \u2018\u2019T\u00fcrkler sizi y\u00fczy\u0131llard\u0131r s\u00f6m\u00fcrd\u00fc, ezdi. Yeter art\u0131k. \u015eimdi ba\u011f\u0131ms\u0131zl\u0131k zaman\u0131\u2019\u2019<\/p>\n<p>* Ger\u00e7ekten onlara ba\u011f\u0131ms\u0131zl\u0131k verecek misiniz?<\/p>\n<p>* P\u00f6h! Ne ba\u011f\u0131ms\u0131zl\u0131\u011f\u0131? Mesela dedik.<\/p>\n<p>* B\u00f6yle s\u00f6yleyince ba\u015f\u0131n\u0131zdaki f\u00f6tr lengeriden \u015f\u00fcphelenmeyecekler mi?<\/p>\n<p>* Biz sizi bize benzetmek i\u00e7in f\u00f6tr lengeriyi mecbur ediyoruz.. onlar\u0131 ikna etmek i\u00e7in biz onlara benzeyece\u011fiz. Lawrence ne g\u00fcne duruyor.<\/p>\n<p>&nbsp;<\/p>\n<p>&nbsp;<\/p>\n<p>PEK\u0130, NEYE HAYIR D\u0130YECE\u011e\u0130Z?<\/p>\n<p>* Peki, neye \u2018Hay\u0131r\u2019 diyece\u011fiz?<\/p>\n<p>* Dediklerim daha bitmedi<\/p>\n<p>* Sizin dedikleriniz bitmedi ama ben bittim. Bir de bu yeni yaz\u0131n\u0131za al\u0131\u015famad\u0131m kargac\u0131k burgac\u0131k gibi bir \u015fey. Osmanl\u0131ca stenografi gibi kalemin alt\u0131nda ya\u011f gibi kay\u0131p gidiyordu.<\/p>\n<p>* \u0130yi..madem notlar\u0131n\u0131 bizim latince alfebe ile tutmaya ba\u015flad\u0131n seni fazla yormayay\u0131m.<\/p>\n<p>* Dinliyorum efendim<\/p>\n<p>* Ola ki.. olmaz ya farz edelim yani. Ald\u0131\u011f\u0131m\u0131z t\u00fcm tedbirlere ra\u011fmen istemedi\u011fimiz ki\u015filer T\u00fcrkiye\u2019nin ba\u015f\u0131na ge\u00e7ti ve T\u00fcrkiye\u2019yi ana yata\u011f\u0131na \u00e7ekmeye kalkt\u0131. \u0130\u015fte o zaman b\u00fct\u00fcn g\u00fcc\u00fcn\u00fczle HAYIR deyin.<\/p>\n<p>&nbsp;<\/p>\n<p>Ne kadar \u00e7ok ba\u011f\u0131rabilirseniz ba\u011f\u0131r\u0131n maraza \u00e7\u0131kar\u0131n ama ta\u015f \u00fcst\u00fcne ta\u015f koymak isteyenlere f\u0131rsat vermeyin.<\/p>\n<p>Birisi \u2018A\u011f\u0131r Sanayi..\u2019 dedi mi alay edin, gerici deyin yobaz deyin.. medyam\u0131z gerekli deste\u011fi size verecektir.<\/p>\n<p>T\u00fcrkiye\u2019nin alt yap\u0131s\u0131n\u0131 kim kuruyorsa, bizimle rekabet etmeyi kim g\u00f6ze al\u0131yorsa onlara y\u00fcklenin HAYIR deyin<\/p>\n<p>* Ama o yat\u0131r\u0131mlardan biz de istifade ediyoruz. Nas\u0131l kar\u015f\u0131 olal\u0131m?<\/p>\n<p>* Bana bak sen ajan m\u0131s\u0131n yoksa aptal m\u0131?<\/p>\n<p>* Neden efendim?<\/p>\n<p>* Yahu ben sana devleti veriyorum, b\u00fcrokrasiyi sana ba\u011fl\u0131yorum, \u00fclkenin t\u00fcm servetini senin adamlar\u0131n\u0131n aras\u0131nda pay ediyorum.. dokuz ki\u015fiye bir pul bir ki\u015fiye dokuz pul veriyorum.. buna itiraz edenlere medyamla yarg\u0131mla sald\u0131r\u0131p sindiriyorum\u2026<\/p>\n<p>&nbsp;<\/p>\n<p>Yani<\/p>\n<p>\u0130ktidar olmasan bile.. ila nihaye sana bir iktidar bah\u015fediyorum.<\/p>\n<p>Sen kalkm\u0131\u015f bana:<\/p>\n<p>\u2018\u2019Avrasya\u2019dan ge\u00e7tim fena de\u011filmi\u015f..<\/p>\n<p>Marmaray iyiymi\u015f.. hastaneler 5 y\u0131ld\u0131za d\u00f6nm\u00fc\u015f.. yok okullar b\u00f6yle, duble yollar \u015f\u00f6yle, silah sanayimiz uydular\u0131m\u0131z cep telefonlar\u0131m\u0131z \u015fu bu\u2026\u2019\u2019 diyorsun.<\/p>\n<p>Bu i\u015fi yapamayacaksan ba\u015fkas\u0131n\u0131 bulay\u0131m?<\/p>\n<p>* HAYIR efendim!.. HAYIR HAYIR y\u00fcz bin kere HAYIR!!!<\/p>\n<p>&nbsp;<\/p>\n<p>Emin Batur<\/p>\n","protected":false},"excerpt":{"rendered":"<p>&nbsp; * Sanayile\u015fmeyeceksiniz! * Evet.. \u015feyy bir \u015fey arz edecektim * Ne var? * Efenim u\u00e7ak \u00fcretimimizin son a\u015famas\u0131na gelmi\u015ftik. Bari onu tamamlay\u0131p seri \u00fcretimine ge\u00e7sek? * Olmaz!.. Aksi halde anla\u015fmay\u0131 unut. \u015eu Vecihi midir nedir onunda bi kula\u011f\u0131n\u0131 b\u00fck\u00fcverin. Tutturmu\u015f \u2018\u2019Devlet destek vermese de u\u00e7a\u011f\u0131 kendim yapacam..\u2019\u2019 diye. S\u00f6yleyin ona haddini bilsin. * Evet.. &hellip;<\/p>\n","protected":false},"author":14,"featured_media":47403,"comment_status":"open","ping_status":"open","sticky":false,"template":"","format":"standard","meta":{"om_disable_all_campaigns":false,"_themeisle_gutenberg_block_has_review":false,"_joinchat":[],"footnotes":""},"categories":[56,38,43],"tags":[],"class_list":["post-19387","post","type-post","status-publish","format-standard","has-post-thumbnail","","category-emin","category-guncel","category-yazarlar"],"_links":{"self":[{"href":"https:\/\/akincilardergisi.com\/tr\/wp-json\/wp\/v2\/posts\/19387","targetHints":{"allow":["GET"]}}],"collection":[{"href":"https:\/\/akincilardergisi.com\/tr\/wp-json\/wp\/v2\/posts"}],"about":[{"href":"https:\/\/akincilardergisi.com\/tr\/wp-json\/wp\/v2\/types\/post"}],"author":[{"embeddable":true,"href":"https:\/\/akincilardergisi.com\/tr\/wp-json\/wp\/v2\/users\/14"}],"replies":[{"embeddable":true,"href":"https:\/\/akincilardergisi.com\/tr\/wp-json\/wp\/v2\/comments?post=19387"}],"version-history":[{"count":0,"href":"https:\/\/akincilardergisi.com\/tr\/wp-json\/wp\/v2\/posts\/19387\/revisions"}],"wp:featuredmedia":[{"embeddable":true,"href":"https:\/\/akincilardergisi.com\/tr\/wp-json\/wp\/v2\/media\/47403"}],"wp:attachment":[{"href":"https:\/\/akincilardergisi.com\/tr\/wp-json\/wp\/v2\/media?parent=19387"}],"wp:term":[{"taxonomy":"category","embeddable":true,"href":"https:\/\/akincilardergisi.com\/tr\/wp-json\/wp\/v2\/categories?post=19387"},{"taxonomy":"post_tag","embeddable":true,"href":"https:\/\/akincilardergisi.com\/tr\/wp-json\/wp\/v2\/tags?post=19387"}],"curies":[{"name":"wp","href":"https:\/\/api.w.org\/{rel}","templated":true}]}}