{"id":19168,"date":"2017-02-06T00:00:11","date_gmt":"2017-02-05T22:00:11","guid":{"rendered":"http:\/\/akincilardergisi.com\/dergi\/?p=19168"},"modified":"2023-11-05T13:26:17","modified_gmt":"2023-11-05T10:26:17","slug":"neden-evet","status":"publish","type":"post","link":"https:\/\/akincilardergisi.com\/tr\/neden-evet\/","title":{"rendered":"NEDEN \u201cEVET\u201d"},"content":{"rendered":"<p>Yeni Anayasa Paketi i\u00e7in s\u00f6z art\u0131k Cumhurba\u015fkan\u0131nda. \u0130mzadan sonra resmi gazetede yay\u0131mlanmas\u0131n\u0131 takip eden 60. g\u00fcnden sonraki ilk Pazar g\u00fcn\u00fc referanduma gidilecek. S\u00f6z halkta olacak, millet bunu kabul edip etmedi\u011fini verece\u011fi \u201cEVET\u201d veya \u201cHAYIR\u201d oyuyla beyan edecek.<\/p>\n<p>\u00d6ncelikle \u015f\u00f6yle bir analiz yapal\u0131m: \u201cEVET\u201d diyenler neden evet diyor, \u201cHAYIR\u201d diyenler neden hay\u0131r diyor? Bu sorunun \u00fczerinde durulmas\u0131 gerekir diye d\u00fc\u015f\u00fcn\u00fcyorum. \u201cEVET\u201d cephesini de s\u0131n\u0131flara ay\u0131rabiliriz:<\/p>\n<p>1- 1980 darbesinin \u00fclke \u00fczerindeki y\u0131k\u0131c\u0131 etkisini g\u00f6r\u00fcp de, 1993 y\u0131l\u0131ndaki karanl\u0131k g\u00fcnleri, 5 Nisan 1994\u2019te kriz sonras\u0131nda al\u0131nan kararlar\u0131n k\u00f6t\u00fc sonu\u00e7lar\u0131n\u0131, 28 \u015eubat s\u00fcrecini, 2001\u2019de bankalar\u0131n hortumlanmas\u0131n\u0131, 2002 H\u00fck\u00fcmet Krizini, 367 Garabetini, Ak Parti Kapatma davas\u0131 ile T\u00fcrkiye\u2019nin siyasetini k\u00f6kten kaz\u0131ma projesini ve son be\u015f alt\u0131 y\u0131lda ya\u015fad\u0131\u011f\u0131m\u0131z M\u0130T T\u0131rlar\u0131 krizini, Gezi Park\u0131n\u0131, 17-25 Aral\u0131k\u2019\u0131, 15 Temmuz\u2019un manas\u0131n\u0131 ger\u00e7e\u011fiyle g\u00f6rebilenlerin \u00e7o\u011funlu\u011fu \u201cEVET\u201d diyeceklerdir.<\/p>\n<p>2- Tarihi \u015fuur bilincinde olanlar; bu sistemin g\u00fcn\u00fcm\u00fcz T\u00fcrkiye\u2019sinde ilk defa uygulanmad\u0131\u011f\u0131n\u0131, geneti\u011fimizde bu mozai\u011fi ta\u015f\u0131d\u0131\u011f\u0131m\u0131z\u0131, 300 sene Sel\u00e7uklu, 600 sene Osmanl\u0131 ile bu sisteme g\u00f6re y\u00f6netildi\u011fimizi, devlet y\u00f6netiminde \u00e7ift ba\u015fl\u0131l\u0131\u011f\u0131n de\u011fil tek s\u00f6z s\u00f6yleyen bir devlet ba\u015fkan\u0131n\u0131n olmas\u0131 gerekti\u011fini g\u00f6rebilenler \u201cEVET\u201d diyeceklerdir.<\/p>\n<p>3- Anayasan\u0131n referandumdan ge\u00e7mesiyle ter\u00f6r \u00f6rg\u00fctleri PKK, YPG, PYD, DAE\u015e, FET\u00d6 ve bunlar\u0131n arka plan destek\u00e7ileri ABD, \u0130ngiltere, Almanya, Fransa\u2026 gibi al\u00e7ak BATI d\u00fcnyas\u0131n\u0131n b\u00fcy\u00fck bir hayal k\u0131r\u0131kl\u0131\u011f\u0131na u\u011frayaca\u011f\u0131n\u0131 g\u00f6ren kuma\u015f\u0131 Anadolu\u2019nun tezgah\u0131nda dokunanlar \u201cEVET\u201d diyeceklerdir.<\/p>\n<p>4- Bir de genel anlamda bunlar\u0131n d\u0131\u015f\u0131nda, Anayasan\u0131n maddelerini kapsaml\u0131 olarak bilmeyen, okumayan, sistem hakk\u0131nda genel ge\u00e7er bilgiye sahip olmayanlar da sadece Recep Tayyip Erdo\u011fan bu sistemi istedi\u011fi, bu sistemin gelmesinin \u00fclkemize \u00e7a\u011f atlataca\u011f\u0131n\u0131 her f\u0131rsatta dillendirdi\u011fi i\u00e7in \u201cEVET\u201d diyeceklerdir. Bu bir ele\u015ftiri de\u011fildir. Elbette ki herkes neye \u201cEVET\u201d dedi\u011fini bilmekle zorunludur. Ancak bunlar\u0131n d\u0131\u015f\u0131nda da fakt\u00f6rler vard\u0131r. Bu durum Tayyip Erdo\u011fan\u2019\u0131n \u00fclkeye ne kadar sahip \u00e7\u0131kt\u0131\u011f\u0131n\u0131, 15 senedir devletin her kademesinde yapt\u0131\u011f\u0131 at\u0131l\u0131mlarla \u00fclkeye \u00e7a\u011f atlatt\u0131\u011f\u0131n\u0131, BATI d\u00fcnyas\u0131n\u0131n art\u0131k ellerini \u00fclkemizin \u00fczerinden \u00e7ekin dedi\u011fi i\u00e7in se\u00e7men onun arkas\u0131ndan gitmektedir.<\/p>\n<p>Yeni Anayasa bu \u00fclkenin aleyhine de\u011fil lehinedir. Oradan buradan duyma \u201cyok efendim yar\u0131n bir g\u00fcn \u00fclkenin ba\u015f\u0131na HDP\u2019linin biri gelirse, yok manya\u011f\u0131n biri gelirse, Tayyip Erdo\u011fan etraf\u0131n\u0131 kendi adamlar\u0131 ile doldurursa\u201d z\u0131rvalar\u0131n\u0131 ge\u00e7in. Bunu s\u00f6yleyenler bilmedi\u011fi i\u00e7in de\u011fil kasten s\u00f6yl\u00fcyorlar. Sadece Tayyip Erdo\u011fan istedi\u011fi i\u00e7in, ba\u015fka hi\u00e7bir \u015fey i\u00e7in de\u011fil.<\/p>\n<p>G\u00f6z\u00fcn\u00fc sevdi\u011fimin milleti bu kadar k\u00f6r de\u011fildir zann\u0131mca. Ayn\u0131 \u015feyi bug\u00fcn \u00e7\u0131k\u0131p da K\u0131l\u0131\u00e7daro\u011flu dillendirse, bu sistemi savunsa, \u00fclkenin lehine olaca\u011f\u0131n\u0131 s\u00f6ylese bug\u00fcn s\u0131rf Tayyip Erdo\u011fan istedi diye kar\u015f\u0131s\u0131nda duranlar K\u0131l\u0131\u00e7dardaro\u011flu\u2019nu destekleyeceklerdir. Bunu hi\u00e7kimse ink\u00e2r edemez. Anlayan anlad\u0131. Bir sonraki yaz\u0131m\u0131zda da \u201cHAYIR\u201d c\u0131lar\u0131 konu\u015fal\u0131m.<\/p>\n<p>Selam ve dua ile\u2026<\/p>\n<p><strong>\u0130BRAH\u0130M YAVUZ<\/strong><\/p>\n","protected":false},"excerpt":{"rendered":"<p>Yeni Anayasa Paketi i\u00e7in s\u00f6z art\u0131k Cumhurba\u015fkan\u0131nda. \u0130mzadan sonra resmi gazetede yay\u0131mlanmas\u0131n\u0131 takip eden 60. g\u00fcnden sonraki ilk Pazar g\u00fcn\u00fc referanduma gidilecek. S\u00f6z halkta olacak, millet bunu kabul edip etmedi\u011fini verece\u011fi \u201cEVET\u201d veya \u201cHAYIR\u201d oyuyla beyan edecek. \u00d6ncelikle \u015f\u00f6yle bir analiz yapal\u0131m: \u201cEVET\u201d diyenler neden evet diyor, \u201cHAYIR\u201d diyenler neden hay\u0131r diyor? Bu sorunun \u00fczerinde &hellip;<\/p>\n","protected":false},"author":20,"featured_media":48521,"comment_status":"open","ping_status":"open","sticky":false,"template":"","format":"standard","meta":{"om_disable_all_campaigns":false,"_themeisle_gutenberg_block_has_review":false,"_joinchat":[],"footnotes":""},"categories":[38,57,43],"tags":[],"class_list":["post-19168","post","type-post","status-publish","format-standard","has-post-thumbnail","","category-guncel","category-ibrahim","category-yazarlar"],"_links":{"self":[{"href":"https:\/\/akincilardergisi.com\/tr\/wp-json\/wp\/v2\/posts\/19168","targetHints":{"allow":["GET"]}}],"collection":[{"href":"https:\/\/akincilardergisi.com\/tr\/wp-json\/wp\/v2\/posts"}],"about":[{"href":"https:\/\/akincilardergisi.com\/tr\/wp-json\/wp\/v2\/types\/post"}],"author":[{"embeddable":true,"href":"https:\/\/akincilardergisi.com\/tr\/wp-json\/wp\/v2\/users\/20"}],"replies":[{"embeddable":true,"href":"https:\/\/akincilardergisi.com\/tr\/wp-json\/wp\/v2\/comments?post=19168"}],"version-history":[{"count":0,"href":"https:\/\/akincilardergisi.com\/tr\/wp-json\/wp\/v2\/posts\/19168\/revisions"}],"wp:featuredmedia":[{"embeddable":true,"href":"https:\/\/akincilardergisi.com\/tr\/wp-json\/wp\/v2\/media\/48521"}],"wp:attachment":[{"href":"https:\/\/akincilardergisi.com\/tr\/wp-json\/wp\/v2\/media?parent=19168"}],"wp:term":[{"taxonomy":"category","embeddable":true,"href":"https:\/\/akincilardergisi.com\/tr\/wp-json\/wp\/v2\/categories?post=19168"},{"taxonomy":"post_tag","embeddable":true,"href":"https:\/\/akincilardergisi.com\/tr\/wp-json\/wp\/v2\/tags?post=19168"}],"curies":[{"name":"wp","href":"https:\/\/api.w.org\/{rel}","templated":true}]}}