{"id":19074,"date":"2017-01-31T00:00:24","date_gmt":"2017-01-30T22:00:24","guid":{"rendered":"http:\/\/akincilardergisi.com\/dergi\/?p=19074"},"modified":"2023-11-07T11:28:40","modified_gmt":"2023-11-07T08:28:40","slug":"kalplere-dokunmak","status":"publish","type":"post","link":"https:\/\/akincilardergisi.com\/tr\/kalplere-dokunmak\/","title":{"rendered":"KALPLERE DOKUNMAK"},"content":{"rendered":"<div style=\"color: #000000\" align=\"justify\"><span style=\"font-family: 'Palatino Linotype', serif\">Tebli\u011f ve davet \u00e7al\u0131\u015fmalar\u0131n\u0131n olmazsa olmazlar\u0131n\u0131n ba\u015f\u0131nda g\u00fczel bir \u00fcslup sahibi olmak gelmektedir. \u0130nananlara kar\u015f\u0131 azg\u0131nl\u0131ktan \u00e7ok ileri gitmi\u015f olan Firavun\u2019a bile yumu\u015fak davran\u0131lmas\u0131 istenir. Allah, Hz. Musa ve Hz. Harun\u2019u g\u00f6revlendirmi\u015f, Firavun\u2019un kibir ve ink\u00e2r\u0131nda azd\u0131\u011f\u0131n\u0131 belirterek yine de dini tebli\u011f ederken yumu\u015fak bir dil kullanmalar\u0131n\u0131 istemi\u015ftir.<\/span><span style=\"font-family: 'Palatino Linotype', serif\"><b>\u201c\u0130kiniz Firavun\u2019a gidin; \u00e7\u00fcnk\u00fc o azm\u0131\u015f bulunuyor.\u201d \u201cOna yumu\u015fak s\u00f6z s\u00f6yleyin, umulur ki \u00f6\u011f\u00fct al\u0131p-d\u00fc\u015f\u00fcn\u00fcr veya i\u00e7i titrer-korkar.\u201d\u00a0<\/b><\/span><span style=\"font-family: 'Palatino Linotype', serif\">(20\/T\u00e2h\u00e2, 43-44) Rabbimiz, Firavun gibi bir azg\u0131n\u0131n bile kalbine dokunulmas\u0131n\u0131 isterken bizim tebli\u011f ve davet\u00e7ilerin durumu acaba ne olacak? Ha bire cehenneme at\u0131p duruyorlar.<\/span><\/div>\n<div style=\"color: #000000\" align=\"justify\"><span style=\"font-family: 'Palatino Linotype', serif\">Hz. \u0130brahim peygamberimizin\u00a0<\/span><span style=\"font-family: 'Palatino Linotype', serif\"><b>\u201cRabbimiz! Beni ve anne-babam\u0131 ba\u011f\u0131\u015fla.\u201d<\/b><\/span><span style=\"font-family: 'Palatino Linotype', serif\">(14\/\u0130brahim, 41) yakar\u0131\u015f\u0131 onlar\u0131n kalbine dokunmak istemesinden ba\u015fka ne olabilir ki? Babas\u0131 Azer put mimar\u0131 olmas\u0131na ra\u011fmen yine Hz. \u0130brahim peygamberimizin\u00a0<\/span><span style=\"font-family: 'Palatino Linotype', serif\"><b>\u201cBabac\u0131\u011f\u0131m! Sana selam olsun, ben senin i\u00e7in Rabbimden ma\u011ffiret dileyece\u011fim.\u201d\u00a0<\/b><\/span><span style=\"font-family: 'Palatino Linotype', serif\">(19\/Meryem, 47) demesi bir merhametin ve kalbe dokunman\u0131n sesleni\u015fi de\u011fil miydi? Put yapan Azer i\u00e7in \u2018babac\u0131\u011f\u0131m\u2019 diyebiliyor olmas\u0131 onun kalbine dokunmak istemesinden ba\u015fka ne ile a\u00e7\u0131klanabilir ki?<\/span><\/div>\n<div style=\"color: #000000\" align=\"justify\"><\/div>\n<div style=\"color: #000000\" align=\"justify\"><span style=\"font-family: 'Palatino Linotype', serif\">Sevgili peygamberimizin \u00f6l\u00fcm d\u00f6\u015fe\u011fine yatana kadar amcas\u0131n\u0131 \u00e7ok yumu\u015fak bir \u00fcslup ile \u0130slam\u2019a davet etmesi kalbine dokunmak istemesinden ba\u015fka ne olabilirdi ki? Ku\u015fu \u00f6len bir \u00e7ocu\u011fa yapt\u0131\u011f\u0131 taziye ziyareti kalbe bir dokunu\u015f de\u011fil miydi? Bir Yahudi\u2019nin cenazesi ge\u00e7erken aya\u011fa kalkmas\u0131 kalplere y\u00f6nelik bir dokunu\u015f de\u011fil miydi? Mescidde el\u00e7ileri kabul ederken \u201ci\u00e7inizde Muhammed hanginiz\u201d diye sorabilecek kadar sadeli\u011fi tercih etmesi, gelenlerin kalbine dokunma amac\u0131na matuf de\u011fil miydi? Ebu Bekir\u2019in \u0130slam davetini reddeden babas\u0131n\u0131 Mekke\u2019nin fetih g\u00fcn\u00fc al\u0131p huzuruna getirmesi peygamberimizi \u00fczm\u00fc\u015ft\u00fc. Ne diye zahmet verdin, ben aya\u011f\u0131na giderdim ya deyince Hz. Ebu Bekir onun senin yan\u0131na gelmesi daha do\u011frudur, dedi. Peygamberimiz ellerini Ebu Kuhafe\u2019nin g\u00f6\u011fs\u00fcne koydu ve s\u0131\u011fad\u0131. M\u00fcsl\u00fcman ol, ey Ebu Kuhafe! dedi. Y\u0131llard\u0131r Allah Resul\u00fcn\u00fc beklercesine \u0130slam\u2019a kay\u0131ts\u0131z kalan Ebu Kuhafe M\u00fcsl\u00fcman oldu\u011funu ilan etmi\u015f, Ebu Bekir\u2019in mutlulu\u011funa mutluluk katm\u0131\u015ft\u0131. Ebu Bekir i\u00e7in Mekke as\u0131l \u015fimdi fethedilmi\u015fti; zira babas\u0131n\u0131n ate\u015fe gitmesine g\u00f6nl\u00fc raz\u0131 de\u011fildi. Peygamberimizin Ebu Kuhafe\u2019ye olan hassasiyeti de bir kalbe dokunu\u015ftur.<\/span><\/div>\n<div style=\"color: #000000\" align=\"justify\"><\/div>\n<div style=\"color: #000000\" align=\"justify\"><span style=\"font-family: 'Palatino Linotype', serif\">Merhametin, inceli\u011fin, tevazunun, nezaketin, \u015fefkatin \u00f6\u011fretmeni olan, bizim s\u0131k\u0131nt\u0131da olmam\u0131zdan \u00fcz\u00fclen, dertlenen bir peygamberin \u00fcmmeti oldu\u011fumuzu nas\u0131l unuturuz? \u201c<\/span><span style=\"font-family: 'Palatino Linotype', serif\"><b>Ey \u0130nsanlar!\u00a0 Andolsun ki, size kendinizden \u00f6yle bir peygamber geldi ki, s\u0131k\u0131nt\u0131ya u\u011framan\u0131z ona \u00e7ok a\u011f\u0131r gelir. Size \u00e7ok d\u00fc\u015fk\u00fcn, m\u00fc\u2019minlere kar\u015f\u0131 \u00e7ok \u015fefkatli, \u00e7ok merhametlidir.\u201d<\/b><\/span><span style=\"font-family: 'Palatino Linotype', serif\">(9\/Tevb128) B\u00fct\u00fcn bunlar onun bir g\u00f6n\u00fcl, y\u00fcrek ve kalp uzman\u0131 oldu\u011funu g\u00f6stermektedir. \u00d6mr\u00fcn\u00fc sadeli\u011fin zirvesinde s\u00fcrd\u00fcrmesi kalplerde kar\u015f\u0131l\u0131k bulmas\u0131n\u0131n en \u00f6nemli g\u00f6stergesi olmu\u015ftur. Mekke\u2019nin fethedildi\u011fi g\u00fcn uygulamaya koydu\u011fu genel af maddi fethin ard\u0131ndan gelen bir y\u00fcrek fethi, g\u00f6n\u00fcl fethi olmu\u015ftur. Kutlu Nebi biliyordu ki g\u00f6n\u00fclleri fethetmedikten sonra mek\u00e2nlar\u0131n fethi eksik kal\u0131rd\u0131, bunun i\u00e7in \u00f6nceli\u011fi hep g\u00f6n\u00fcllerin fethine, kalplerin kazan\u0131lmas\u0131na vermi\u015ftir.<\/span><\/div>\n<div style=\"color: #000000\" align=\"justify\"><span style=\"font-family: 'Palatino Linotype', serif\">\u00a0<\/span><\/div>\n<div style=\"color: #000000\" align=\"justify\"><span style=\"font-family: 'Palatino Linotype', serif\">\u0130stanbul\u2019un fethinden \u00f6nce Ortodoks Grand\u00fck Notoras Bizansl\u0131lar&#8217;\u0131n duygular\u0131n\u0131 \u201c<\/span><span style=\"font-family: 'Palatino Linotype', serif\"><b>\u015eehirde Latin k\u00fclah\u0131 g\u00f6rmektense Osmanl\u0131 sar\u0131\u011f\u0131n\u0131 ye\u011flerim<\/b><\/span><span style=\"font-family: 'Palatino Linotype', serif\">&#8221; diye en veciz bi\u00e7imde ifade etmi\u015fti.<\/span><span style=\"font-family: 'Palatino Linotype', serif\">\u00a0Grand\u00fck Notoras kalbine dokunulmam\u0131\u015f olsayd\u0131 bu s\u00f6z\u00fc s\u00f6yleyebilir miydi?\u00a0<\/span><span style=\"font-family: 'Palatino Linotype', serif\">Atam\u0131z Fatih Sultan Mehmet\u2019in \u015fu s\u00f6zleri kalplere dokunman\u0131n \u00f6nemini bir kez daha ortaya koymaktad\u0131r.\u00a0<\/span><span style=\"font-family: 'Palatino Linotype', serif\"><b>\u201cSen g\u00f6n\u00fclleri fethetmeye bak, \u0130stanbul arkas\u0131ndan gelir.\u201d<\/b><\/span><\/div>\n<div style=\"color: #000000\" align=\"justify\"><\/div>\n<div style=\"color: #000000\" align=\"justify\"><span style=\"font-family: 'Palatino Linotype', serif\">Hz. \u0130brahim\u2019in babas\u0131, Firavun, peygamberimizin amcas\u0131 Ebu Talip, tevhid inanc\u0131n\u0131n ve davetinin kar\u015f\u0131s\u0131nda yer alm\u0131\u015flard\u0131r. Buna ra\u011fmen muhataplar\u0131 kalplerine dokunacak yakla\u015f\u0131mlar sergilemi\u015flerdir. Oysa g\u00fcn\u00fcm\u00fczde kalplerine dokunulmaya bekleyen insan\u0131m\u0131z tevhidin de davetin de d\u00fc\u015fman\u0131 de\u011fillerdir. \u00d6yle ise i\u015f ba\u015fa d\u00fc\u015f\u00fcyor. Kalplere dokunacak ve iz b\u0131rakacak g\u00fczel i\u015fler yapanlara selam olsun.<\/span><\/div>\n<div style=\"color: #000000\" align=\"justify\"><span style=\"font-family: 'Palatino Linotype', serif\"><b>\u00a0<\/b><\/span><\/div>\n<div style=\"color: #000000\" align=\"justify\"><span style=\"font-family: Tahoma, sans-serif;font-size: x-large\"><b>\u00d6mer Naci YILMAZ<\/b><\/span><\/div>\n","protected":false},"excerpt":{"rendered":"<p>Tebli\u011f ve davet \u00e7al\u0131\u015fmalar\u0131n\u0131n olmazsa olmazlar\u0131n\u0131n ba\u015f\u0131nda g\u00fczel bir \u00fcslup sahibi olmak gelmektedir. \u0130nananlara kar\u015f\u0131 azg\u0131nl\u0131ktan \u00e7ok ileri gitmi\u015f olan Firavun\u2019a bile yumu\u015fak davran\u0131lmas\u0131 istenir. Allah, Hz. Musa ve Hz. Harun\u2019u g\u00f6revlendirmi\u015f, Firavun\u2019un kibir ve ink\u00e2r\u0131nda azd\u0131\u011f\u0131n\u0131 belirterek yine de dini tebli\u011f ederken yumu\u015fak bir dil kullanmalar\u0131n\u0131 istemi\u015ftir.\u201c\u0130kiniz Firavun\u2019a gidin; \u00e7\u00fcnk\u00fc o azm\u0131\u015f bulunuyor.\u201d \u201cOna &hellip;<\/p>\n","protected":false},"author":26,"featured_media":48521,"comment_status":"open","ping_status":"open","sticky":false,"template":"","format":"standard","meta":{"om_disable_all_campaigns":false,"_themeisle_gutenberg_block_has_review":false,"_joinchat":[],"footnotes":""},"categories":[38,54,43],"tags":[],"class_list":["post-19074","post","type-post","status-publish","format-standard","has-post-thumbnail","","category-guncel","category-omer","category-yazarlar"],"_links":{"self":[{"href":"https:\/\/akincilardergisi.com\/tr\/wp-json\/wp\/v2\/posts\/19074","targetHints":{"allow":["GET"]}}],"collection":[{"href":"https:\/\/akincilardergisi.com\/tr\/wp-json\/wp\/v2\/posts"}],"about":[{"href":"https:\/\/akincilardergisi.com\/tr\/wp-json\/wp\/v2\/types\/post"}],"author":[{"embeddable":true,"href":"https:\/\/akincilardergisi.com\/tr\/wp-json\/wp\/v2\/users\/26"}],"replies":[{"embeddable":true,"href":"https:\/\/akincilardergisi.com\/tr\/wp-json\/wp\/v2\/comments?post=19074"}],"version-history":[{"count":0,"href":"https:\/\/akincilardergisi.com\/tr\/wp-json\/wp\/v2\/posts\/19074\/revisions"}],"wp:featuredmedia":[{"embeddable":true,"href":"https:\/\/akincilardergisi.com\/tr\/wp-json\/wp\/v2\/media\/48521"}],"wp:attachment":[{"href":"https:\/\/akincilardergisi.com\/tr\/wp-json\/wp\/v2\/media?parent=19074"}],"wp:term":[{"taxonomy":"category","embeddable":true,"href":"https:\/\/akincilardergisi.com\/tr\/wp-json\/wp\/v2\/categories?post=19074"},{"taxonomy":"post_tag","embeddable":true,"href":"https:\/\/akincilardergisi.com\/tr\/wp-json\/wp\/v2\/tags?post=19074"}],"curies":[{"name":"wp","href":"https:\/\/api.w.org\/{rel}","templated":true}]}}