{"id":18948,"date":"2017-01-22T08:45:17","date_gmt":"2017-01-22T06:45:17","guid":{"rendered":"http:\/\/akincilardergisi.com\/dergi\/?p=18948"},"modified":"2023-11-05T13:42:38","modified_gmt":"2023-11-05T10:42:38","slug":"mucadele-anlayisimiz","status":"publish","type":"post","link":"https:\/\/akincilardergisi.com\/tr\/mucadele-anlayisimiz\/","title":{"rendered":"M\u00dcCADELE ANLAYI\u015eIMIZ"},"content":{"rendered":"<div>\n<div class=\"_1mf _1mj\">Bizim\u00a0m\u00fccadelemiz i\u00e7imizdeki ahmaklar\u0131n ve d\u0131\u015far\u0131daki d\u00fc\u015fmanlar\u0131n engellemelerine ra\u011fmen Allah&#8217;\u0131n murat etti\u011fi \u00e7izgide, Ras\u00fclullah&#8217;\u0131n\u00a0 i\u015faret\u00a0etti\u011fi\u00a0yolda y\u0131lmadan, yorulmadan, sa\u011fa sola tak\u0131lmadan, orada burada e\u011flenmeden Hakka ve hakikate do\u011fru y\u00fcr\u00fcmektir.<\/div>\n<div class=\"_1mf _1mj\"><\/div>\n<\/div>\n<div>\n<div class=\"_1mf _1mj\">Y\u00fcre\u011fimizde yanarda\u011f, omzumuzda mavzer gibi ta\u015f\u0131d\u0131\u011f\u0131m\u0131z sevdam\u0131z bir bar\u0131\u015f ve karde\u015flik yurdu olmas\u0131n\u0131 arzu etti\u011fimiz\u00a0co\u011frafyam\u0131z\u0131 \u0130slam Medeniyet ve K\u00fclt\u00fcr\u00fcyle, kendi kimlik ve \u00f6z\u00fcm\u00fczle yeniden yo\u011furmak, tan\u0131\u015ft\u0131rmak, ve bulu\u015fturmakt\u0131r.<\/div>\n<\/div>\n<div><\/div>\n<div>\n<div class=\"_1mf _1mj\">Bizim sava\u015f\u0131m\u0131z insan\u0131 \u00f6ld\u00fcren, alemi felaketlere s\u00fcr\u00fckleyen, Allah&#8217;\u0131n cc insana, hayvana, \u00e7evreye ve aleme bah\u015fetti\u011fi yarat\u0131l\u0131\u015f\u00a0 ve f\u0131trat\u0131 de\u011fi\u015ftiren, ona kar\u015f\u0131 olan\u00a0bir y\u0131k\u0131m ve katliam m\u00fccadelesi\u00a0de\u011fildir. Yery\u00fcz\u00fcn\u00fc inkar\u0131n, tu\u011fyan\u0131n, isyan\u0131n ve zulm\u00fcn i\u015fgalinden kurtarmak, insana insanl\u0131k de\u011ferlerini yeniden kazand\u0131rmak, Allah&#8217;\u0131n arz\u0131nda Allah&#8217;\u0131n\u00a0\u00f6l\u00e7\u00fc ve\u00a0nizam\u0131n\u0131 hakim k\u0131lmakt\u0131r.<\/div>\n<\/div>\n<div><\/div>\n<div>\n<div class=\"_1mf _1mj\">B\u00fct\u00fcn \u015feytani g\u00fc\u00e7lerin, \u015fer odaklar\u0131n\u0131n, k\u00fcfr\u00fcn inatla \u00fczerimize \u00fczerimize gelmesi, islam d\u00fc\u015fmanlar\u0131n\u0131n bir cephede bize kar\u015f\u0131 birle\u015fmesi, \u0130slam\u0131 sahiplenmemiz, islama sar\u0131lmam\u0131z, islam\u0131 zaman ve mekana hakim k\u0131lmak istedi\u011fimiz i\u00e7in bizi susturmak, esir almak, co\u011frafyam\u0131z\u0131 i\u015fgal etmek ve yok etmek istiyorlar.<\/div>\n<\/div>\n<div><\/div>\n<div>\n<div class=\"_1mf _1mj\">\u0130slam d\u00fc\u015fmanlar\u0131 yeri yarsalar, g\u00f6\u011f\u00fc \u00fczerimize y\u0131ksalar, yery\u00fcz\u00fcnde tufanlar ve f\u0131rt\u0131nalar olu\u015ftursalar\u00a0biz yine de Allah\u0131n bize peygamberi vas\u0131tas\u0131yla g\u00f6sterdi\u011fi bu kutlu yolda, Hak ve hakikatin ilahi \u00e7izgisinde y\u0131lmadan ve \u015fa\u015fmadan di\u015fe di\u015f\u00a0m\u00fccadele ede ede\u00a0 Hakka do\u011fru y\u00fcr\u00fcmeye devam edece\u011fiz. Bizim g\u00f6revimiz; sefere \u00e7\u0131kmakt\u0131r, zaferler elde etmek, kahraman olmak, \u015fan ve \u015feref elde ederek makam ve mevki sahibi olmak\u00a0de\u011fil.<\/div>\n<\/div>\n<div><\/div>\n<div>\n<div class=\"_1mf _1mj\">\u0130slam\u0131n ve onun m\u00fccadelesi yolunda akan her damla g\u00f6zya\u015f\u0131, kan, al\u0131n teri, \u00f6denen bedeller, verilen \u015fehitler \u00fclkemizin, co\u011frafyam\u0131z\u0131n ve insanl\u0131k m\u00fccadelesinin\u00a0yolunda i\u015faret ta\u015flar\u0131 ve levhalar\u0131 olmaya devam edecektir.<\/div>\n<\/div>\n<div><\/div>\n<div>\n<div class=\"_1mf _1mj\">\u0130nsan var olduk\u00e7a Hak ile bat\u0131l\u0131n, kara ile ak\u0131n, inananla inanmayan\u0131n m\u00fccadelesi ebediyyen devam edecektir.Bu m\u00fccadelede kim galip kim ma\u011flup o kadar \u00e7ok \u00f6nemli de\u011fil. As\u0131l olan nerede durdu\u011fumuz, kime kar\u015f\u0131, ne i\u00e7in,\u00a0neyin m\u00fccadelesini vermeye \u00e7al\u0131\u015ft\u0131\u011f\u0131m\u0131zd\u0131r.<\/div>\n<div class=\"_1mf _1mj\"><\/div>\n<div class=\"_1mf _1mj\">&#8221;Yol O&#8217;nun, varl\u0131k O&#8217;nun gerisi hep angarya&#8221;&#8230;<\/div>\n<\/div>\n","protected":false},"excerpt":{"rendered":"<p>Bizim\u00a0m\u00fccadelemiz i\u00e7imizdeki ahmaklar\u0131n ve d\u0131\u015far\u0131daki d\u00fc\u015fmanlar\u0131n engellemelerine ra\u011fmen Allah&#8217;\u0131n murat etti\u011fi \u00e7izgide, Ras\u00fclullah&#8217;\u0131n\u00a0 i\u015faret\u00a0etti\u011fi\u00a0yolda y\u0131lmadan, yorulmadan, sa\u011fa sola tak\u0131lmadan, orada burada e\u011flenmeden Hakka ve hakikate do\u011fru y\u00fcr\u00fcmektir. Y\u00fcre\u011fimizde yanarda\u011f, omzumuzda mavzer gibi ta\u015f\u0131d\u0131\u011f\u0131m\u0131z sevdam\u0131z bir bar\u0131\u015f ve karde\u015flik yurdu olmas\u0131n\u0131 arzu etti\u011fimiz\u00a0co\u011frafyam\u0131z\u0131 \u0130slam Medeniyet ve K\u00fclt\u00fcr\u00fcyle, kendi kimlik ve \u00f6z\u00fcm\u00fczle yeniden yo\u011furmak, tan\u0131\u015ft\u0131rmak, ve bulu\u015fturmakt\u0131r. &hellip;<\/p>\n","protected":false},"author":2,"featured_media":48521,"comment_status":"open","ping_status":"open","sticky":false,"template":"","format":"standard","meta":{"om_disable_all_campaigns":false,"_themeisle_gutenberg_block_has_review":false,"_joinchat":[],"footnotes":""},"categories":[49,38,43],"tags":[],"class_list":["post-18948","post","type-post","status-publish","format-standard","has-post-thumbnail","","category-arif","category-guncel","category-yazarlar"],"_links":{"self":[{"href":"https:\/\/akincilardergisi.com\/tr\/wp-json\/wp\/v2\/posts\/18948","targetHints":{"allow":["GET"]}}],"collection":[{"href":"https:\/\/akincilardergisi.com\/tr\/wp-json\/wp\/v2\/posts"}],"about":[{"href":"https:\/\/akincilardergisi.com\/tr\/wp-json\/wp\/v2\/types\/post"}],"author":[{"embeddable":true,"href":"https:\/\/akincilardergisi.com\/tr\/wp-json\/wp\/v2\/users\/2"}],"replies":[{"embeddable":true,"href":"https:\/\/akincilardergisi.com\/tr\/wp-json\/wp\/v2\/comments?post=18948"}],"version-history":[{"count":0,"href":"https:\/\/akincilardergisi.com\/tr\/wp-json\/wp\/v2\/posts\/18948\/revisions"}],"wp:featuredmedia":[{"embeddable":true,"href":"https:\/\/akincilardergisi.com\/tr\/wp-json\/wp\/v2\/media\/48521"}],"wp:attachment":[{"href":"https:\/\/akincilardergisi.com\/tr\/wp-json\/wp\/v2\/media?parent=18948"}],"wp:term":[{"taxonomy":"category","embeddable":true,"href":"https:\/\/akincilardergisi.com\/tr\/wp-json\/wp\/v2\/categories?post=18948"},{"taxonomy":"post_tag","embeddable":true,"href":"https:\/\/akincilardergisi.com\/tr\/wp-json\/wp\/v2\/tags?post=18948"}],"curies":[{"name":"wp","href":"https:\/\/api.w.org\/{rel}","templated":true}]}}