{"id":18869,"date":"2017-01-18T20:00:56","date_gmt":"2017-01-18T18:00:56","guid":{"rendered":"http:\/\/akincilardergisi.com\/dergi\/?p=18869"},"modified":"2023-11-05T13:26:18","modified_gmt":"2023-11-05T10:26:18","slug":"yeni-mufredata-dogru-i","status":"publish","type":"post","link":"https:\/\/akincilardergisi.com\/tr\/yeni-mufredata-dogru-i\/","title":{"rendered":"YEN\u0130 M\u00dcFREDATA DO\u011eRU \u2013I-"},"content":{"rendered":"<p>Konumuza girmeden \u00f6nce bu yaz\u0131 serisi hakk\u0131nda genel bir bilgi vermek mecburiyeti do\u011fuyor. E\u011fitim \u00f6\u011fretim sisteminin yeni m\u00fcfredat\u0131 konusunda bu yaz\u0131 serisinde yaz\u0131lacak olanlar kesinlikle belirli bir \u015fahs\u0131, grubu, kurumu, kurulu\u015fu hedef alarak yaz\u0131lmam\u0131\u015ft\u0131r. Ele al\u0131nan bu konudaki g\u00f6r\u00fc\u015fler na\u00e7izane bir de\u011fer addetmektedir. Burada yeni m\u00fcfredatla ilgili detaylar taraf\u0131mdan gerek ele\u015ftirel gerekse tasdikleyici nitelikte olacakt\u0131r.<\/p>\n<p>\u00d6ncelikle \u015funu s\u00f6ylemekte yarar g\u00f6r\u00fcyorum. E\u011fitim denen kurum \u00f6yle bir \u00e7i\u00e7ektir ki belirli bir yerden sonra ba\u015ftan \u015f\u0131r\u0131ngalanan verilerin geri d\u00f6n\u00fc\u015f\u00fc olmayabiliyor. G\u00fcn\u00fcm\u00fczde bunun \u00f6rneklerini biz gen\u00e7ler \u00fczerinde net bir \u015fekilde g\u00f6rebiliyoruz. \u201cA\u011fa\u00e7 ya\u015f iken e\u011filir.\u201d s\u00f6z\u00fc tam da bu duruma denk gelmektedir. E\u011fitim kurumlar\u0131na ilk s\u0131n\u0131ftan veya ana s\u0131n\u0131f\u0131ndan al\u0131nan bir \u00e7ocuk bu ya\u015flarda ne verilirse onu i\u00e7selle\u015ftirebiliyor.<\/p>\n<p>Yap\u0131lan d\u00fczenlemelere genel bir bak\u0131\u015f a\u00e7\u0131s\u0131yla girelim: E\u011fitimin as\u0131l amac\u0131 bir \u015feyi kan\u0131ksamak, i\u00e7selle\u015ftirmek, ruhuna girmek, tozlar\u0131 ile de\u011fil tozun alt\u0131ndakilerle olmal\u0131d\u0131r. K\u0131sacas\u0131 e\u011fitim tan\u0131mak olmal\u0131. \u015eimdi yap\u0131lan de\u011fi\u015fikliklerin derinli\u011fine n\u00fcfuz etmeye \u00e7al\u0131\u015fal\u0131m.<\/p>\n<p><strong>\u00a0\u00a0 Yeni M\u00fcfredat\u0131n Uygulanmaya Ba\u015flamas\u0131<\/strong><\/p>\n<p>\u00d6n\u00fcm\u00fczdeki y\u0131ldan itibaren 1. 5. ve 9. s\u0131n\u0131ftaki \u00f6\u011frenciler yeni m\u00fcfredatla e\u011fitime ba\u015flayacaklar. Dolay\u0131s\u0131yla bu sene, gelecek sene ve sonraki takip eden sene, de\u011fi\u015fen m\u00fcfredattan dolay\u0131 TEOG, YGS veya LYS s\u0131navlar\u0131nda herhangi bir farkl\u0131l\u0131k olmayacakt\u0131r.<\/p>\n<p><strong>\u00a0\u00a0 \u201cE\u011fitimde Demokratikle\u015fme\u201d Ba\u015fl\u0131\u011f\u0131<\/strong><\/p>\n<p><strong>\u00a0\u00a0 <\/strong>Milli E\u011fitim Bakan\u0131 \u0130smet Y\u0131lmaz bu konu hakk\u0131nda bir a\u00e7\u0131klama yapt\u0131. 10 \u015eubat 2017 tarihine kadar yeni e\u011fitim \u00f6\u011fretim m\u00fcfredat\u0131 hakk\u0131nda g\u00f6r\u00fc\u015f bildirmek isteyenler m\u00fcfredatta yer almas\u0131n\u0131 istedi\u011fi d\u00fczenlemeyi bildirebilecekler. Bu olduk\u00e7a pozitif bir durum gibi g\u00f6r\u00fcn\u00fcyor. E\u011fitimde belirli bir kesimin s\u00f6z hakk\u0131 olmas\u0131n\u0131n \u00f6n\u00fcne ge\u00e7iliyor, \u00e7ok seslilik sa\u011flanarak farkl\u0131 g\u00f6r\u00fc\u015flerin ortaya at\u0131lmas\u0131na vesile oluyor. Bakan Y\u0131lmaz ayr\u0131ca bu konuda herkesin kendini tan\u0131mlama hakk\u0131 oldu\u011funu, bu tan\u0131mlamalarda istenmeyen ibareler s\u00f6z konusu ise bunlar\u0131n taraflara bildirilmesi gerekti\u011fini, s\u00f6z konusu ayk\u0131r\u0131 ibarelerin \u00e7\u0131kar\u0131labilece\u011fini ifade etti.<\/p>\n<p><strong>\u00a0\u00a0 Programlar 2023 Hedefleri Do\u011frultusunda Haz\u0131rland\u0131<\/strong><\/p>\n<p>M\u00fcfredat haz\u0131rlan\u0131rken her alanda oldu\u011fu gibi e\u011fitimde de 2023 vizyonu dikkate al\u0131nm\u0131\u015ft\u0131r. T\u00fcrkiye art\u0131k vizyonunu belirlerken b\u00fcnyesindeki b\u00fct\u00fcn kurum ve kurulu\u015flar\u0131n objektif, bilimsel kriterlerle donat\u0131lmas\u0131 gerekmektedir. Yeni e\u011fitim \u00f6\u011fretim program\u0131 haz\u0131rlan\u0131rken yeni yeti\u015fen neslin gelece\u011fe haz\u0131rlan\u0131rken bu topraklar\u0131n bir bireyi olarak yeti\u015fmesi sa\u011flanmal\u0131d\u0131r. Burada bir anekdot belirtmek istiyorum. Japonya\u2019da ilkokula yeni ba\u015flayan \u00f6\u011frenciler Hiro\u015fima\u2019ya bomba at\u0131lan yere g\u00f6t\u00fcr\u00fcl\u00fcr ve bir daha b\u00f6yle bir durumla kar\u015f\u0131la\u015fmamak i\u00e7in yeti\u015fmi\u015f, devletine milletine sahip \u00e7\u0131kabilecek insan olarak yeti\u015fmenin \u00f6nemi anlat\u0131l\u0131r. E\u011fer gelecek y\u0131llar\u0131m\u0131z\u0131 biz T\u00fcrkiye olarak sa\u011flam temellere oturtmak i\u00e7in milli \u015fuurun gen\u00e7 beyinlerimize zerk edilmesi gerekmektedir.<\/p>\n<p><strong>Ders Saatleri Azalt\u0131lmayacak<\/strong><\/p>\n<p><strong>\u00a0\u00a0 <\/strong>Yeni d\u00fczenlemede ders saatlerinin azalt\u0131lmayaca\u011f\u0131, buna ra\u011fmen derslerin i\u00e7eriklerinde hafifletilmeye gidilecektir. B\u00f6ylelikle ders saatleri art\u0131r\u0131labilecek ve gereksiz dersler, gereksiz konular m\u00fcfredattan \u00e7\u0131kar\u0131larak \u00f6\u011frencilerin akl\u0131 yo\u011fun ders bask\u0131s\u0131ndan bir nebze olsun hafifletilmi\u015f olacakt\u0131r.<\/p>\n<p>Devam edece\u011fiz\u2026<\/p>\n<p>Selam ve dua ile\u2026<\/p>\n<p><strong>\u00a0\u00a0 \u0130BRAH\u0130M YAVUZ<\/strong><\/p>\n","protected":false},"excerpt":{"rendered":"<p>Konumuza girmeden \u00f6nce bu yaz\u0131 serisi hakk\u0131nda genel bir bilgi vermek mecburiyeti do\u011fuyor. E\u011fitim \u00f6\u011fretim sisteminin yeni m\u00fcfredat\u0131 konusunda bu yaz\u0131 serisinde yaz\u0131lacak olanlar kesinlikle belirli bir \u015fahs\u0131, grubu, kurumu, kurulu\u015fu hedef alarak yaz\u0131lmam\u0131\u015ft\u0131r. Ele al\u0131nan bu konudaki g\u00f6r\u00fc\u015fler na\u00e7izane bir de\u011fer addetmektedir. Burada yeni m\u00fcfredatla ilgili detaylar taraf\u0131mdan gerek ele\u015ftirel gerekse tasdikleyici nitelikte olacakt\u0131r. &hellip;<\/p>\n","protected":false},"author":20,"featured_media":48521,"comment_status":"open","ping_status":"open","sticky":false,"template":"","format":"standard","meta":{"om_disable_all_campaigns":false,"_themeisle_gutenberg_block_has_review":false,"_joinchat":[],"footnotes":""},"categories":[38,57,43],"tags":[],"class_list":["post-18869","post","type-post","status-publish","format-standard","has-post-thumbnail","","category-guncel","category-ibrahim","category-yazarlar"],"_links":{"self":[{"href":"https:\/\/akincilardergisi.com\/tr\/wp-json\/wp\/v2\/posts\/18869","targetHints":{"allow":["GET"]}}],"collection":[{"href":"https:\/\/akincilardergisi.com\/tr\/wp-json\/wp\/v2\/posts"}],"about":[{"href":"https:\/\/akincilardergisi.com\/tr\/wp-json\/wp\/v2\/types\/post"}],"author":[{"embeddable":true,"href":"https:\/\/akincilardergisi.com\/tr\/wp-json\/wp\/v2\/users\/20"}],"replies":[{"embeddable":true,"href":"https:\/\/akincilardergisi.com\/tr\/wp-json\/wp\/v2\/comments?post=18869"}],"version-history":[{"count":0,"href":"https:\/\/akincilardergisi.com\/tr\/wp-json\/wp\/v2\/posts\/18869\/revisions"}],"wp:featuredmedia":[{"embeddable":true,"href":"https:\/\/akincilardergisi.com\/tr\/wp-json\/wp\/v2\/media\/48521"}],"wp:attachment":[{"href":"https:\/\/akincilardergisi.com\/tr\/wp-json\/wp\/v2\/media?parent=18869"}],"wp:term":[{"taxonomy":"category","embeddable":true,"href":"https:\/\/akincilardergisi.com\/tr\/wp-json\/wp\/v2\/categories?post=18869"},{"taxonomy":"post_tag","embeddable":true,"href":"https:\/\/akincilardergisi.com\/tr\/wp-json\/wp\/v2\/tags?post=18869"}],"curies":[{"name":"wp","href":"https:\/\/api.w.org\/{rel}","templated":true}]}}