{"id":1880,"date":"2014-09-25T00:01:12","date_gmt":"2014-09-24T21:01:12","guid":{"rendered":"http:\/\/akincilardergisi.com\/dergi\/?p=1880"},"modified":"2024-02-22T23:17:09","modified_gmt":"2024-02-22T20:17:09","slug":"birazdan-gundogacak","status":"publish","type":"post","link":"https:\/\/akincilardergisi.com\/tr\/birazdan-gundogacak\/","title":{"rendered":"Birazdan G\u00fcndo\u011facak"},"content":{"rendered":"<table border=\"0\" width=\"100%\" cellspacing=\"0\" cellpadding=\"0\">\n<tbody>\n<tr>\n<td align=\"left\" width=\"100%\">\n<div class=\"sZSfr\"><\/div>\n<div class=\"sZSfr\">Nuri Pakdil&#8217;e<\/p>\n<p>Beton duvarlar aras\u0131nda bir \u00e7i\u00e7ek a\u00e7t\u0131<br \/>\nSiz kahraman\u0131s\u0131n\u0131z \u00e7elik di\u015fliler aras\u0131nda direnen insanl\u0131\u011f\u0131n<br \/>\nSa\u00e7lar\u0131n\u0131z \u0131zd\u0131rap denizinde bir tutam ba\u015fak<br \/>\nElleriniz k\u00f6k salm\u0131\u015f a\u011fac\u0131d\u0131r zamana<br \/>\nO inanm\u0131\u015flar \u00e7a\u011f\u0131n\u0131n.<\/p>\n<p>Zaman akar yer direnir g\u00f6ky\u00fcz\u00fc kanat gerer<br \/>\nSiz \u00f6l\u00fcms\u00fcz \u00e7i\u00e7e\u011fi ta\u015f\u0131rs\u0131n\u0131z g\u00f6\u011fs\u00fcn\u00fczde<br \/>\nKaranl\u0131\u011f\u0131n orman\u0131nda iman g\u00fcne\u015fidir g\u00f6z\u00fcn\u00fcz<br \/>\nSolu\u011funuz umutsuz ceylanlar\u0131n g\u00f6zya\u015f\u0131na s\u00fcnger.<\/p>\n<p>G\u00fcn do\u011far r\u00fczgar eser bulut dolan\u0131r<br \/>\nRahmet \u015fark\u0131s\u0131 s\u00f6yler ya\u011fmurlar<br \/>\nAln\u0131n\u0131z en soylu isyand\u0131r demir k\u00fcl\u00e7elere<br \/>\nG\u00fcr\u00fclt\u00fc susar ses donar sevgi tohumu patlar<br \/>\nSessiz bir bombad\u0131r konu\u015fur derinlerde.<\/p>\n<p>Ey bizim sab\u0131r y\u00fckl\u00fc topra\u011f\u0131m\u0131z\u0131n kutsal a\u011fac\u0131<br \/>\nSen bize hayats\u0131n umutsun mezarlar kadar derin<br \/>\nBizi tutan bir \u015fey varsa dirilten o sensin<br \/>\n\u00dczerinde uyudu\u011fumuz yavru ku\u015flar\u0131n t\u00fcy renkli s\u0131cakl\u0131\u011f\u0131.<br \/>\nEy damarlar\u0131m\u0131zda donan buz y\u00fczl\u00fc heykeller beldesinden<br \/>\nY\u0131k\u0131nt\u0131lar sonras\u0131 s\u0131\u011f\u0131nd\u0131\u011f\u0131m \u015fefkat anas\u0131<br \/>\nEy da\u011flar\u0131 yerinden oynatan ses ey mermeri toz eden r\u00fczgar<br \/>\nEy alemi donatan \u0131\u015f\u0131k topra\u011fa can veren el.<\/p>\n<p>G\u00fcn olur toprak uyan\u0131r uyan\u0131r b\u00f6cekler<br \/>\nSar\u0131 bozk\u0131r titrer \u00e7\u0131plak da\u011flar ye\u015ferir g\u00f6k y\u0131kan\u0131r kirli<br \/>\ndumanlardan<br \/>\nSu co\u015far deniz kabar\u0131r canlan\u0131r \u00f6l\u00fc \u015fehirler<br \/>\nYemye\u015fil bir r\u00fczgar eser y\u0131ld\u0131zlar aras\u0131ndan.<\/p>\n<p>\u015eimdi siz ta\u015f\u0131yorsunuz m\u00fcjdenin kur\u015fun y\u00fck\u00fcn\u00fc<br \/>\n\u00c7atlayacak yalan\u0131n \u00e7elik kabu\u011fu<br \/>\nSizin bah\u00e7enizde b\u00fcy\u00fcyecek iman\u0131n g\u00fcne\u015f y\u00fczl\u00fc \u00e7ocu\u011fu.<\/p>\n<p>(G\u00fczlek,1966)<\/p><\/div>\n<\/td>\n<\/tr>\n<tr>\n<td width=\"100%\"><\/td>\n<\/tr>\n<tr>\n<td align=\"left\" width=\"100%\">\n<p align=\"left\"><span class=\"Siir_sair\"><b>Erdem Bayaz\u0131t<\/b><\/span><\/p>\n<\/td>\n<\/tr>\n<tr>\n<td width=\"100%\"><\/td>\n<\/tr>\n<tr>\n<td width=\"100%\">\n<div style=\"padding-top: 25px;border-top-color: #a3d5df;border-top-width: 0px;border-top-style: dotted\">\n<div>\n<div id=\"ndDivChange\" style=\"text-align: left;padding-top: 5px\"><span style=\"text-align: left;margin-left: 15px\">S\u0130ZCE BU \u015e\u0130\u0130R NE HAKKINDA <\/span><\/div>\n<\/div>\n<\/div>\n<\/td>\n<\/tr>\n<\/tbody>\n<\/table>\n","protected":false},"excerpt":{"rendered":"<p>Nuri Pakdil&#8217;e Beton duvarlar aras\u0131nda bir \u00e7i\u00e7ek a\u00e7t\u0131 Siz kahraman\u0131s\u0131n\u0131z \u00e7elik di\u015fliler aras\u0131nda direnen insanl\u0131\u011f\u0131n Sa\u00e7lar\u0131n\u0131z \u0131zd\u0131rap denizinde bir tutam ba\u015fak Elleriniz k\u00f6k salm\u0131\u015f a\u011fac\u0131d\u0131r zamana O inanm\u0131\u015flar \u00e7a\u011f\u0131n\u0131n. Zaman akar yer direnir g\u00f6ky\u00fcz\u00fc kanat gerer Siz \u00f6l\u00fcms\u00fcz \u00e7i\u00e7e\u011fi ta\u015f\u0131rs\u0131n\u0131z g\u00f6\u011fs\u00fcn\u00fczde Karanl\u0131\u011f\u0131n orman\u0131nda iman g\u00fcne\u015fidir g\u00f6z\u00fcn\u00fcz Solu\u011funuz umutsuz ceylanlar\u0131n g\u00f6zya\u015f\u0131na s\u00fcnger. G\u00fcn do\u011far r\u00fczgar eser &hellip;<\/p>\n","protected":false},"author":31,"featured_media":48521,"comment_status":"open","ping_status":"open","sticky":false,"template":"","format":"standard","meta":{"om_disable_all_campaigns":false,"_themeisle_gutenberg_block_has_review":false,"_joinchat":[],"footnotes":""},"categories":[39],"tags":[],"class_list":["post-1880","post","type-post","status-publish","format-standard","has-post-thumbnail","","category-tarih"],"_links":{"self":[{"href":"https:\/\/akincilardergisi.com\/tr\/wp-json\/wp\/v2\/posts\/1880","targetHints":{"allow":["GET"]}}],"collection":[{"href":"https:\/\/akincilardergisi.com\/tr\/wp-json\/wp\/v2\/posts"}],"about":[{"href":"https:\/\/akincilardergisi.com\/tr\/wp-json\/wp\/v2\/types\/post"}],"author":[{"embeddable":true,"href":"https:\/\/akincilardergisi.com\/tr\/wp-json\/wp\/v2\/users\/31"}],"replies":[{"embeddable":true,"href":"https:\/\/akincilardergisi.com\/tr\/wp-json\/wp\/v2\/comments?post=1880"}],"version-history":[{"count":0,"href":"https:\/\/akincilardergisi.com\/tr\/wp-json\/wp\/v2\/posts\/1880\/revisions"}],"wp:featuredmedia":[{"embeddable":true,"href":"https:\/\/akincilardergisi.com\/tr\/wp-json\/wp\/v2\/media\/48521"}],"wp:attachment":[{"href":"https:\/\/akincilardergisi.com\/tr\/wp-json\/wp\/v2\/media?parent=1880"}],"wp:term":[{"taxonomy":"category","embeddable":true,"href":"https:\/\/akincilardergisi.com\/tr\/wp-json\/wp\/v2\/categories?post=1880"},{"taxonomy":"post_tag","embeddable":true,"href":"https:\/\/akincilardergisi.com\/tr\/wp-json\/wp\/v2\/tags?post=1880"}],"curies":[{"name":"wp","href":"https:\/\/api.w.org\/{rel}","templated":true}]}}