{"id":18324,"date":"2016-12-29T07:20:05","date_gmt":"2016-12-29T05:20:05","guid":{"rendered":"http:\/\/akincilardergisi.com\/dergi\/?p=18324"},"modified":"2023-11-05T13:42:39","modified_gmt":"2023-11-05T10:42:39","slug":"18324-2","status":"publish","type":"post","link":"https:\/\/akincilardergisi.com\/tr\/18324-2\/","title":{"rendered":"AYDINLI\u011eIN SAVA\u015e\u00c7ISI"},"content":{"rendered":"<div>\n<div>\n<div class=\"_1mf _1mj\">\u0130slami haraketlerin ba\u015f\u0131ndaki liderlerin ve o liderlerin \u00e7evresindeki kadrolar\u0131n y\u00fcre\u011finde inan\u00e7 ve imanla yo\u011frulmu\u015f bir volkan yoksa arkalar\u0131ndan gelen ve sorumlu olduklar\u0131 toplum veya milleti gaflet uykusundan bir dirili\u015f sabah\u0131na uyand\u0131rmalar\u0131 m\u00fcmk\u00fcn de\u011fildir.<\/div>\n<\/div>\n<div><\/div>\n<div>\n<div class=\"_1mf _1mj\">Bir milletin din adamlar\u0131, ayd\u0131nlar\u0131, liderleri ve komutanlar\u0131 Allaha teslim olmad\u0131k\u00e7a hi\u00e7bir d\u00fc\u015fman\u0131 teslim alamazlar. Daha da k\u00f6t\u00fcs\u00fc d\u00fc\u015fman\u0131n ve d\u00fc\u015fman g\u00fc\u00e7lerin oyunca\u011f\u0131 ve kuklas\u0131 olmaktan kurtulamazlar.<\/div>\n<\/div>\n<div><\/div>\n<div>\n<div class=\"_1mf _1mj\">Y\u00fcre\u011finde G\u00fcne\u015f ta\u015f\u0131mayan \u00f6nderlerin ve liderlerin karanl\u0131\u011f\u0131 ayd\u0131nlatmas\u0131, inkar ve k\u00fcfre kar\u015f\u0131 soylu bir m\u00fccadele vermesi ve onlara galip gelmesi d\u00fc\u015f\u00fcn\u00fclemez.<\/div>\n<\/div>\n<div><\/div>\n<div>\n<div class=\"_1mf _1mj\">Ayd\u0131nl\u0131k ne kadar karanl\u0131\u011f\u0131n kar\u015f\u0131t\u0131 ve d\u00fc\u015fman\u0131 ise islam da o kadar k\u00fcfr\u00fcn ve inan\u00e7s\u0131zl\u0131\u011f\u0131n kar\u015f\u0131t\u0131 ve d\u00fc\u015fman\u0131d\u0131r.<\/div>\n<\/div>\n<div><\/div>\n<div>\n<div class=\"_1mf _1mj\">M\u00fcsl\u00fcman ayd\u0131nl\u0131\u011f\u0131n sava\u015fc\u0131s\u0131d\u0131r. Ayd\u0131nl\u0131k sava\u015fc\u0131s\u0131 olarak hayat\u0131n\u0131 s\u00fcrd\u00fcrmekle m\u00fckelleftir.Bu misyonunun bir sonu ve emeklili\u011fi yoktur.Ya\u015fad\u0131\u011f\u0131 s\u00fcrece bu sorumluluk onun boynunda bir vebal olarak as\u0131l\u0131 durur.<\/div>\n<\/div>\n<div><\/div>\n<div>\n<div class=\"_1mf _1mj\">O, sabaha ula\u015famayan yalanc\u0131 \u015fafaklara kanmaz, fosfor b\u00f6ceklerinin karanl\u0131ktaki par\u0131lt\u0131lar\u0131na aldanmaz. O, Kur&#8217;an ve S\u00fcnnetin ayd\u0131nl\u0131\u011f\u0131nda karanl\u0131\u011fa kar\u015f\u0131 direnen bir vahiy eri ve Allah\u0131n cc askeridir.<\/div>\n<\/div>\n<\/div>\n","protected":false},"excerpt":{"rendered":"<p>\u0130slami haraketlerin ba\u015f\u0131ndaki liderlerin ve o liderlerin \u00e7evresindeki kadrolar\u0131n y\u00fcre\u011finde inan\u00e7 ve imanla yo\u011frulmu\u015f bir volkan yoksa arkalar\u0131ndan gelen ve sorumlu olduklar\u0131 toplum veya milleti gaflet uykusundan bir dirili\u015f sabah\u0131na uyand\u0131rmalar\u0131 m\u00fcmk\u00fcn de\u011fildir. Bir milletin din adamlar\u0131, ayd\u0131nlar\u0131, liderleri ve komutanlar\u0131 Allaha teslim olmad\u0131k\u00e7a hi\u00e7bir d\u00fc\u015fman\u0131 teslim alamazlar. Daha da k\u00f6t\u00fcs\u00fc d\u00fc\u015fman\u0131n ve d\u00fc\u015fman g\u00fc\u00e7lerin &hellip;<\/p>\n","protected":false},"author":2,"featured_media":48521,"comment_status":"open","ping_status":"open","sticky":false,"template":"","format":"standard","meta":{"om_disable_all_campaigns":false,"_themeisle_gutenberg_block_has_review":false,"_joinchat":[],"footnotes":""},"categories":[49,38,43],"tags":[],"class_list":["post-18324","post","type-post","status-publish","format-standard","has-post-thumbnail","","category-arif","category-guncel","category-yazarlar"],"_links":{"self":[{"href":"https:\/\/akincilardergisi.com\/tr\/wp-json\/wp\/v2\/posts\/18324","targetHints":{"allow":["GET"]}}],"collection":[{"href":"https:\/\/akincilardergisi.com\/tr\/wp-json\/wp\/v2\/posts"}],"about":[{"href":"https:\/\/akincilardergisi.com\/tr\/wp-json\/wp\/v2\/types\/post"}],"author":[{"embeddable":true,"href":"https:\/\/akincilardergisi.com\/tr\/wp-json\/wp\/v2\/users\/2"}],"replies":[{"embeddable":true,"href":"https:\/\/akincilardergisi.com\/tr\/wp-json\/wp\/v2\/comments?post=18324"}],"version-history":[{"count":0,"href":"https:\/\/akincilardergisi.com\/tr\/wp-json\/wp\/v2\/posts\/18324\/revisions"}],"wp:featuredmedia":[{"embeddable":true,"href":"https:\/\/akincilardergisi.com\/tr\/wp-json\/wp\/v2\/media\/48521"}],"wp:attachment":[{"href":"https:\/\/akincilardergisi.com\/tr\/wp-json\/wp\/v2\/media?parent=18324"}],"wp:term":[{"taxonomy":"category","embeddable":true,"href":"https:\/\/akincilardergisi.com\/tr\/wp-json\/wp\/v2\/categories?post=18324"},{"taxonomy":"post_tag","embeddable":true,"href":"https:\/\/akincilardergisi.com\/tr\/wp-json\/wp\/v2\/tags?post=18324"}],"curies":[{"name":"wp","href":"https:\/\/api.w.org\/{rel}","templated":true}]}}