{"id":18036,"date":"2016-12-14T21:08:29","date_gmt":"2016-12-14T19:08:29","guid":{"rendered":"http:\/\/akincilardergisi.com\/dergi\/?p=18036"},"modified":"2023-11-05T13:26:20","modified_gmt":"2023-11-05T10:26:20","slug":"18036-2","status":"publish","type":"post","link":"https:\/\/akincilardergisi.com\/tr\/18036-2\/","title":{"rendered":"&#8216;\u0130HANET&#8217;\u0130N BEDEL\u0130: HALEP"},"content":{"rendered":"<p><strong>\u00a0 \u00a0 \u00a0Suriye\u2026 Bizim g\u00f6n\u00fcl co\u011frafyam\u0131z. Bin y\u0131ld\u0131r ac\u0131m\u0131z\u0131, sevin\u00e7lerimizi, dertlerimizi, h\u00fcz\u00fcnlerimizi payla\u015ft\u0131\u011f\u0131m\u0131z kom\u015fumuz. Bug\u00fcn bizim burada yap\u0131lanlar\u0131 anlayamamam\u0131z\u0131n nedeni burada kurulan ulus devletlerin kurulu\u015f nedenlerini ve bi\u00e7imlerini bilmememizdir. Bunu biraz idrak edebilmek niyetiyle y\u00fcz y\u0131l \u00f6ncesine gidelim ve Fransa ile yap\u0131lan Ankara anla\u015fmas\u0131na (1921) g\u00f6z atal\u0131m.<\/strong><\/p>\n<p><strong>\u00a0\u00a0\u00a0\u00a0 Bir Ankara Anla\u015fmam\u0131z var Fransa ile. Zaten \u00f6nceden Suriye ve L\u00fcbnan\u2019\u0131 vermi\u015ftik. Frans\u0131zlar burada iki devlet kurdular, Suriye ve L\u00fcbnan\u2019da. Frans\u0131zlar burada y\u00f6netim olarak bir hakimiyet sa\u011flamak i\u00e7in alt\u0131 tane devlet kurdular. Halep\u2019te ayr\u0131 bir devlet kurdular, \u015eam\u2019da ayr\u0131 bir devlet kurdular, D\u00fcrzilere ayr\u0131 bir devlet kurdular, bug\u00fcnk\u00fc Nusayri y\u00f6netimine ayr\u0131 bir devlet kurdular, \u0130skenderun\u2019da ayr\u0131 bir devlet kurdular. ( B\u00f6l par\u00e7ala \u00f6yle y\u00f6net yani ) <\/strong><\/p>\n<p><strong>\u00a0 \u00a0 \u00a0 Ermeni\u2019ye, S\u00fcryani\u2019ye, Maruni\u2019ye, Nusayri\u2019ye, Keldani\u2019ye giri\u015fimlerde bulundu. Fakat yine burada bir hakimiyet sa\u011flayamad\u0131 ve bu sefer Ankara\u2019n\u0131n kap\u0131s\u0131n\u0131 \u00e7ald\u0131lar. Ben bunlarla ba\u015f edemiyorum bize yard\u0131m et dediler adeta. Biz o g\u00fcn\u00fcn Suriyesine bakt\u0131\u011f\u0131m\u0131zda hi\u00e7bir Suriye ayd\u0131n\u0131n\u0131n bizden ayr\u0131lma d\u00fc\u015f\u00fcncesi yoktu. Bunlar\u0131n hepsi Osmanl\u0131 vatanda\u015f\u0131yd\u0131. Biz onlarla ayr\u0131 bir devlet olacakt\u0131k. Fakat bize Frans\u0131zlar taraf\u0131ndan denildi ki: Siz bize Suriye konusunda destek \u00e7\u0131k\u0131n biz de Yunanl\u0131larla olan m\u00fccadelenizde size yard\u0131mc\u0131 olal\u0131m. Ankara Anla\u015fmas\u0131 budur. <\/strong><\/p>\n<p><strong>\u00a0 \u00a0 \u00a0 \u00a0Bu anla\u015fma olunca b\u00fct\u00fcn Suriye aya\u011fa kalkt\u0131. Mustafa Kemal\u2019e bir\u00e7ok mesajlar g\u00f6nderildi, biz burada Frans\u0131zlarla m\u00fccadele ediyoruz, onlar\u0131 buradan kovaca\u011f\u0131z diye. Nitekim Sakarya Sava\u015f\u0131\u2019nda ordumuzun i\u00e7inde Suriyeli olanlar da vard\u0131. Beyrut\u2019ta binlerce alt\u0131n topland\u0131 bize g\u00f6nderildi. Asl\u0131nda Sakarya Sava\u015f\u0131 kazan\u0131lm\u0131\u015ft\u0131 bu para niye g\u00f6nderildi diye de sormak laz\u0131m! Sava\u015f\u0131 kazand\u0131ktan sonra tekrar Suriye\u2019ye d\u00f6nme \u00fcmidiyle bu alt\u0131nlar g\u00f6nderildi. Art\u0131k \u00e7ok ge\u00e7ti Suriye elimizden kay\u0131p gitmi\u015fti.<\/strong><\/p>\n<p><strong>\u00a0\u00a0\u00a0\u00a0 Suriye\u2019nin bu durumunu g\u00f6z \u00f6n\u00fcne ald\u0131\u011f\u0131m\u0131zda, \u015fimdi g\u00fcn\u00fcm\u00fczde de ayn\u0131 mesele. Yeni d\u00fcnya d\u00fczeni projesini tekrar hayata ge\u00e7irmeye \u00e7al\u0131\u015f\u0131yorlar. Yani y\u00fczy\u0131llar\u0131n\u0131 dolduran devletler projeye dahil ediliyorlar, arta kalanlar ba\u015f\u0131na gelecekleri zaman\u0131 bekliyorlar. Bu devletlerin buradaki ama\u00e7lar\u0131 bellidir. T\u0131pk\u0131 Osmanl\u0131y\u0131 tasfiye ederken g\u00f6sterdikleri s\u00f6zde m\u00fccadelelerini tekrar hayata ge\u00e7irmeye \u00e7al\u0131\u015f\u0131yorlar.<\/strong><\/p>\n<p><strong>\u00a0 \u00a0 \u00a0 Emperyalist devletlerin buradaki m\u00fccadelesi g\u00fcn\u00fcm\u00fczde de enerji yataklar\u0131na hakim olmakt\u0131r. Bunun i\u00e7in s\u00fcrekli buralarda gelip kol geziyorlar. Kendileri gelip de yapm\u0131yorlar DEA\u015e gibi YPG gibi PYD gibi ter\u00f6rist gruplar\u0131 kullanarak buradaki m\u00fcdahalelerini me\u015fru hale getiriyorlar. Ayn\u0131 \u015fey K\u00fcrtler i\u00e7in de ge\u00e7erli. E\u011fer buralar\u0131 payla\u015ft\u0131klar\u0131 zaman bir k\u00fcrt devleti kurduracak olsalard\u0131 kurdururlard\u0131. Bilerek kurdurmad\u0131lar \u00e7\u00fcnk\u00fc bug\u00fcn \u00fczerinden oynanacak oyuncaklar\u0131 olmazd\u0131. <\/strong><\/p>\n<p><strong>\u00a0 \u00a0 \u00a0 \u00a0Biz K\u00fcrtlerle y\u00fczy\u0131llard\u0131r beraber ya\u015fam\u0131\u015f bir toplumuz, birbirimize g\u0131k dememi\u015fiz. Neden birbirimize yan g\u00f6zle bakal\u0131m ki. Bunun kimseye faydas\u0131 yok. Ayr\u0131 bir devlet kurma h\u00fclyalar\u0131 olsalard\u0131 gider ayr\u0131l\u0131rlard\u0131. Neden ayr\u0131lmad\u0131lar \u015fimdiye kadar! \u00c7\u00fcnk\u00fc k\u00fclt\u00fcrel, dini, ekonomik, siyasi olarak biz bu topraklar\u0131n insanlar\u0131y\u0131z. <\/strong><\/p>\n<p><strong>\u00a0 \u00a0 \u00a0 \u00a0Osmanl\u0131 da bu b\u00f6yleydi, bunlar K\u00fcrtt\u00fc evet ama hi\u00e7bir K\u00fcrt ben k\u00fcrd\u00fcm demiyordu ben Osmanl\u0131y\u0131m diyordu. Suriye de b\u00f6yle, bin y\u0131ll\u0131k g\u00f6n\u00fcl co\u011frafyas\u0131nda ili\u015fkilerimiz var, s\u0131n\u0131r kom\u015fumuz ve de T\u00fcrkmen karde\u015flerimiz var orada. Oraya kar\u0131\u015fmak en b\u00fcy\u00fck hakk\u0131m\u0131z, g\u00f6revimizdir. B\u0131rak\u0131n onlar b\u00fct\u00fcn \u015fer ama\u00e7lar\u0131n\u0131 ortaya koysunlar. <\/strong><\/p>\n<p><strong>\u00a0 \u00a0 \u00a0 \u00a0Tek h\u00fck\u00fcm vard\u0131r o da Cenab\u0131 Allah\u2019\u0131n h\u00fckm\u00fcd\u00fcr. Biz oradan karde\u015flerimize kap\u0131lar\u0131m\u0131z\u0131 a\u00e7maya devam ettik\u00e7e, Nas\u0131l Peygamber Efendimiz (sav) arkas\u0131nda Mekke\u2019den Medine\u2019ye g\u00f6\u00e7 eden karde\u015flerimize muhacir diyorsak bunlar da ayn\u0131d\u0131r. \u00c7\u00fcnk\u00fc evlerini, bark\u0131n\u0131 b\u0131rak\u0131p buraya geliyorlar. Ellerinde hi\u00e7bir \u015feyleri yok. Kom\u015fuluk g\u00f6revi ekme\u011fimizi onlarla payla\u015fmay\u0131 gerektirir. Biz payla\u015ft\u0131k\u00e7a Allah da bize verir. Allah bu zor g\u00fcnlerimizde yan\u0131m\u0131zdad\u0131r elbette. Allah devletimize ve milletimize zeval vermesin, devletimizi ve milletimizi her t\u00fcrl\u00fc k\u00f6t\u00fcl\u00fcklerden korusun in\u015fallah.<\/strong><\/p>\n<p><strong>\u00a0 \u00a0 \u00a0 \u00a0 \u0130brahim YAVUZ<\/strong><\/p>\n","protected":false},"excerpt":{"rendered":"<p>\u00a0 \u00a0 \u00a0Suriye\u2026 Bizim g\u00f6n\u00fcl co\u011frafyam\u0131z. Bin y\u0131ld\u0131r ac\u0131m\u0131z\u0131, sevin\u00e7lerimizi, dertlerimizi, h\u00fcz\u00fcnlerimizi payla\u015ft\u0131\u011f\u0131m\u0131z kom\u015fumuz. Bug\u00fcn bizim burada yap\u0131lanlar\u0131 anlayamamam\u0131z\u0131n nedeni burada kurulan ulus devletlerin kurulu\u015f nedenlerini ve bi\u00e7imlerini bilmememizdir. Bunu biraz idrak edebilmek niyetiyle y\u00fcz y\u0131l \u00f6ncesine gidelim ve Fransa ile yap\u0131lan Ankara anla\u015fmas\u0131na (1921) g\u00f6z atal\u0131m. \u00a0\u00a0\u00a0\u00a0 Bir Ankara Anla\u015fmam\u0131z var Fransa ile. Zaten &hellip;<\/p>\n","protected":false},"author":20,"featured_media":48521,"comment_status":"open","ping_status":"open","sticky":false,"template":"","format":"standard","meta":{"om_disable_all_campaigns":false,"_themeisle_gutenberg_block_has_review":false,"_joinchat":[],"footnotes":""},"categories":[38,57,43],"tags":[],"class_list":["post-18036","post","type-post","status-publish","format-standard","has-post-thumbnail","","category-guncel","category-ibrahim","category-yazarlar"],"_links":{"self":[{"href":"https:\/\/akincilardergisi.com\/tr\/wp-json\/wp\/v2\/posts\/18036","targetHints":{"allow":["GET"]}}],"collection":[{"href":"https:\/\/akincilardergisi.com\/tr\/wp-json\/wp\/v2\/posts"}],"about":[{"href":"https:\/\/akincilardergisi.com\/tr\/wp-json\/wp\/v2\/types\/post"}],"author":[{"embeddable":true,"href":"https:\/\/akincilardergisi.com\/tr\/wp-json\/wp\/v2\/users\/20"}],"replies":[{"embeddable":true,"href":"https:\/\/akincilardergisi.com\/tr\/wp-json\/wp\/v2\/comments?post=18036"}],"version-history":[{"count":0,"href":"https:\/\/akincilardergisi.com\/tr\/wp-json\/wp\/v2\/posts\/18036\/revisions"}],"wp:featuredmedia":[{"embeddable":true,"href":"https:\/\/akincilardergisi.com\/tr\/wp-json\/wp\/v2\/media\/48521"}],"wp:attachment":[{"href":"https:\/\/akincilardergisi.com\/tr\/wp-json\/wp\/v2\/media?parent=18036"}],"wp:term":[{"taxonomy":"category","embeddable":true,"href":"https:\/\/akincilardergisi.com\/tr\/wp-json\/wp\/v2\/categories?post=18036"},{"taxonomy":"post_tag","embeddable":true,"href":"https:\/\/akincilardergisi.com\/tr\/wp-json\/wp\/v2\/tags?post=18036"}],"curies":[{"name":"wp","href":"https:\/\/api.w.org\/{rel}","templated":true}]}}