{"id":17569,"date":"2016-11-25T10:04:31","date_gmt":"2016-11-25T08:04:31","guid":{"rendered":"http:\/\/akincilardergisi.com\/dergi\/?p=17569"},"modified":"2023-11-05T13:42:42","modified_gmt":"2023-11-05T10:42:42","slug":"avrupa-parlementosu-ve-biz","status":"publish","type":"post","link":"https:\/\/akincilardergisi.com\/tr\/avrupa-parlementosu-ve-biz\/","title":{"rendered":"AVRUPA PARLEMENTOSU VE B\u0130Z"},"content":{"rendered":"<div>\n<div>\n<div class=\"_1mf _1mj\">Altm\u0131\u015f y\u0131ld\u0131r T\u00fcrkiye&#8217;yi AB kap\u0131lar\u0131nda diz \u00e7\u00f6kt\u00fcrmek i\u00e7in s\u00fcr\u00fcm s\u00fcr\u00fcm s\u00fcr\u00fcnd\u00fcren Avrupa Parlementosu \u015fimdi de tehdit ve \u015fantajlarla bizi teslim almaya \u00e7al\u0131\u015f\u0131yor.Ne yapsalar bo\u015f.<\/div>\n<\/div>\n<div><\/div>\n<div>\n<div class=\"_1mf _1mj\">Ha\u00e7l\u0131 Seferlerinden beri \u00fclkemizi i\u015fgal edip ilhak etmeye \u00e7al\u0131\u015fan Avrupan\u0131n kar\u015f\u0131s\u0131nda K\u0131l\u0131\u00e7arslan&#8217;\u0131n, Nureddin Zengi&#8217;nin ve Selahaddin Eyyubi&#8217;nin \u00e7ocuklar\u0131 olan Ak\u0131nc\u0131lar olarak biz yine dimdik ayaktay\u0131z, ayakta ve hayatta olmaya da devam edece\u011fiz.<\/div>\n<\/div>\n<div><\/div>\n<div>\n<div class=\"_1mf _1mj\">AB&#8217; e girmeye bin defa HAYIR!<\/div>\n<\/div>\n<div><\/div>\n<div>\n<div class=\"_1mf _1mj\">Bizim yerimiz H\u0131ristiyan Birli\u011fi olan AB de\u011fil, \u0130slam Birli\u011fidir. Kimse bizim \u0130slam Birli\u011fini kurmam\u0131za engel olamaz.Kimse bizi \u00fcmmet birli\u011fi ve \u015fuurundan ay\u0131ramaz.Bu yolda bizi engellemek isteyenler ya yerli m\u00fcnaf\u0131klar, ya islam d\u00fc\u015fmanlar\u0131 veya i\u00e7imizdeki hainlerdir.<\/div>\n<\/div>\n<div><\/div>\n<div>\n<div class=\"_1mf _1mj\">\u015eeytana g\u00fcvenmedi\u011fimiz kadar Avrupa Birli\u011fine ve Parlementosuna g\u00fcvenmiyoruz. Amerika&#8217;ya g\u00fcvenmiyoruz, Rusya&#8217;ya g\u00fcvenmiyoruz, \u00c7in&#8217;e g\u00fcvenmiyoruz. Roma&#8217;n\u0131n yerli ve yabanc\u0131 \u00e7a\u011fda\u015f temsilcileri ve i\u015fbirlik\u00e7ilerine g\u00fcvenmiyoruz.<\/div>\n<\/div>\n<div><\/div>\n<div>\n<div class=\"_1mf _1mj\">Allah\u0131n cc dostlar\u0131d\u0131r bizim dostlar\u0131m\u0131z, \u00fcmmetin birli\u011fidir bizim birli\u011fimiz. Biz b\u00f6yle olunca; B\u0130R&#8217; iz, BERABER&#8217; iz, \u0130R\u0130&#8217; yiz, D\u0130R\u0130&#8217; yiz. Biz kan pahas\u0131, can pahas\u0131 aln\u0131 a\u00e7\u0131k, ba\u015f\u0131 dik emperyalizmin ve s\u00f6m\u00fcr\u00fcn\u00fcn her t\u00fcrl\u00fcs\u00fcne kar\u015f\u0131 duran M\u00dcSL\u00dcMAN&#8217;lar\u0131z..<\/div>\n<\/div>\n<div><\/div>\n<div>\n<div class=\"_1mf _1mj\">M\u00fcsl\u00fcman olarak vahyin \u00e7izgisinde , peygamber izinde inan\u00e7 ve iman ile, Kur&#8217;an ve S\u00fcnnet ile y\u00fcr\u00fcmektir g\u00f6revimiz. Biz emperyalist, zalim ve Kafirlerin de\u011fil Hz. Muhammedin getirdi\u011fi Kur&#8217;an&#8217;\u0131n izini izleyenleriz.<\/div>\n<\/div>\n<\/div>\n","protected":false},"excerpt":{"rendered":"<p>Altm\u0131\u015f y\u0131ld\u0131r T\u00fcrkiye&#8217;yi AB kap\u0131lar\u0131nda diz \u00e7\u00f6kt\u00fcrmek i\u00e7in s\u00fcr\u00fcm s\u00fcr\u00fcm s\u00fcr\u00fcnd\u00fcren Avrupa Parlementosu \u015fimdi de tehdit ve \u015fantajlarla bizi teslim almaya \u00e7al\u0131\u015f\u0131yor.Ne yapsalar bo\u015f. Ha\u00e7l\u0131 Seferlerinden beri \u00fclkemizi i\u015fgal edip ilhak etmeye \u00e7al\u0131\u015fan Avrupan\u0131n kar\u015f\u0131s\u0131nda K\u0131l\u0131\u00e7arslan&#8217;\u0131n, Nureddin Zengi&#8217;nin ve Selahaddin Eyyubi&#8217;nin \u00e7ocuklar\u0131 olan Ak\u0131nc\u0131lar olarak biz yine dimdik ayaktay\u0131z, ayakta ve hayatta olmaya da devam &hellip;<\/p>\n","protected":false},"author":2,"featured_media":48521,"comment_status":"open","ping_status":"open","sticky":false,"template":"","format":"standard","meta":{"om_disable_all_campaigns":false,"_themeisle_gutenberg_block_has_review":false,"_joinchat":[],"footnotes":""},"categories":[49,38,43],"tags":[],"class_list":["post-17569","post","type-post","status-publish","format-standard","has-post-thumbnail","","category-arif","category-guncel","category-yazarlar"],"_links":{"self":[{"href":"https:\/\/akincilardergisi.com\/tr\/wp-json\/wp\/v2\/posts\/17569","targetHints":{"allow":["GET"]}}],"collection":[{"href":"https:\/\/akincilardergisi.com\/tr\/wp-json\/wp\/v2\/posts"}],"about":[{"href":"https:\/\/akincilardergisi.com\/tr\/wp-json\/wp\/v2\/types\/post"}],"author":[{"embeddable":true,"href":"https:\/\/akincilardergisi.com\/tr\/wp-json\/wp\/v2\/users\/2"}],"replies":[{"embeddable":true,"href":"https:\/\/akincilardergisi.com\/tr\/wp-json\/wp\/v2\/comments?post=17569"}],"version-history":[{"count":0,"href":"https:\/\/akincilardergisi.com\/tr\/wp-json\/wp\/v2\/posts\/17569\/revisions"}],"wp:featuredmedia":[{"embeddable":true,"href":"https:\/\/akincilardergisi.com\/tr\/wp-json\/wp\/v2\/media\/48521"}],"wp:attachment":[{"href":"https:\/\/akincilardergisi.com\/tr\/wp-json\/wp\/v2\/media?parent=17569"}],"wp:term":[{"taxonomy":"category","embeddable":true,"href":"https:\/\/akincilardergisi.com\/tr\/wp-json\/wp\/v2\/categories?post=17569"},{"taxonomy":"post_tag","embeddable":true,"href":"https:\/\/akincilardergisi.com\/tr\/wp-json\/wp\/v2\/tags?post=17569"}],"curies":[{"name":"wp","href":"https:\/\/api.w.org\/{rel}","templated":true}]}}