{"id":16754,"date":"2016-10-23T22:05:16","date_gmt":"2016-10-23T19:05:16","guid":{"rendered":"http:\/\/akincilardergisi.com\/dergi\/?p=16754"},"modified":"2023-11-05T13:26:23","modified_gmt":"2023-11-05T10:26:23","slug":"sahadaki-guc","status":"publish","type":"post","link":"https:\/\/akincilardergisi.com\/tr\/sahadaki-guc\/","title":{"rendered":"SAHADAK\u0130 G\u00dc\u00c7"},"content":{"rendered":"<p><strong>\u00a0<\/strong><\/p>\n<p><strong>\u00a0\u00a0\u00a0\u00a0 <\/strong><strong>Ortado\u011fu\u2019da alan kapma yar\u0131\u015f\u0131 devam ediyor. Son g\u00fcnlerde g\u00f6zler Musul\u2019a \u00e7evrilmi\u015f durumda. Bir yanda b\u00f6lgede hakl\u0131 gerek\u00e7elerle b\u00f6lgede h\u00e2kim olmak derdinde olan T\u00fcrkiye, di\u011fer yanda genetiklerinde hi\u00e7bir zaman devlet olma h\u00fcviyetine sahip olmam\u0131\u015f, d\u00fcnyan\u0131n neresinde zengin yer alt\u0131 ve yer \u00fcst\u00fc kaynaklar varsa s\u00f6m\u00fcrme politikas\u0131n\u0131 uygulayan al\u00e7ak bat\u0131 sistemi\u2026 <\/strong><\/p>\n<p><strong>\u00a0\u00a0\u00a0\u00a0\u00a0\u00a0 Musul bulundu\u011fu b\u00f6lge bak\u0131m\u0131ndan Basra-Ba\u011fdat-Musul \u00fc\u00e7geninin en b\u00fcy\u00fck ve \u00f6nemli yeri ve Dicle Nehri\u2019nin kenar\u0131nda. \u00d6nemli petrol kaynaklar\u0131na sahip Musul ve \u00e7evresinde son as\u0131rd\u0131r nice kavgalar cereyan ediyor. <\/strong><\/p>\n<p><strong>\u00a0\u00a0\u00a0\u00a0\u00a0\u00a0 1923\u2019e kadar bizimle kalan Musul Birle\u015fmi\u015f Milletler karar\u0131 ile T\u00fcrkiye\u2019nin elinden al\u0131nd\u0131. D\u00f6nemin BM en \u00fcst\u00fcnde \u0130ngilizler vard\u0131, zaten bu cemiyeti de \u0130ngilizler kurmu\u015flard\u0131. Musul\u2019da halk\u0131n g\u00f6r\u00fc\u015f\u00fcn\u00fc test etmek amac\u0131yla referandum yoklamas\u0131 yap\u0131ld\u0131 ve %98 T\u00fcrkiye\u2019ye kat\u0131lma karar\u0131 \u00e7\u0131kt\u0131\u011f\u0131n\u0131 g\u00f6r\u00fcnce bu i\u015fin b\u00f6yle olmayaca\u011f\u0131n\u0131 anlad\u0131lar. T\u00fcrkiye h\u00fck\u00fcmetine dediler ki, bu mesele sonu\u00e7ta uluslararas\u0131 bir mesele. Bunu Milletler Cemiyeti\u2019ne ( bug\u00fcnk\u00fc Birle\u015fmi\u015f Milletler ) g\u00f6t\u00fcrelim, orada \u00e7\u00f6zelim. <\/strong><\/p>\n<p><strong>\u00a0\u00a0\u00a0\u00a0\u00a0\u00a0\u00a0 D\u00fcnyan\u0131n gelmi\u015f ge\u00e7mi\u015f en adi, s\u00f6m\u00fcr\u00fc politika \u00e7arklar\u0131ndan biri olan Milletler Cemiyeti\u2019nin zaten T\u00fcrkiye aleyhine karar verece\u011fi g\u00fcn gibi a\u015fik\u00e2rd\u0131. Fakat g\u00fc\u00e7s\u00fcz bir T\u00fcrkiye\u2019nin yapaca\u011f\u0131 pek fazla bir \u015fey yoktu. Musul b\u00f6ylece elimizden u\u00e7up gitti. <\/strong><\/p>\n<p><strong>\u00a0\u00a0\u00a0\u00a0\u00a0\u00a0\u00a0 Bug\u00fcne geldi\u011fimizde ise ta\u015flar\u0131n farkl\u0131 oynand\u0131\u011f\u0131n\u0131 \u00e7ok a\u00e7\u0131k ve net bir \u015fekilde g\u00f6rebiliyoruz. Bu da T\u00fcrkiye\u2019nin kom\u015fular\u0131yla olan meselelerine art\u0131k kar\u015f\u0131dan bakmamas\u0131 ile oluyor. Tarihi ba\u011flar\u0131 olan, bir yanda T\u00fcrkmen gruplar\u0131n oldu\u011fu Suriye, bir yanda neredeyse tamam\u0131 Arap-K\u00fcrt-T\u00fcrkmenlerden olu\u015fan Musul \u00e7ok \u00f6nemli yer te\u015fkil ediyor. <\/strong><\/p>\n<p><strong>\u00a0\u00a0\u00a0\u00a0\u00a0\u00a0\u00a0\u00a0 Bug\u00fcn ter\u00f6r \u00f6rg\u00fct\u00fc eliyle etkin g\u00fc\u00e7 olu\u015fturmaya \u00e7al\u0131\u015fan ABD ve di\u011fer bat\u0131l\u0131 m\u00fcttefikleri \u015eii a\u011f\u0131rl\u0131kl\u0131 bir yap\u0131 olu\u015fturmaya, S\u00fcnn\u00ee\u2019ler \u00fczerinde bask\u0131 olu\u015fturmaya \u00e7al\u0131\u015f\u0131yorlar. S\u00fcnn\u00ee-\u015eii \u00e7at\u0131\u015fmas\u0131 yarat\u0131larak b\u00f6lge karga\u015faya s\u00fcr\u00fcklenmek isteniyor. <\/strong><\/p>\n<p><strong>\u00a0\u00a0\u00a0\u00a0\u00a0\u00a0\u00a0\u00a0 T\u00fcrkiye de bunun \u00f6n\u00fcne ge\u00e7mek i\u00e7in b\u00f6lgeyi ter\u00f6r \u00f6rg\u00fctlerinden temizleyerek b\u00f6lgeyi s\u00fck\u00fbnete d\u00f6n\u00fc\u015ft\u00fcrmeye \u00e7al\u0131\u015f\u0131yor. Ald\u0131\u011f\u0131 milli ve yerli kararlarla hakl\u0131 kart oynayan T\u00fcrkiye BATI kar\u015f\u0131s\u0131nda etkin bir g\u00fc\u00e7 oynuyor. <\/strong><\/p>\n<p><strong>\u00a0\u00a0\u00a0\u00a0\u00a0\u00a0\u00a0 \u00a0\u00a0Sonu\u00e7 olarak T\u00fcrkiye hem kendi g\u00fcvenli\u011fi hem de tarihi ba\u011flar\u0131n\u0131 daha sa\u011flamla\u015ft\u0131rmak ad\u0131na etkin bir politika olu\u015fturmaya devam edecektir. ABD-BATI d\u00fcnyas\u0131 ve bunlar\u0131n eliyle binlerce insan\u0131 katleden b\u00f6lgedeki ter\u00f6r \u00f6rg\u00fctleri T\u00fcrkiye\u2019yi g\u00f6z ard\u0131 ederek ilerlemeleri m\u00fcmk\u00fcn de\u011fildir\u2026<\/strong><\/p>\n<p><strong>\u00a0\u00a0\u00a0\u00a0\u00a0\u00a0\u00a0\u00a0\u00a0\u00a0 \u0130BRAH\u0130M YAVUZ \u00a0\u00a0\u00a0\u00a0\u00a0\u00a0\u00a0<\/strong><\/p>\n","protected":false},"excerpt":{"rendered":"<p>\u00a0 \u00a0\u00a0\u00a0\u00a0 Ortado\u011fu\u2019da alan kapma yar\u0131\u015f\u0131 devam ediyor. Son g\u00fcnlerde g\u00f6zler Musul\u2019a \u00e7evrilmi\u015f durumda. Bir yanda b\u00f6lgede hakl\u0131 gerek\u00e7elerle b\u00f6lgede h\u00e2kim olmak derdinde olan T\u00fcrkiye, di\u011fer yanda genetiklerinde hi\u00e7bir zaman devlet olma h\u00fcviyetine sahip olmam\u0131\u015f, d\u00fcnyan\u0131n neresinde zengin yer alt\u0131 ve yer \u00fcst\u00fc kaynaklar varsa s\u00f6m\u00fcrme politikas\u0131n\u0131 uygulayan al\u00e7ak bat\u0131 sistemi\u2026 \u00a0\u00a0\u00a0\u00a0\u00a0\u00a0 Musul bulundu\u011fu b\u00f6lge &hellip;<\/p>\n","protected":false},"author":20,"featured_media":48521,"comment_status":"open","ping_status":"open","sticky":false,"template":"","format":"standard","meta":{"om_disable_all_campaigns":false,"_themeisle_gutenberg_block_has_review":false,"_joinchat":[],"footnotes":""},"categories":[38,57,43],"tags":[],"class_list":["post-16754","post","type-post","status-publish","format-standard","has-post-thumbnail","","category-guncel","category-ibrahim","category-yazarlar"],"_links":{"self":[{"href":"https:\/\/akincilardergisi.com\/tr\/wp-json\/wp\/v2\/posts\/16754","targetHints":{"allow":["GET"]}}],"collection":[{"href":"https:\/\/akincilardergisi.com\/tr\/wp-json\/wp\/v2\/posts"}],"about":[{"href":"https:\/\/akincilardergisi.com\/tr\/wp-json\/wp\/v2\/types\/post"}],"author":[{"embeddable":true,"href":"https:\/\/akincilardergisi.com\/tr\/wp-json\/wp\/v2\/users\/20"}],"replies":[{"embeddable":true,"href":"https:\/\/akincilardergisi.com\/tr\/wp-json\/wp\/v2\/comments?post=16754"}],"version-history":[{"count":0,"href":"https:\/\/akincilardergisi.com\/tr\/wp-json\/wp\/v2\/posts\/16754\/revisions"}],"wp:featuredmedia":[{"embeddable":true,"href":"https:\/\/akincilardergisi.com\/tr\/wp-json\/wp\/v2\/media\/48521"}],"wp:attachment":[{"href":"https:\/\/akincilardergisi.com\/tr\/wp-json\/wp\/v2\/media?parent=16754"}],"wp:term":[{"taxonomy":"category","embeddable":true,"href":"https:\/\/akincilardergisi.com\/tr\/wp-json\/wp\/v2\/categories?post=16754"},{"taxonomy":"post_tag","embeddable":true,"href":"https:\/\/akincilardergisi.com\/tr\/wp-json\/wp\/v2\/tags?post=16754"}],"curies":[{"name":"wp","href":"https:\/\/api.w.org\/{rel}","templated":true}]}}