{"id":16744,"date":"2016-10-24T01:39:06","date_gmt":"2016-10-23T22:39:06","guid":{"rendered":"http:\/\/akincilardergisi.com\/dergi\/?p=16744"},"modified":"2023-11-05T13:43:30","modified_gmt":"2023-11-05T10:43:30","slug":"yeni-turkiye-gencligi","status":"publish","type":"post","link":"https:\/\/akincilardergisi.com\/tr\/yeni-turkiye-gencligi\/","title":{"rendered":"YEN\u0130 T\u00dcRK\u0130YEN\u0130N KADROLARI"},"content":{"rendered":"<p>\u2018\u2019Yeni T\u00fcrkiye\u2019\u2019 do\u011fru, d\u00fcr\u00fcst, samimi ve ba\u015far\u0131l\u0131 devlet adamlar\u0131n\u0131n liderli\u011finde, \u00e7al\u0131\u015fkan ve her alanda iyi yeti\u015fmi\u015f, bu sistemin kir ve pisliklerinden ar\u0131nm\u0131\u015f yeni nesilden olu\u015fan kadrolar\u0131n omzunda y\u00fckselecektir.<\/p>\n<p>Bat\u0131l\u0131lar\u0131n kurgulad\u0131\u011f\u0131 ve hayata ge\u00e7irdi\u011fi Kemalist, laik ve din d\u00fc\u015fman\u0131 bir sistemin ve o sistemin yeti\u015ftirdi\u011fi, d\u00fc\u015fman\u0131na \u00e2\u015f\u0131k olmu\u015f kadrolar\u0131n art\u0131k Yeni T\u00fcrkiye\u2019ye zarardan ba\u015fka verece\u011fi hi\u00e7bir \u015fey kalmam\u0131\u015ft\u0131r. Ancak fikir ve d\u00fc\u015f\u00fcnce, eylem ve s\u00f6ylem, teori ve pratikte kendilerini de\u011fi\u015ftirenler ve Yeni T\u00fcrkiye ruhuna adayanlar hari\u00e7.<\/p>\n<p>Hz. Musa\u2019n\u0131n M\u0131s\u0131rdan Firavunun zulm\u00fcnden kurtard\u0131\u011f\u0131 K\u0131z\u0131ldenizden Sina yar\u0131m adas\u0131na ge\u00e7irerek b\u00fct\u00fcn bela ve musibetlere g\u00f6\u011f\u00fcs gerip sab\u0131r ederek kurtard\u0131\u011f\u0131 Beni \u0130srail\u2019in s\u0131fatlar\u0131n\u0131 y\u00fcre\u011finde ve kafas\u0131nda ta\u015f\u0131yan kadrolarla bir yere var\u0131lamaz.<\/p>\n<p>\u2018\u2019Yeni T\u00fcrkiye hareketi\u2019\u2019 eskimeyen yeniye talip yani; \u0130slam medeniyet ve k\u00fclt\u00fcr\u00fcn\u00fc ku\u015fanan inanm\u0131\u015f gen\u00e7 kadrolar\u0131n omzunda y\u00fckselecek ve gelece\u011fe ta\u015f\u0131nacakt\u0131r.<\/p>\n<p>\u0130\u015fte d\u00fc\u015fmanlar\u0131m\u0131z\u0131n geli\u015finden korktu\u011fu, Hz Musa gibi daha do\u011fmadan ana rahminde iken Firavunlar\u0131n ve Firavun soylular\u0131n \u00f6ld\u00fcrmek istedi\u011fi MUSA budur.<\/p>\n<p>Yeniden \u00e7a\u011f a\u00e7\u0131p kapayacak, tarih yazacak, medeniyet ve k\u00fclt\u00fcr\u00fcm\u00fcz\u00fc zamana ve mek\u00e2na h\u00e2kim k\u0131lacak yery\u00fcz\u00fcn\u00fcn y\u00fcz ak\u0131 M\u00fcsl\u00fcmanlar Yeni T\u00fcrkiye Hareketine g\u00f6n\u00fcl vermi\u015f gen\u00e7li\u011fimizdir.<\/p>\n<p>Gen\u00e7li\u011fimizi bu ruh ve d\u00fc\u015f\u00fcnce i\u00e7inde yeti\u015ftirmek, zaman\u0131n ve gelece\u011fin \u00e7etin \u015fartlar\u0131na haz\u0131rlamak her anne ve baban\u0131n, her sivil toplum \u00f6rg\u00fct\u00fcn\u00fcn birinci \u00f6ncelikli g\u00f6revi ve i\u015fi olmal\u0131d\u0131r.<\/p>\n<p>&#8221;Yeni T\u00fcrkiye ruhu&#8221; b\u00f6yle olmam\u0131z\u0131, b\u00f6yle davranmam\u0131z\u0131, b\u00f6yle haz\u0131rlanmam\u0131z\u0131 gerektirir. Yoksa ge\u00e7mi\u015f zaman\u0131n \u00e7\u00f6pl\u00fc\u011f\u00fcnde, \u015fimdi zaman\u0131n karga\u015fas\u0131nda ve gelecek zaman\u0131n hayalleriyle yerimizde say\u0131p oyalan\u0131p dururuz.<\/p>\n","protected":false},"excerpt":{"rendered":"<p>\u2018\u2019Yeni T\u00fcrkiye\u2019\u2019 do\u011fru, d\u00fcr\u00fcst, samimi ve ba\u015far\u0131l\u0131 devlet adamlar\u0131n\u0131n liderli\u011finde, \u00e7al\u0131\u015fkan ve her alanda iyi yeti\u015fmi\u015f, bu sistemin kir ve pisliklerinden ar\u0131nm\u0131\u015f yeni nesilden olu\u015fan kadrolar\u0131n omzunda y\u00fckselecektir. Bat\u0131l\u0131lar\u0131n kurgulad\u0131\u011f\u0131 ve hayata ge\u00e7irdi\u011fi Kemalist, laik ve din d\u00fc\u015fman\u0131 bir sistemin ve o sistemin yeti\u015ftirdi\u011fi, d\u00fc\u015fman\u0131na \u00e2\u015f\u0131k olmu\u015f kadrolar\u0131n art\u0131k Yeni T\u00fcrkiye\u2019ye zarardan ba\u015fka verece\u011fi hi\u00e7bir &hellip;<\/p>\n","protected":false},"author":2,"featured_media":48521,"comment_status":"open","ping_status":"open","sticky":false,"template":"","format":"standard","meta":{"om_disable_all_campaigns":false,"_themeisle_gutenberg_block_has_review":false,"_joinchat":[],"footnotes":""},"categories":[49,1,43],"tags":[],"class_list":["post-16744","post","type-post","status-publish","format-standard","has-post-thumbnail","","category-arif","category-genel","category-yazarlar"],"_links":{"self":[{"href":"https:\/\/akincilardergisi.com\/tr\/wp-json\/wp\/v2\/posts\/16744","targetHints":{"allow":["GET"]}}],"collection":[{"href":"https:\/\/akincilardergisi.com\/tr\/wp-json\/wp\/v2\/posts"}],"about":[{"href":"https:\/\/akincilardergisi.com\/tr\/wp-json\/wp\/v2\/types\/post"}],"author":[{"embeddable":true,"href":"https:\/\/akincilardergisi.com\/tr\/wp-json\/wp\/v2\/users\/2"}],"replies":[{"embeddable":true,"href":"https:\/\/akincilardergisi.com\/tr\/wp-json\/wp\/v2\/comments?post=16744"}],"version-history":[{"count":0,"href":"https:\/\/akincilardergisi.com\/tr\/wp-json\/wp\/v2\/posts\/16744\/revisions"}],"wp:featuredmedia":[{"embeddable":true,"href":"https:\/\/akincilardergisi.com\/tr\/wp-json\/wp\/v2\/media\/48521"}],"wp:attachment":[{"href":"https:\/\/akincilardergisi.com\/tr\/wp-json\/wp\/v2\/media?parent=16744"}],"wp:term":[{"taxonomy":"category","embeddable":true,"href":"https:\/\/akincilardergisi.com\/tr\/wp-json\/wp\/v2\/categories?post=16744"},{"taxonomy":"post_tag","embeddable":true,"href":"https:\/\/akincilardergisi.com\/tr\/wp-json\/wp\/v2\/tags?post=16744"}],"curies":[{"name":"wp","href":"https:\/\/api.w.org\/{rel}","templated":true}]}}