{"id":15775,"date":"2016-09-21T08:57:47","date_gmt":"2016-09-21T05:57:47","guid":{"rendered":"http:\/\/akincilardergisi.com\/dergi\/?p=15775"},"modified":"2023-11-05T13:43:31","modified_gmt":"2023-11-05T10:43:31","slug":"insanin-ve-cografyanin-dirilisi","status":"publish","type":"post","link":"https:\/\/akincilardergisi.com\/tr\/insanin-ve-cografyanin-dirilisi\/","title":{"rendered":"\u0130NSANIN VE CO\u011eRAFYANIN D\u0130R\u0130L\u0130\u015e\u0130"},"content":{"rendered":"<p><strong>\u00a0<\/strong><\/p>\n<p>Yak\u0131n tarihimizde oldu\u011fu gibi hi\u00e7bir \u00fclkenin kahraman diye \u00f6ne \u00e7\u0131kard\u0131\u011f\u0131, kutsad\u0131\u011f\u0131, tap\u0131nd\u0131\u011f\u0131 kendi halk\u0131na zulmeden milli m\u00fcnaf\u0131klar\u0131 yoktur.<\/p>\n<p>Bir \u00fclkenin tarihi o \u00fclkenin diktat\u00f6rleri taraf\u0131ndan sipari\u015f verilerek kendi ideolojik kotlar\u0131na g\u00f6re, hakikatten ar\u0131nd\u0131r\u0131l\u0131p tek tarafl\u0131 yazd\u0131r\u0131lsa o tarihe g\u00fcvenilmez ve ondan ger\u00e7ek bir tarih olarak da\u00a0bahsedilemez. Yalanlardan,\u00a0hakikatle uyu\u015fmayan olaylardan, masallardan, hikayelerden \u00fcretilen tarih\u00a0 denilemez.<\/p>\n<p>Tarih, bir milletin iyi ve k\u00f6t\u00fc ya\u015fad\u0131\u011f\u0131 t\u00fcm olaylar zincirinin toplam\u0131d\u0131r.\u00a0 Yoksa o milletin ya\u015fad\u0131\u011f\u0131 tarihi ve ger\u00e7e\u011fi olamaz. Tarihin ger\u00e7ekleriyle oynamak bir milletin geneti\u011fi ile oynamaktan farks\u0131zd\u0131r.<\/p>\n<p>Tarihi ger\u00e7ekleri \u00f6rtbas etmek, gizlemek, saklamak, tahrif etmek, asl\u0131ndan farkl\u0131 g\u00f6stermek bir millete yap\u0131lacak en b\u00fcy\u00fck hakarettir.<\/p>\n<p>Cumhuriyet d\u00f6nemi tarihimiz\u00a0her y\u00f6n\u00fc ve cephesiyle bir\u00e7ok kara leke ve karanl\u0131k \u00e7ukurlar\u0131 bar\u0131nd\u0131ran bir uzay bo\u015flu\u011fu gibidir. Bilginin da\u011fdaki \u00e7obana ve ma\u011faradaki insana bile \u0131\u015f\u0131k h\u0131z\u0131yla ula\u015ft\u0131\u011f\u0131 \u00e7a\u011f\u0131m\u0131zda\u00a0T\u00fcrkiyede kozmik odalarda hala milletten\u00a0gizlenen bir\u00e7ok tarihi ger\u00e7ekler ve\u00a0 bilgiler\u00a0anayasadaki baz\u0131 ilkel kanunlardan dolay\u0131 hala s\u00f6ylenemiyor. Bize tarih diye tarihimiz ters y\u00fcz edilerek okutuluyorsa, oturup ne halde oldu\u011fumuzu kara kara d\u00fc\u015f\u00fcnmeliyiz.<\/p>\n<p>Bu ne korku, bu ne tela\u015f, bu ne ba\u011fnazl\u0131kt\u0131r b\u00f6yle ki d\u00fcnyada hi\u00e7 bir ilkede e\u015fi benzeri yoktur.<\/p>\n<p>\u0130slam \u00fcmmeti kendi milli m\u00fcnaf\u0131klar\u0131ndan kurtulmadan ne ba\u011f\u0131ms\u0131zl\u0131\u011f\u0131na, ne \u00f6zg\u00fcrl\u00fc\u011f\u00fcne ve ne de kendi medeniyet ve k\u00fclt\u00fcr de\u011ferlerine\u00a0 ula\u015famaz. Eli kolu, d\u00fc\u015f ve d\u00fc\u015f\u00fcnceleri ba\u011fl\u0131 bir milletin k\u00fclt\u00fcr, edebiyat, sanat ve medeniyet diye bir kayg\u0131s\u0131 ve sevdas\u0131 da olamaz. \u00f6zg\u00fcrl\u00fck olmad\u0131\u011f\u0131 yerde sanat, edebiyat ve medeniyet olmaz.<\/p>\n<p>Kelimeyi Tevhitte oldu\u011fu gibi M\u00fcsl\u00fcman \u00f6nce, \u2018\u2019LA \u0130LAHE\u2019\u2019 diyerek sahte kurtar\u0131c\u0131 ve ilahlar\u0131n\u0131 k\u00fclliyyen reddetmek, daha sonra inan\u00e7la, imanla, sadakat ve b\u00fct\u00fcn samimiyeti ile \u2018\u2019\u0130llallah\u2019\u2019 diyerek Allaha ba\u011flanmakla, Allaha g\u00fcvenmekle ve Allah\u2019\u0131n yoluna girmekle kendi putperst ve ataistlerinin bela ve musibetinden\u00a0kurtulabilir.<\/p>\n<p>\u0130slam alemi\u2019nin ve \u00fclke\u2019mizin ger\u00e7ek kurtulu\u015fu, uyan\u0131\u015f\u0131 ve aya\u011fa kalk\u0131\u015f\u0131 Allaha ve Rasul\u00fcne ba\u011fland\u0131\u011f\u0131, \u00e7a\u011fda\u015f putlardan ve putperestlerden ar\u0131nd\u0131\u011f\u0131 g\u00fcnd\u00fcr. \u00dclkemizde ve t\u00fcm \u0130slam aleminde zaman ve mekan\u0131n, insan\u0131m\u0131z ve co\u011frafyam\u0131z\u0131n uyanaca\u011f\u0131 Hakka ve hakikate y\u00f6nelece\u011fi \u00fcmmetin dirili\u015f g\u00fcn\u00fc\u00a0 yapay putlardan ve putperestlerden ar\u0131nd\u0131\u011f\u0131 g\u00fcnd\u00fcr. Kurulu\u015f ve dirili\u015f o g\u00fcnden itibaren ba\u015flayacakt\u0131r.<\/p>\n<p>\u2018\u2019Ya Allah Bismillah\u2019\u2019, \u00a0\u2018\u2019 Allah Ekber, Peygamber rehber\u2019\u2019 diyerek\u2026<\/p>\n","protected":false},"excerpt":{"rendered":"<p>\u00a0 Yak\u0131n tarihimizde oldu\u011fu gibi hi\u00e7bir \u00fclkenin kahraman diye \u00f6ne \u00e7\u0131kard\u0131\u011f\u0131, kutsad\u0131\u011f\u0131, tap\u0131nd\u0131\u011f\u0131 kendi halk\u0131na zulmeden milli m\u00fcnaf\u0131klar\u0131 yoktur. Bir \u00fclkenin tarihi o \u00fclkenin diktat\u00f6rleri taraf\u0131ndan sipari\u015f verilerek kendi ideolojik kotlar\u0131na g\u00f6re, hakikatten ar\u0131nd\u0131r\u0131l\u0131p tek tarafl\u0131 yazd\u0131r\u0131lsa o tarihe g\u00fcvenilmez ve ondan ger\u00e7ek bir tarih olarak da\u00a0bahsedilemez. Yalanlardan,\u00a0hakikatle uyu\u015fmayan olaylardan, masallardan, hikayelerden \u00fcretilen tarih\u00a0 denilemez. &hellip;<\/p>\n","protected":false},"author":2,"featured_media":48521,"comment_status":"open","ping_status":"open","sticky":false,"template":"","format":"standard","meta":{"om_disable_all_campaigns":false,"_themeisle_gutenberg_block_has_review":false,"_joinchat":[],"footnotes":""},"categories":[49,38,43],"tags":[],"class_list":["post-15775","post","type-post","status-publish","format-standard","has-post-thumbnail","","category-arif","category-guncel","category-yazarlar"],"_links":{"self":[{"href":"https:\/\/akincilardergisi.com\/tr\/wp-json\/wp\/v2\/posts\/15775","targetHints":{"allow":["GET"]}}],"collection":[{"href":"https:\/\/akincilardergisi.com\/tr\/wp-json\/wp\/v2\/posts"}],"about":[{"href":"https:\/\/akincilardergisi.com\/tr\/wp-json\/wp\/v2\/types\/post"}],"author":[{"embeddable":true,"href":"https:\/\/akincilardergisi.com\/tr\/wp-json\/wp\/v2\/users\/2"}],"replies":[{"embeddable":true,"href":"https:\/\/akincilardergisi.com\/tr\/wp-json\/wp\/v2\/comments?post=15775"}],"version-history":[{"count":0,"href":"https:\/\/akincilardergisi.com\/tr\/wp-json\/wp\/v2\/posts\/15775\/revisions"}],"wp:featuredmedia":[{"embeddable":true,"href":"https:\/\/akincilardergisi.com\/tr\/wp-json\/wp\/v2\/media\/48521"}],"wp:attachment":[{"href":"https:\/\/akincilardergisi.com\/tr\/wp-json\/wp\/v2\/media?parent=15775"}],"wp:term":[{"taxonomy":"category","embeddable":true,"href":"https:\/\/akincilardergisi.com\/tr\/wp-json\/wp\/v2\/categories?post=15775"},{"taxonomy":"post_tag","embeddable":true,"href":"https:\/\/akincilardergisi.com\/tr\/wp-json\/wp\/v2\/tags?post=15775"}],"curies":[{"name":"wp","href":"https:\/\/api.w.org\/{rel}","templated":true}]}}