{"id":15093,"date":"2016-08-26T00:05:43","date_gmt":"2016-08-25T21:05:43","guid":{"rendered":"http:\/\/akincilardergisi.com\/dergi\/?p=15093"},"modified":"2023-11-05T13:26:26","modified_gmt":"2023-11-05T10:26:26","slug":"ingiliz-projeleri-3","status":"publish","type":"post","link":"https:\/\/akincilardergisi.com\/tr\/ingiliz-projeleri-3\/","title":{"rendered":"\u0130NG\u0130L\u0130Z PROJELER\u0130 (3)"},"content":{"rendered":"<p><strong>\u00a0 \u00a0 \u00a0 Sultan Abd\u00fclhamid art\u0131k tahttan indirilmi\u015fti. K\u00fcresel emperyalist devletler art\u0131k tamamen Osmanl\u0131\u2019n\u0131n \u00fczerine y\u00fcr\u00fcyeceklerdi. B\u00fct\u00fcn bu devletler d\u00fc\u015fmanl\u0131klar\u0131 unutup Osmanl\u0131y\u0131 yok etmek i\u00e7in bir araya geliyorlard\u0131. Sene 1915\u2026 \u00c7anakkale\u2026 Ele ge\u00e7irseler idi \u0130stanbul\u2019u zaptu rapt alt\u0131na alacaklard\u0131. Milletimizin geneti\u011fi buna izin vermedi. \u00dc\u00e7 nesilin birden sava\u015ft\u0131\u011f\u0131 \u00c7anakkale ge\u00e7ilmedi. Onun ard\u0131ndan Kut\u2019ul Amare geldi. Milletimiz \u0130ngilizlere bir ders de burada verdi. \u0130ngilizler i\u00e7in y\u00fcz karas\u0131 bir h\u00fcsrand\u0131 bu. Ancak biz bu kutlamay\u0131 1950\u2019lerde NATO\u2019ya dahil olmak ad\u0131na \u0130ngilizler\u2019e yamanmak i\u00e7in adeta kald\u0131rd\u0131k.<\/strong><\/p>\n<p><strong>\u00a0\u00a0\u00a0\u00a0\u00a0 Mondros derken \u00dclke i\u015fgale maruz kald\u0131. Bir g\u00fcnah ke\u00e7isi Yunanl\u0131lar kar\u015f\u0131m\u0131za \u00e7\u0131kar\u0131ld\u0131. Koskoca Osmanl\u0131n\u0131n d\u00fc\u015fman\u0131 n\u00fcfusu bir milyonu bulmayan Yunanl\u0131lar olmu\u015ftu. Onlar orada Ortado\u011fu\u2019yu payla\u015f\u0131rlarken biz burada g\u00fcya Yunanl\u0131larla sava\u015f\u0131yorduk. Lozan\u2026 Osmanl\u0131\u2019n\u0131n tarihe kar\u0131\u015fmas\u0131n\u0131n adeta kabul edilmesi\u2026 Elden giden topraklar. Saltanat\u0131n kald\u0131r\u0131lmas\u0131 ve halifeli\u011fin kald\u0131r\u0131lmas\u0131 derken kay\u0131p giden devlet felsefemiz. <\/strong><\/p>\n<p><strong>\u00a0\u00a0\u00a0\u00a0\u00a0\u00a0 Bug\u00fcn yap\u0131lanlar hi\u00e7 farkl\u0131 de\u011fil. Ak parti iktidara geldikten sonra K\u00fcresel sistemin vah\u015fi temsilcileri bir kez daha tutu\u015ftular. Tayyip Erdo\u011fans\u0131z bir T\u00fcrkiye isteniyordu. \u00d6ncelikle bir \u015fiir y\u00fcz\u00fcnden i\u00e7eriye att\u0131lar. Ama h\u00fckm\u00fc bunlar yazm\u0131yordu ha\u015fa. \u0130lk se\u00e7imde Ak Parti iktidar, Tayyip Erdo\u011fan da Ba\u015fbakan oldu. <\/strong><\/p>\n<p><strong>\u00a0\u00a0\u00a0\u00a0\u00a0\u00a0\u00a0 Yetmedi. Bu sefer kapatma davas\u0131 a\u00e7t\u0131lar. Her zamanki kartlar\u0131n\u0131 yine oynuyorlard\u0131. Yar\u0131m metre bez ve \u0130mam Hatipliler \u00fczerinden t\u0131rpanlamaya devam ediyorlard\u0131. Bu da tutmad\u0131. Sonras\u0131nda 17-25 Aral\u0131k ve bu da olmay\u0131nca \u00fc\u00e7 be\u015f a\u011fa\u00e7 i\u00e7in ortaya \u00e7\u0131kar\u0131lan Gezi Olaylar\u0131\u2026 <\/strong><\/p>\n<p><strong>\u00a0\u00a0\u00a0\u00a0\u00a0\u00a0\u00a0 Nihayetinde 15 Temmuz\u2026 Hem bu \u00fclkenin Cumhurba\u015fkan\u0131 ve ailesine, hem parlamentosuna, t\u00fcm dini, k\u00fclt\u00fcrel, etnik de\u011ferlerine darbe yap\u0131lmaya \u00e7al\u0131\u015f\u0131ld\u0131. Ama tutmad\u0131 i\u015fte karde\u015fim tutmad\u0131. Hesap yapan siz de\u011filsiniz. Bre Allah\u2019s\u0131z kitaps\u0131zlar kensi ya\u015fad\u0131\u011f\u0131n\u0131z topraklara bunu nas\u0131l yapabiliyorsunuz siz. Nesi yetmedi bu devletin size. Daha ne yaps\u0131n! <\/strong><\/p>\n<p><strong>\u00a0\u00a0\u00a0\u00a0\u00a0\u00a0\u00a0 Ama olmad\u0131 i\u015fte, ne yapsan\u0131z da olmayacak. Hesab\u0131 ancak Allah yapar. Abd\u00fclhamid\u2019i al\u00e7ak\u00e7a su\u00e7lamalarla ald\u0131n\u0131z g\u00f6t\u00fcrd\u00fcn\u00fcz belki ama bu sefer olmayacak. Atmaya \u00e7al\u0131\u015ft\u0131\u011f\u0131n\u0131z diki\u015f bu sefer tutmad\u0131. <\/strong><\/p>\n<p><strong>\u00a0\u00a0\u00a0\u00a0\u00a0\u00a0\u00a0 Allah devletimize ve milletimize zeval vermesin. Selam ve dua ile\u2026<\/strong><\/p>\n<p><strong>\u00a0\u00a0\u00a0\u00a0\u00a0\u00a0\u00a0 \u0130BRAH\u0130M YAVUZ<\/strong><\/p>\n","protected":false},"excerpt":{"rendered":"<p>\u00a0 \u00a0 \u00a0 Sultan Abd\u00fclhamid art\u0131k tahttan indirilmi\u015fti. K\u00fcresel emperyalist devletler art\u0131k tamamen Osmanl\u0131\u2019n\u0131n \u00fczerine y\u00fcr\u00fcyeceklerdi. B\u00fct\u00fcn bu devletler d\u00fc\u015fmanl\u0131klar\u0131 unutup Osmanl\u0131y\u0131 yok etmek i\u00e7in bir araya geliyorlard\u0131. Sene 1915\u2026 \u00c7anakkale\u2026 Ele ge\u00e7irseler idi \u0130stanbul\u2019u zaptu rapt alt\u0131na alacaklard\u0131. Milletimizin geneti\u011fi buna izin vermedi. \u00dc\u00e7 nesilin birden sava\u015ft\u0131\u011f\u0131 \u00c7anakkale ge\u00e7ilmedi. Onun ard\u0131ndan Kut\u2019ul Amare geldi. &hellip;<\/p>\n","protected":false},"author":20,"featured_media":48521,"comment_status":"open","ping_status":"open","sticky":false,"template":"","format":"standard","meta":{"om_disable_all_campaigns":false,"_themeisle_gutenberg_block_has_review":false,"_joinchat":[],"footnotes":""},"categories":[38,57,43],"tags":[],"class_list":["post-15093","post","type-post","status-publish","format-standard","has-post-thumbnail","","category-guncel","category-ibrahim","category-yazarlar"],"_links":{"self":[{"href":"https:\/\/akincilardergisi.com\/tr\/wp-json\/wp\/v2\/posts\/15093","targetHints":{"allow":["GET"]}}],"collection":[{"href":"https:\/\/akincilardergisi.com\/tr\/wp-json\/wp\/v2\/posts"}],"about":[{"href":"https:\/\/akincilardergisi.com\/tr\/wp-json\/wp\/v2\/types\/post"}],"author":[{"embeddable":true,"href":"https:\/\/akincilardergisi.com\/tr\/wp-json\/wp\/v2\/users\/20"}],"replies":[{"embeddable":true,"href":"https:\/\/akincilardergisi.com\/tr\/wp-json\/wp\/v2\/comments?post=15093"}],"version-history":[{"count":0,"href":"https:\/\/akincilardergisi.com\/tr\/wp-json\/wp\/v2\/posts\/15093\/revisions"}],"wp:featuredmedia":[{"embeddable":true,"href":"https:\/\/akincilardergisi.com\/tr\/wp-json\/wp\/v2\/media\/48521"}],"wp:attachment":[{"href":"https:\/\/akincilardergisi.com\/tr\/wp-json\/wp\/v2\/media?parent=15093"}],"wp:term":[{"taxonomy":"category","embeddable":true,"href":"https:\/\/akincilardergisi.com\/tr\/wp-json\/wp\/v2\/categories?post=15093"},{"taxonomy":"post_tag","embeddable":true,"href":"https:\/\/akincilardergisi.com\/tr\/wp-json\/wp\/v2\/tags?post=15093"}],"curies":[{"name":"wp","href":"https:\/\/api.w.org\/{rel}","templated":true}]}}