{"id":14756,"date":"2016-08-19T00:12:22","date_gmt":"2016-08-18T21:12:22","guid":{"rendered":"http:\/\/akincilardergisi.com\/dergi\/?p=14756"},"modified":"2023-11-05T13:26:26","modified_gmt":"2023-11-05T10:26:26","slug":"ingiliz-projeleri","status":"publish","type":"post","link":"https:\/\/akincilardergisi.com\/tr\/ingiliz-projeleri\/","title":{"rendered":"\u0130NG\u0130L\u0130Z PROJELER\u0130"},"content":{"rendered":"<p><strong>\u0130NG\u0130L\u0130Z PROJELER\u0130<\/strong><\/p>\n<p><strong>\u00a0\u00a0\u00a0\u00a0\u00a0 Avrupa Sanayi devrimini tamamlam\u0131\u015ft\u0131. B\u00fct\u00fcn Avrupa\u2019da fabrikalar\u0131n bacalar\u0131 t\u00fct\u00fcyordu. Her \u015fey yolundayd\u0131. Ancak bu devaml\u0131l\u0131\u011f\u0131n sa\u011flanmas\u0131, bacalar\u0131n t\u00fctmesinin devam\u0131 i\u00e7in enerjiye ihtiya\u00e7 vard\u0131. K\u00f6m\u00fcr bu ihtiyac\u0131 kar\u015f\u0131lamaktan art\u0131k geri kal\u0131yordu. Bunun i\u00e7in yeni kaynaklara ihtiya\u00e7 vard\u0131. \u00dczerine \u00e7\u00f6k\u00fclecek co\u011frafya belliydi. Osmanl\u0131\u2026<\/strong><\/p>\n<p><strong>\u00a0\u00a0\u00a0\u00a0\u00a0\u00a0 Osmanl\u0131 topraklar\u0131 enerji yataklar\u0131 bak\u0131m\u0131ndan m\u00fcthi\u015f bir potansiyele sahipti. Bunu f\u0131rsat olarak g\u00f6ren EMPERYAL\u0130ST BATI 1815 Viyana Kongresi\u2019nde topland\u0131. Kongrede ilk s\u00f6z\u00fc Rus delegasyonu ald\u0131. Osmanl\u0131 Devleti\u2019nin en b\u00fcy\u00fck g\u00fcc\u00fcn\u00fcn hilafet makam\u0131 oldu\u011funu s\u00f6yledi. Elindeki tesbihi de g\u00f6stererek nas\u0131l bu imameyi kopard\u0131\u011f\u0131m\u0131zda bu taneler da\u011f\u0131l\u0131yorsa, Osmanl\u0131\u2019y\u0131 bu imame misali ba\u015fs\u0131z b\u0131rak\u0131rsak bu topluluklar da\u011f\u0131l\u0131r ve buradaki petrol\u00fc kolayca fabrikalar\u0131m\u0131za ta\u015f\u0131r\u0131z diyordu.<\/strong><\/p>\n<p><strong>\u00a0\u00a0\u00a0\u00a0\u00a0\u00a0 Bunun ilk ad\u0131m\u0131 olarak Osmanl\u0131\u2019y\u0131 kendilerine benzetmek, kendi de\u011ferlerine yabanc\u0131la\u015ft\u0131rmak, Osmanl\u0131\u2019y\u0131 ba\u011fl\u0131 bulundu\u011fu aidiyet ba\u011f\u0131ndan kopararak i\u015fe ba\u015flamalar\u0131 gerekti\u011fini biliyorlard\u0131. Bunun i\u00e7in i\u015fe hilafet vasf\u0131n\u0131 elinde bulunduran padi\u015fah\u0131 bu kendi de\u011ferlerinden uzak tutarak ba\u015flamalar\u0131 gerekiyordu. \u00d6yle de yapt\u0131lar. Devletin ba\u015f\u0131nda Sultan II. Mahmud vard\u0131. Padi\u015fahl\u0131k yapt\u0131\u011f\u0131 31 y\u0131l boyunca s\u00fcrekli BATI\u2019ya yara\u015fmak i\u00e7in reformlar yap\u0131yordu. Sultan\u2019\u0131n bu seferki hedefi YEN\u0130\u00c7ER\u0130 OCA\u011eI\u2019yd\u0131. Bu oca\u011f\u0131 kald\u0131rd\u0131 yerine Asakir-i Mansure-i Muhammediye\u2019yi kurdu. Bu olaya tarihte VAKAY-I HAYR\u0130YE ad\u0131 verildi. Bunu bat\u0131 i\u00e7in mi yap\u0131yordu yoksa devletin i\u00e7erisinde yap\u0131lanm\u0131\u015f bu unsurlar\u0131 temizlemek i\u00e7in mi yap\u0131yordu! Oras\u0131 tart\u0131\u015f\u0131l\u0131r\u2026<\/strong><\/p>\n<p><strong>\u00a0 Sultan Mahmud 1839\u2019da rahats\u0131zlanm\u0131\u015ft\u0131. Han\u0131m\u0131 Bezmialem Sultan da e\u015finin yan\u0131ndan bir an olsun ayr\u0131lm\u0131yordu. Tabi bu arada devlet i\u015fleri aksamazd\u0131. Baz\u0131lar\u0131 padi\u015fah\u0131n \u00e7abuk \u00f6lmesini bekliyorlard\u0131. Padi\u015faha yak\u0131n olanlar buna giri\u015febilecek olanlara kar\u015f\u0131 durdular.<\/strong><\/p>\n<p><strong>\u00a0\u00a0\u00a0\u00a0\u00a0\u00a0 Bir yanda H\u00fcsrev Pa\u015fa\u2019n\u0131n di\u011fer yanda o\u011flu Abd\u00fclmecid\u2019in b\u00f6yle bir plan\u0131 oldu\u011fu d\u00fc\u015f\u00fcn\u00fcl\u00fcyordu. Koca H\u00fcsrev ve onun yanda\u015flar\u0131 devlet i\u015fleri beklemeye gelmez bahanesiyle Sultan Mahmud\u2019un tahttan indirilmesini, yerine de o\u011flu Abd\u00fclmecid\u2019in gelmesi konusunda fetva almaya \u00e7al\u0131\u015f\u0131yorlard\u0131. <\/strong><\/p>\n<p><strong>\u00a0\u00a0\u00a0\u00a0\u00a0\u00a0\u00a0 Koca H\u00fcsrev bu kumpas\u0131 derhal Abd\u00fclmecid\u2019e ve annesi Bezmialem Sultan\u2019a haber verdi. \u00d6lmek \u00fczere olan yataktaki padi\u015fah bu y\u00fczden o\u011flu ve han\u0131m\u0131na darg\u0131n bir vaziyette vefat etti. Sultan Mahmud vefat edince yerine o\u011flu Abd\u00fclmecid ge\u00e7ti. Yenilik\u00e7i bir padi\u015fah. TAM DA \u0130NG\u0130L\u0130ZLER\u0130N SEVD\u0130\u011e\u0130 G\u0130B\u0130. Osmanl\u0131 Devleti ilk kez d\u0131\u015far\u0131dan bor\u00e7 alacakt\u0131 1854\u2019te \u0130NG\u0130LTERE\u2019den. \u0130ngiliz plan\u0131 i\u015fliyordu haliyle. Bu parayla Sultan Abd\u00fclmecid DOLMABAH\u00c7E SARAYI\u2019NI yapt\u0131rd\u0131. \u0130htiya\u00e7 i\u00e7in al\u0131nan para nereye kullan\u0131lm\u0131\u015ft\u0131\u2026<\/strong><\/p>\n<p><strong>\u00a0\u00a0\u00a0\u00a0\u00a0\u00a0\u00a0 Devam edece\u011fiz\u2026 Selam ve dua ile.<\/strong><\/p>\n<p><strong>\u00a0\u00a0\u00a0\u00a0\u00a0\u00a0\u00a0 \u0130BRAH\u0130M YAVUZ<\/strong><\/p>\n","protected":false},"excerpt":{"rendered":"<p>\u0130NG\u0130L\u0130Z PROJELER\u0130 \u00a0\u00a0\u00a0\u00a0\u00a0 Avrupa Sanayi devrimini tamamlam\u0131\u015ft\u0131. B\u00fct\u00fcn Avrupa\u2019da fabrikalar\u0131n bacalar\u0131 t\u00fct\u00fcyordu. Her \u015fey yolundayd\u0131. Ancak bu devaml\u0131l\u0131\u011f\u0131n sa\u011flanmas\u0131, bacalar\u0131n t\u00fctmesinin devam\u0131 i\u00e7in enerjiye ihtiya\u00e7 vard\u0131. K\u00f6m\u00fcr bu ihtiyac\u0131 kar\u015f\u0131lamaktan art\u0131k geri kal\u0131yordu. Bunun i\u00e7in yeni kaynaklara ihtiya\u00e7 vard\u0131. \u00dczerine \u00e7\u00f6k\u00fclecek co\u011frafya belliydi. Osmanl\u0131\u2026 \u00a0\u00a0\u00a0\u00a0\u00a0\u00a0 Osmanl\u0131 topraklar\u0131 enerji yataklar\u0131 bak\u0131m\u0131ndan m\u00fcthi\u015f bir potansiyele sahipti. Bunu &hellip;<\/p>\n","protected":false},"author":20,"featured_media":48521,"comment_status":"open","ping_status":"open","sticky":false,"template":"","format":"standard","meta":{"om_disable_all_campaigns":false,"_themeisle_gutenberg_block_has_review":false,"_joinchat":[],"footnotes":""},"categories":[38,57,43],"tags":[],"class_list":["post-14756","post","type-post","status-publish","format-standard","has-post-thumbnail","","category-guncel","category-ibrahim","category-yazarlar"],"_links":{"self":[{"href":"https:\/\/akincilardergisi.com\/tr\/wp-json\/wp\/v2\/posts\/14756","targetHints":{"allow":["GET"]}}],"collection":[{"href":"https:\/\/akincilardergisi.com\/tr\/wp-json\/wp\/v2\/posts"}],"about":[{"href":"https:\/\/akincilardergisi.com\/tr\/wp-json\/wp\/v2\/types\/post"}],"author":[{"embeddable":true,"href":"https:\/\/akincilardergisi.com\/tr\/wp-json\/wp\/v2\/users\/20"}],"replies":[{"embeddable":true,"href":"https:\/\/akincilardergisi.com\/tr\/wp-json\/wp\/v2\/comments?post=14756"}],"version-history":[{"count":0,"href":"https:\/\/akincilardergisi.com\/tr\/wp-json\/wp\/v2\/posts\/14756\/revisions"}],"wp:featuredmedia":[{"embeddable":true,"href":"https:\/\/akincilardergisi.com\/tr\/wp-json\/wp\/v2\/media\/48521"}],"wp:attachment":[{"href":"https:\/\/akincilardergisi.com\/tr\/wp-json\/wp\/v2\/media?parent=14756"}],"wp:term":[{"taxonomy":"category","embeddable":true,"href":"https:\/\/akincilardergisi.com\/tr\/wp-json\/wp\/v2\/categories?post=14756"},{"taxonomy":"post_tag","embeddable":true,"href":"https:\/\/akincilardergisi.com\/tr\/wp-json\/wp\/v2\/tags?post=14756"}],"curies":[{"name":"wp","href":"https:\/\/api.w.org\/{rel}","templated":true}]}}