{"id":14725,"date":"2016-08-18T07:42:59","date_gmt":"2016-08-18T04:42:59","guid":{"rendered":"http:\/\/akincilardergisi.com\/dergi\/?p=14725"},"modified":"2023-11-05T13:43:36","modified_gmt":"2023-11-05T10:43:36","slug":"firavun-mantigi","status":"publish","type":"post","link":"https:\/\/akincilardergisi.com\/tr\/firavun-mantigi\/","title":{"rendered":"Firavun mant\u0131\u011f\u0131"},"content":{"rendered":"<p><a href=\"http:\/\/akincilardergisi.com\/dergi\/wp-content\/uploads\/altunbas.jpg\"><img loading=\"lazy\" decoding=\"async\" class=\"alignnone size-medium wp-image-14729\" src=\"http:\/\/akincilardergisi.com\/dergi\/wp-content\/uploads\/altunbas-300x195.jpg\" alt=\"altunbas\" width=\"300\" height=\"195\" \/><\/a>\u0130nsanl\u0131k Hz. \u00c2dem&#8217;in o\u011fullar\u0131 Habil ile Kabilin aras\u0131nda \u00e7\u0131kan bir k\u0131v\u0131lc\u0131m ve daha sonra yang\u0131na d\u00f6nen bir katliam sava\u015f\u0131n\u0131 tarihin her d\u00f6neminde ya\u015fam\u0131\u015f, ya\u015famakta ve k\u0131yamete kadar da ya\u015fayacakt\u0131r.<\/p>\n<div class=\"news-detail\">\n<div class=\"article\">\n<div class=\"news-content\">\n<p><span style=\"line-height: 13pt\">\u0130nsanl\u0131k var olduk\u00e7a Hz. \u0130brahim&#8217;le <a class=\"link_keywords\" title=\"Nemrut\" href=\"http:\/\/www.haber7.com\/etiket\/nemrut\" target=\"_blank\" rel=\"noopener\">Nemrut<\/a>&#8216;un, Hz. <a class=\"link_keywords\" title=\"Musa\" href=\"http:\/\/www.haber7.com\/etiket\/musa\" target=\"_blank\" rel=\"noopener\">Musa<\/a> ile <a class=\"link_keywords\" title=\"Firavun\" href=\"http:\/\/www.haber7.com\/etiket\/firavun\" target=\"_blank\" rel=\"noopener\">Firavun<\/a>&#8216;un, Hz. Muhammed ile Arap cahiliye anlay\u0131\u015f\u0131n\u0131n m\u00fccadelesine sahne olacakt\u0131r.<\/span><\/p>\n<p>Her Nemrut&#8217;a bir \u0130brahim, her Firavun&#8217;a bir Musa, her Ebu Cehil&#8217;e vahyin izini izleyen bir kahraman kar\u015f\u0131 \u00e7\u0131kacak ve insanl\u0131\u011f\u0131n onurunu kurtarmak i\u00e7in m\u00fccadele edecektir.<\/p>\n<p>Firavun ana rahmindeki Musalar\u0131 katletmenin kayg\u0131s\u0131yla uyku uyuyamazken, Musa kendisini katletmek isteyen Firavunun saray\u0131nda b\u00fcy\u00fcyecektir.<\/p>\n<p>Bug\u00fcn \u0130slam <a class=\"link_keywords\" title=\"\u00fclke\" href=\"http:\/\/www.haber7.com\/etiket\/%C3%BClke\" target=\"_blank\" rel=\"noopener\">\u00fclke<\/a>lerinin hemen hemen hepsi kendi ordular\u0131n\u0131n i\u015fgal ve istilas\u0131 alt\u0131ndad\u0131r. Bu ordular kendi insan\u0131na kar\u015f\u0131 sava\u015fmakta, d\u00fc\u015fman\u0131 unutup kendi karde\u015flerini kur\u015funlamakta, kendi anne, baba, karde\u015f ve bac\u0131lar\u0131na tahamm\u00fcl\u00fc g\u00fc\u00e7 ac\u0131lar ya\u015fatmaktad\u0131r.<\/p>\n<p>Ortado\u011funun ordular\u0131 sadece i\u015fgal ve istila ordular\u0131 de\u011fil ayn\u0131 zamanda bask\u0131, zul\u00fcm ve katliam ordular\u0131d\u0131r. Yani kendi ailelerine, anne ve babalar\u0131na, kendi medeniyet ve k\u00fclt\u00fcrlerine kar\u015f\u0131 d\u00fc\u015fman olarak yeti\u015ftirilmi\u015f ordular.<\/p>\n<p>Bu ordular sadece askerlerden ibaret de\u011fil b\u00fcrokratlar, \u00d6\u011fretim \u00fcyeleri, Medya, bas\u0131n yay\u0131n organlar\u0131, sermayedarlar olmak \u00fczere toplumun bir k\u0131sm\u0131n\u0131n taban\u0131n\u0131 olu\u015fturmaktad\u0131r.<\/p>\n<p>Ortada ad\u0131 konmam\u0131\u015f a\u00e7\u0131k bir sava\u015f vard\u0131r. Bu sava\u015f do\u011fu ile bat\u0131n\u0131n sava\u015f\u0131, Ha\u00e7l\u0131larla <a class=\"link_keywords\" title=\"M\u00fcsl\u00fcman\" href=\"http:\/\/www.haber7.com\/etiket\/m%C3%BCsl%C3%BCman\" target=\"_blank\" rel=\"noopener\">M\u00fcsl\u00fcman<\/a>lar\u0131n sava\u015f\u0131, \u0130slam medeniyetinin \u00e7ocuklar\u0131 ile bat\u0131 medeniyetinin \u00e7ocuklar\u0131n\u0131n sava\u015f\u0131 olarak en ac\u0131mas\u0131z bir \u015fekilde g\u00f6z\u00fcm\u00fcz\u00fcn \u00f6n\u00fcnde meydana gelmektedir.<\/p>\n<p>E\u011fer bir Amerikan askeri veya vatanda\u015f\u0131 \u00f6ld\u00fcr\u00fcl\u00fcrse Amerika ve bat\u0131 hep bir a\u011f\u0131zdan k\u0131yameti koparmaya \u00e7al\u0131\u015f\u0131r ve o vatanda\u015f\u0131n\u0131n hakk\u0131n\u0131 aramaya, gerekirse onun intikam\u0131n\u0131 en a\u011f\u0131r bir \u015fekilde almaya \u00e7al\u0131\u015f\u0131r.<\/p>\n<p>Ama ayn\u0131 devletler, ayn\u0131 insanlar kendi \u00fclkesini i\u015fgal eden bir orduya i\u015fgalci demez\/diyemez ise, bir sabah namaz\u0131nda \u00fc\u00e7 y\u00fcz ki\u015fiyi kur\u015funa dizmesine ses \u00e7\u0131karmazsa, ba\u015fka bir g\u00fcn \u00fc\u00e7 bin ki\u015fiyi katletmesine g\u00f6z yumarsa, ba\u015fka bir camiye s\u0131\u011f\u0131nan insanlar\u0131 \u00e7oluk \u00e7ocuk, kad\u0131n, k\u0131z, ya\u015fl\u0131 gen\u00e7 demeden \u00f6ld\u00fcrmesine ses \u00e7\u0131karmazsa bu mant\u0131k tam bir Firavun mant\u0131\u011f\u0131d\u0131r. Bu anlay\u0131\u015f Firavun&#8217;un anlay\u0131\u015f\u0131d\u0131r. Bu d\u00fczen Firavun d\u00fczenidir. Bu ahlak Firavun ahlak\u0131d\u0131r.<\/p>\n<p>Firavun Firavunlu\u011fa soyunur mazlumlara zulmetmeye, onlar\u0131 katletmeye ba\u015flar ise, Allahta o topluma kurtar\u0131c\u0131 olarak mutlaka bir Musa g\u00f6nderir. Her zul\u00fcm d\u00fczeninin bir Firavunu varsa, onun kar\u015f\u0131s\u0131nda da dik duracak mutlak bir Musas\u0131 da vard\u0131r.<\/p>\n<p>Bug\u00fcn kendi \u00f6zg\u00fcrl\u00fck, ba\u011f\u0131ms\u0131zl\u0131k ve iradesine sahip \u00e7\u0131kan <a class=\"link_keywords\" title=\"M\u0131s\u0131r\" href=\"http:\/\/www.haber7.com\/etiket\/m%C4%B1s%C4%B1r\" target=\"_blank\" rel=\"noopener\">M\u0131s\u0131r<\/a> halk\u0131 Kahire gibi t\u00fcm \u015fehirlerde, Adeviye ve Nahta gibi t\u00fcm meydanlarda Firavun d\u00fczenine kar\u015f\u0131 Musa gibi dik duruyorsa mutlaka bunun da bir bedeli olacak.<\/p>\n<p>M\u0131s\u0131r&#8217;daki \u0130slami uyan\u0131\u015f Ortado\u011fu&#8217;daki t\u00fcm diktat\u00f6rlerin, zalim Arap y\u00f6neticilerinin saltanatlar\u0131n\u0131 k\u00f6k\u00fcnden sars\u0131yor, b\u00fcy\u00fck bir depremin fay hatlar\u0131n\u0131 tetikliyor.<\/p>\n<p>Osmanl\u0131n\u0131n y\u0131k\u0131l\u0131\u015f\u0131ndan sonra bir t\u00fcrl\u00fc y\u00fcz\u00fc g\u00fclmeyen M\u00fcsl\u00fcman <a class=\"link_keywords\" title=\"millet\" href=\"http:\/\/www.haber7.com\/etiket\/millet\" target=\"_blank\" rel=\"noopener\">millet<\/a>lerin \u00fclkelerinde art\u0131k bundan sonra hi\u00e7bir \u015fey eskisi gibi olmayacak.<\/p>\n<p>M\u0131s\u0131rdaki katliamlardan sonra gelecek olan 2. Arap bahar\u0131 de\u011fil, t\u00fcm d\u00fcnya M\u00fcsl\u00fcmanlar\u0131n bahar\u0131, Amerika, <a class=\"link_keywords\" title=\"\u0130srail\" href=\"http:\/\/www.haber7.com\/etiket\/israil\" target=\"_blank\" rel=\"noopener\">\u0130srail<\/a> ve bat\u0131 emperyalizminin ise sonbahar\u0131 olacakt\u0131r.<\/p>\n<p>Firavun&#8217;un b\u00fcy\u00fcc\u00fcleri \u2018&#8217;Biz de Musa&#8217;n\u0131n Rabbine iman ettik&#8221; diyecekleri g\u00fcn de gelecek. Haman, Belam, Karun da M\u00fcsl\u00fcmanlar\u0131n \u00f6l\u00fcm\u00fc \u00f6ld\u00fcren, \u00f6l\u00fcms\u00fcz m\u00fccadeleleri kar\u015f\u0131s\u0131nda diz \u00e7\u00f6k\u00fcp d\u00f6kt\u00fckleri kan denizde Firavunlar\u0131yla beraber bo\u011fulacakt\u0131r Allah\u0131n izniyle.<\/p>\n<p>Zul\u00fcmle abad, Firavun mant\u0131\u011f\u0131 ile devlet olunmad\u0131\u011f\u0131n\u0131 <a class=\"link_keywords\" title=\"ABD\" href=\"http:\/\/www.haber7.com\/etiket\/abd\" target=\"_blank\" rel=\"noopener\">ABD<\/a>\u2018de, AB\u2018de, \u0130srail de g\u00f6recek.<\/p>\n<\/div>\n<\/div>\n<\/div>\n","protected":false},"excerpt":{"rendered":"<p>\u0130nsanl\u0131k Hz. \u00c2dem&#8217;in o\u011fullar\u0131 Habil ile Kabilin aras\u0131nda \u00e7\u0131kan bir k\u0131v\u0131lc\u0131m ve daha sonra yang\u0131na d\u00f6nen bir katliam sava\u015f\u0131n\u0131 tarihin her d\u00f6neminde ya\u015fam\u0131\u015f, ya\u015famakta ve k\u0131yamete kadar da ya\u015fayacakt\u0131r. \u0130nsanl\u0131k var olduk\u00e7a Hz. \u0130brahim&#8217;le Nemrut&#8216;un, Hz. Musa ile Firavun&#8216;un, Hz. Muhammed ile Arap cahiliye anlay\u0131\u015f\u0131n\u0131n m\u00fccadelesine sahne olacakt\u0131r. Her Nemrut&#8217;a bir \u0130brahim, her Firavun&#8217;a bir &hellip;<\/p>\n","protected":false},"author":2,"featured_media":45591,"comment_status":"open","ping_status":"open","sticky":false,"template":"","format":"standard","meta":{"om_disable_all_campaigns":false,"_themeisle_gutenberg_block_has_review":false,"_joinchat":[],"footnotes":""},"categories":[49,38,43],"tags":[],"class_list":["post-14725","post","type-post","status-publish","format-standard","has-post-thumbnail","","category-arif","category-guncel","category-yazarlar"],"_links":{"self":[{"href":"https:\/\/akincilardergisi.com\/tr\/wp-json\/wp\/v2\/posts\/14725","targetHints":{"allow":["GET"]}}],"collection":[{"href":"https:\/\/akincilardergisi.com\/tr\/wp-json\/wp\/v2\/posts"}],"about":[{"href":"https:\/\/akincilardergisi.com\/tr\/wp-json\/wp\/v2\/types\/post"}],"author":[{"embeddable":true,"href":"https:\/\/akincilardergisi.com\/tr\/wp-json\/wp\/v2\/users\/2"}],"replies":[{"embeddable":true,"href":"https:\/\/akincilardergisi.com\/tr\/wp-json\/wp\/v2\/comments?post=14725"}],"version-history":[{"count":0,"href":"https:\/\/akincilardergisi.com\/tr\/wp-json\/wp\/v2\/posts\/14725\/revisions"}],"wp:featuredmedia":[{"embeddable":true,"href":"https:\/\/akincilardergisi.com\/tr\/wp-json\/wp\/v2\/media\/45591"}],"wp:attachment":[{"href":"https:\/\/akincilardergisi.com\/tr\/wp-json\/wp\/v2\/media?parent=14725"}],"wp:term":[{"taxonomy":"category","embeddable":true,"href":"https:\/\/akincilardergisi.com\/tr\/wp-json\/wp\/v2\/categories?post=14725"},{"taxonomy":"post_tag","embeddable":true,"href":"https:\/\/akincilardergisi.com\/tr\/wp-json\/wp\/v2\/tags?post=14725"}],"curies":[{"name":"wp","href":"https:\/\/api.w.org\/{rel}","templated":true}]}}