{"id":14513,"date":"2016-08-15T00:20:25","date_gmt":"2016-08-14T21:20:25","guid":{"rendered":"http:\/\/akincilardergisi.com\/dergi\/?p=14513"},"modified":"2023-11-07T11:28:44","modified_gmt":"2023-11-07T08:28:44","slug":"ulubatli-hasanlar-bitmez","status":"publish","type":"post","link":"https:\/\/akincilardergisi.com\/tr\/ulubatli-hasanlar-bitmez\/","title":{"rendered":"ULUBATLI HASANLAR B\u0130TMEZ"},"content":{"rendered":"<div class=\"_rp_W6\" style=\"text-align: left\"><span style=\"line-height: 115%;font-family: 'Palatino Linotype','serif';font-size: 12pt\">Bizim ku\u015fak Bedir Sava\u015f\u0131\u2019n\u0131n, Uhud Sava\u015f\u0131\u2019n\u0131n, Malazgirt Zaferi\u2019nin Kosova Zaferi\u2019nin, \u0130stanbul\u2019un Fethi\u2019nin, \u00c7anakkale Zaferi\u2019nin, \u0130stiklal Sava\u015f\u0131\u2019n\u0131n kahramanl\u0131klar\u0131n\u0131 dinleyerek ve okuyarak b\u00fcy\u00fcyen bir nesildi. Nerde \u015fimdi o kahramanlar der i\u00e7 \u00e7ekerdik. Bizim Tilki son kahramanlar\u0131n Conkbay\u0131r\u0131\u2019nda kald\u0131\u011f\u0131n\u0131 s\u00f6yler dururdu.\u00a0 15 Temmuz Darbesi bizlere bu kahramanlar\u0131n hi\u00e7 de bitmedi\u011fini g\u00f6sterdi. Seyit Onba\u015f\u0131\u2019n\u0131n o mermiyi bir daha kald\u0131rabilir misin diye soran Cevat Pa\u015fa\u2019ya d\u00fc\u015fman gemisini kar\u015f\u0131mda g\u00f6rmem laz\u0131m demesinin ne anlama geldi\u011fini 15 Temmuz kahramanlar\u0131 bizlere g\u00f6sterdi ve \u00f6\u011fretti. Rabbimiz \u015fehadetlerini kabul etsin.<\/span><\/div>\n<div class=\"_rp_c5\">\n<div>\n<div class=\"_rp_d5 rpHighlightAllClass rpHighlightBodyClass allowTextSelection\">\n<div>\n<div class=\"_rp_e5 ms-font-weight-regular ms-font-color-neutralDark\">\n<div class=\"rps_4dc0\">\n<div>\n<div dir=\"ltr\">\n<div id=\"x_divtagdefaultwrapper\" style=\"color: #000000;font-family: Calibri,Arial,Helvetica,sans-serif;font-size: 12pt;background-color: #ffffff\">\n<p class=\"x_MsoNormal\" style=\"text-align: left\"><span style=\"line-height: 115%;font-family: 'Palatino Linotype','serif';font-size: 12pt\">15 Temmuz kahramanlar\u0131n\u0131n ellerinde bayrak, g\u00f6\u011f\u00fcslerinde imanlar\u0131 vard\u0131. Vatana,\u00a0 inand\u0131\u011f\u0131 ve g\u00fcvendi\u011fi Reis\u2019e sadakatleri vard\u0131. Kahramanl\u0131klar\u0131 dinleyerek okuyarak b\u00fcy\u00fcyen bir esil olmam\u0131z\u0131n yan\u0131nda ayn\u0131 zamanda hainlikleri de dinleyen ve okuyan bir nesildik. Gen\u00e7 Osman\u2019\u0131n k\u00fcf\u00fcrlere maruz kalarak bo\u011fulmas\u0131, Abd\u00fclaziz\u2019in katledilerek intihar etti s\u00fcs\u00fc verilmesi, Abd\u00fclhamit\u2019in \u0130ttihat\u00e7\u0131 \u00e7ete taraf\u0131ndan hal edilmesi,\u00a0 Menderes\u2019in adlar\u0131 bile unutulmu\u015f hainlerce idam edilmesi, Turgut \u00d6zal\u2019\u0131n zehirlenmesi, Erbakan\u2019\u0131n i\u00e7erden ve d\u0131\u015far\u0131dan hainlerce g\u00f6revinden uzakla\u015ft\u0131r\u0131lmas\u0131 bu aziz milletin kan\u0131na dokunmu\u015ftu ve yap\u0131lanlar ve ya\u015fananlar bir birikime neden olmu\u015ftu. <\/span><\/p>\n<p class=\"x_MsoNormal\" style=\"text-align: justify\"><span style=\"line-height: 115%;font-family: 'Palatino Linotype','serif';font-size: 12pt\">Milletimiz <b>\u201cYETER ARTIK\u201d<\/b> deme noktas\u0131na gelmi\u015fti. Bu \u00f6fke ve birikim inanca d\u00f6n\u00fc\u015ft\u00fc. Reis\u2019e olan g\u00fcven, sadakat ve sevgi tank dinlemedi, top dinlemedi, helikopter dinlemedi, u\u00e7ak dinlemedi ve <b>YETER ARTIK\u201d<\/b> dedi. T\u0131pk\u0131 \u00c7anakkale Zaferi\u2019nin yi\u011fitleri gibi. S\u00fcng\u00fcn\u00fcn ve namlunun ucunda cennetlerini g\u00f6r\u00fcp de ona ko\u015far gibi d\u00fc\u015fman \u00fczerine giden yi\u011fitlerden Tank\u0131n, Helikopterin ve F 16\u2019lar\u0131n \u00fczerine giden gen\u00e7lere \u015fahit olduk. Sanca\u011f\u0131 burca dikti\u011fi takdirde ok ya\u011fmuruna maruz kalaca\u011f\u0131n\u0131 bildi\u011fi halde her \u015feye ra\u011fmen o sanca\u011f\u0131 burca diken Ulubatl\u0131 Hasan\u2019a; bug\u00fcn haini anl\u0131n\u0131n \u00e7at\u0131s\u0131ndan vurup otuz mermiyle Rabbine giden \u00d6mer Halisdemir\u2019e \u015fahit olduk. Beni \u00f6ld\u00fcrmeden ge\u00e7emezsiniz deyip tank\u0131n paletinin alt\u0131na yatan yi\u011fitlerden; tanklar\u0131n alt\u0131nda yat kalk yapan kahramanlara \u015fahit olduk. Benim silah\u0131mla beni vuracaksan vur diyen yetmi\u015flik dededen; vatan \u00e7ok tatl\u0131 deyip sekseninde istikbal n\u00f6beti tutan Hatice Nine\u2019ye var\u0131ncaya kadar nice kahramanl\u0131klara tan\u0131k olduk. Nene Hatunlar\u0131n, \u015eerife bac\u0131lar\u0131n, Kara Fatmalar\u0131n tanklar\u0131n kar\u015f\u0131s\u0131ndaki dik duru\u015flar\u0131na tan\u0131k olduk. \u015eehit olan evlad\u0131n\u0131n ard\u0131ndan vatan olmad\u0131ktan sonra evlat olsa ne olur diyen asil ruhlu kad\u0131nlar\u0131m\u0131z\u0131n, annelerimizin varl\u0131\u011f\u0131na tan\u0131k olduk. F 16\u2019lar\u0131n bombard\u0131man\u0131n\u0131 engellemek i\u00e7in bir y\u0131ll\u0131k mahsul\u00fcn\u00fc yakan kahraman \u00e7ift\u00e7ilerimizin varl\u0131\u011f\u0131na \u015fahit olduk. Demek ki kahramanlar\u0131m\u0131z Bedir\u2019de, Uhud\u2019da, Malazgirt\u2019te, Kosova\u2019da, \u00c7anakkale\u2019de, Sar\u0131kam\u0131\u015f\u2019ta, Pevne\u2019de kalmam\u0131\u015f, imanla yo\u011frulan o ruh bug\u00fcnlere ta\u015f\u0131nabilmi\u015ftir. Allah eksikli\u011fini vermesin.<\/span><\/p>\n<p class=\"x_MsoNormal\" style=\"text-align: justify\"><span style=\"line-height: 115%;font-family: 'Palatino Linotype','serif';font-size: 12pt\">\u015eimdi de elindekinin k\u0131ymetini bilmeyenlere gelelim: Bizim insan\u0131m\u0131zdan bir \u015fey olmaz, bu kad\u0131nlardan bir \u015fey olmaz, bu gen\u00e7lerden bir \u015fey olmaz, bu k\u0131zlardan bir \u015fey olmaz, bu gen\u00e7likten bir \u015fey olmaz, bu cemaatten adam \u00e7\u0131kmaz diyenler ne haber, nas\u0131ls\u0131n\u0131z, iyi misiniz? Bizim insan\u0131m\u0131z\u0131, bizim kad\u0131nlar\u0131m\u0131z\u0131, bizim k\u0131zlar\u0131m\u0131z\u0131, bizim gen\u00e7lerimizi, bizim ya\u015fl\u0131lar\u0131m\u0131z\u0131, bizim \u00e7ocuklar\u0131m\u0131z\u0131 g\u00f6rd\u00fcn\u00fcz m\u00fc? Bunlardan bir \u015fey olmaz diyenler, \u015f\u00fck\u00fcrler olsun ki bunlar\u0131n durumlar\u0131n\u0131 Rabbimiz size sormayacak. Size g\u00f6re sizden ba\u015fkas\u0131ndan hi\u00e7bir \u015fey olmaz. Her ne olursa sizden olur (!) \u00f6yle mi? Ya\u015fl\u0131dan gen\u00e7 gibi davranmas\u0131n\u0131, gen\u00e7ten ihtiyar gibi davranmas\u0131n\u0131, gen\u00e7 kad\u0131ndan kocakar\u0131 gibi davranmas\u0131n\u0131, gen\u00e7 k\u0131zdan kad\u0131n gibi davranmas\u0131n\u0131, \u00e7ocuktan b\u00fcy\u00fck gibi davranmas\u0131n\u0131 bekleyip duruyorsun. Oldu\u011fu gibi kabul etmek neden zor geliyor? \u0130nsandan \u00fcmit kesmek m\u00fcmince bir tav\u0131r olamaz. \u0130nsanlar\u0131n kendi zihinsel kal\u0131plar\u0131m\u0131za hapsolmas\u0131n\u0131 isteme hakk\u0131m\u0131z yoktur. Herkes kendi nev-i \u015fahs\u0131na m\u00fcnhas\u0131r muhteremdir. \u0130deal manada insanlar\u0131n de\u011fi\u015fimine ve d\u00f6n\u00fc\u015f\u00fcm\u00fcne yard\u0131mc\u0131 olmak gerekmektedir. \u0130nsanlar\u0131 ve \u015fahsiyetlerini k\u00f6reltmek gibi bir g\u00f6revimiz yoktur ve olmamal\u0131d\u0131r. Sabret, bekle ve g\u00f6r bak, be\u011fenmediklerin ne de g\u00fczel insan olacaklard\u0131r. Bug\u00fcn iyi insan diye g\u00f6sterdiklerinizin ge\u00e7mi\u015flerinde de olumsuzluklar olabilir, t\u0131pk\u0131 Hz. \u00d6mer \u00f6rne\u011finde oldu\u011fu gibi. Mekke\u2019de Hz. \u00d6mer i\u00e7in\/ Hattab\u2019\u0131n o\u011flu \u00d6mer i\u00e7in herkes \u015funu s\u00f6yl\u00fcyordu: <b>\u201cHattab\u2019\u0131n e\u015fe\u011fi M\u00fcsl\u00fcman olur da \u00d6mer M\u00fcsl\u00fcman olmaz.\u201d <\/b>Bir ki\u015fi b\u00f6yle s\u00f6ylemiyor ve b\u00f6yle d\u00fc\u015f\u00fcnm\u00fcyordu. O ki\u015fi Hz. Peygamberdi. O kalpleri elinde bulunan Allah\u2019a \u00d6mer i\u00e7in dua ediyordu. Bunlardan bir \u015fey olmaz dedikleriniz i\u00e7in bir g\u00fcn bile dua etmeyi denediniz mi? <\/span><\/p>\n<p class=\"x_MsoNormal\" style=\"text-align: justify\"><span style=\"line-height: 115%;font-family: 'Palatino Linotype','serif';font-size: 12pt\">Allah\u2019a \u015f\u00fck\u00fcrler olsun ki sizin burun k\u0131v\u0131rd\u0131\u011f\u0131n\u0131z, dudak b\u00fckt\u00fc\u011f\u00fcn\u00fcz, tepeden bakt\u0131\u011f\u0131n\u0131z bu aziz milletin evlatlar\u0131 bir \u015fey oldu\u011funu \u00f6nce size, sonra da b\u00fct\u00fcn \u00e2leme g\u00f6stermi\u015ftir. Evliyalar\u0131 yat\u0131rlarda, t\u00fcrbelerde arayanlar, kahramanlar\u0131 hep \u015fehitliklerde arayanlar 15 Temmuz\u2019un kahramanlar\u0131n\u0131 g\u00f6rd\u00fcn\u00fcz m\u00fc? Sizin gibi d\u00fc\u015f\u00fcnm\u00fcyor, sizin gibi giyinmiyor diye yoksa be\u011fenmediniz mi? Siz de\u011fil, Rabbim be\u011fensin ve raz\u0131 olsun yeter. Be\u011fenseniz de be\u011fenmeseniz de bu aziz milletin Mus\u2019ab b. Umeyrleri, Alparslanlar\u0131, Ulubatl\u0131 Hasanlar\u0131, Gazi Osman Pa\u015falar\u0131, Seyit Onba\u015f\u0131lar\u0131, Nene Hatunlar\u0131, \u015eerife Bac\u0131lar\u0131, Kara Fatmalar\u0131 bitmez. \u00d6mer Halisdemir\u2019i g\u00f6rmek yetmiyor mu?<\/span><\/p>\n<p class=\"x_MsoNormal\" style=\"text-align: justify\"><b><span style=\"line-height: 115%;font-family: 'Tahoma','sans-serif';font-size: 20pt\">\u00d6mer Naci YILMAZ<\/span><\/b><\/p>\n<\/div>\n<\/div>\n<\/div>\n<\/div>\n<\/div>\n<\/div>\n<\/div>\n<\/div>\n<\/div>\n","protected":false},"excerpt":{"rendered":"<p>Bizim ku\u015fak Bedir Sava\u015f\u0131\u2019n\u0131n, Uhud Sava\u015f\u0131\u2019n\u0131n, Malazgirt Zaferi\u2019nin Kosova Zaferi\u2019nin, \u0130stanbul\u2019un Fethi\u2019nin, \u00c7anakkale Zaferi\u2019nin, \u0130stiklal Sava\u015f\u0131\u2019n\u0131n kahramanl\u0131klar\u0131n\u0131 dinleyerek ve okuyarak b\u00fcy\u00fcyen bir nesildi. Nerde \u015fimdi o kahramanlar der i\u00e7 \u00e7ekerdik. Bizim Tilki son kahramanlar\u0131n Conkbay\u0131r\u0131\u2019nda kald\u0131\u011f\u0131n\u0131 s\u00f6yler dururdu.\u00a0 15 Temmuz Darbesi bizlere bu kahramanlar\u0131n hi\u00e7 de bitmedi\u011fini g\u00f6sterdi. Seyit Onba\u015f\u0131\u2019n\u0131n o mermiyi bir daha kald\u0131rabilir &hellip;<\/p>\n","protected":false},"author":26,"featured_media":48521,"comment_status":"open","ping_status":"open","sticky":false,"template":"","format":"standard","meta":{"om_disable_all_campaigns":false,"_themeisle_gutenberg_block_has_review":false,"_joinchat":[],"footnotes":""},"categories":[1,54,43],"tags":[],"class_list":["post-14513","post","type-post","status-publish","format-standard","has-post-thumbnail","","category-genel","category-omer","category-yazarlar"],"_links":{"self":[{"href":"https:\/\/akincilardergisi.com\/tr\/wp-json\/wp\/v2\/posts\/14513","targetHints":{"allow":["GET"]}}],"collection":[{"href":"https:\/\/akincilardergisi.com\/tr\/wp-json\/wp\/v2\/posts"}],"about":[{"href":"https:\/\/akincilardergisi.com\/tr\/wp-json\/wp\/v2\/types\/post"}],"author":[{"embeddable":true,"href":"https:\/\/akincilardergisi.com\/tr\/wp-json\/wp\/v2\/users\/26"}],"replies":[{"embeddable":true,"href":"https:\/\/akincilardergisi.com\/tr\/wp-json\/wp\/v2\/comments?post=14513"}],"version-history":[{"count":0,"href":"https:\/\/akincilardergisi.com\/tr\/wp-json\/wp\/v2\/posts\/14513\/revisions"}],"wp:featuredmedia":[{"embeddable":true,"href":"https:\/\/akincilardergisi.com\/tr\/wp-json\/wp\/v2\/media\/48521"}],"wp:attachment":[{"href":"https:\/\/akincilardergisi.com\/tr\/wp-json\/wp\/v2\/media?parent=14513"}],"wp:term":[{"taxonomy":"category","embeddable":true,"href":"https:\/\/akincilardergisi.com\/tr\/wp-json\/wp\/v2\/categories?post=14513"},{"taxonomy":"post_tag","embeddable":true,"href":"https:\/\/akincilardergisi.com\/tr\/wp-json\/wp\/v2\/tags?post=14513"}],"curies":[{"name":"wp","href":"https:\/\/api.w.org\/{rel}","templated":true}]}}