{"id":14493,"date":"2016-08-15T00:12:50","date_gmt":"2016-08-14T21:12:50","guid":{"rendered":"http:\/\/akincilardergisi.com\/dergi\/?p=14493"},"modified":"2023-11-05T13:26:26","modified_gmt":"2023-11-05T10:26:26","slug":"sonlarin-savasi","status":"publish","type":"post","link":"https:\/\/akincilardergisi.com\/tr\/sonlarin-savasi\/","title":{"rendered":"SONLARIN SAVA\u015eI!"},"content":{"rendered":"<p><img loading=\"lazy\" decoding=\"async\" class=\"mainImage accessible nofocus\" title=\"Kaynak g\u00f6r\u00fcnt\u00fcy\u00fc g\u00f6r\u00fcnt\u00fcle\" src=\"http:\/\/1.bp.blogspot.com\/_WpxVo5P4a1I\/TVFyTiucURI\/AAAAAAAAABc\/725LjZHeU9w\/s1600\/ankara-savasi_2.jpg\" alt=\" SAVA\u015eI i\u00e7in resim sonucu\" width=\"400\" height=\"300\" \/><\/p>\n<p>15 Temmuz \u015f\u00fcphesiz son y\u00fczy\u0131lda hatta daha da geriye gidelim iki \u00fc\u00e7 y\u00fczy\u0131ld\u0131r bize kar\u015f\u0131 giri\u015filen en b\u00fcy\u00fck SAVA\u015eTIR. Bunu neden s\u00f6yl\u00fcyorum. \u00c7\u00fcnk\u00fc giri\u015filen darbeye bak\u0131ld\u0131\u011f\u0131nda a\u00e7\u0131k\u00e7a g\u00f6r\u00fclecektir ki i\u015fin i\u00e7erisinde tek bir yap\u0131lanma yok. T\u00fcrkiye ve onun dahilinde t\u00fcm \u0130slam alemine kar\u015f\u0131 a\u00e7\u0131lan bir sava\u015ft\u0131r bu. \u0130\u00e7erisinde akl\u0131 veren \u0130ngiltere var, uygulamaya koyan Amerika var, \u0130ncirlik \u00dcss\u00fcnde silah yard\u0131m\u0131 yapmaya yeltenen Almanya var. Var da var.<\/p>\n<p>Kazan\u0131lan bu SAVA\u015e bir \u00c7anakkale&#8217;den, Kut\u2019ul Amare\u2019den, Sakarya\u2019dan daha \u00f6nemli. Bunu niye s\u00f6yl\u00fcyorum! \u00c7\u00fcnk\u00fc e\u011fer bu darbe giri\u015fimi ba\u015far\u0131l\u0131 olsayd\u0131 \u015fu an \u00fclkede ta\u015f \u00fcst\u00fcnde ta\u015f kalmayacakt\u0131. Bu T\u00fcrkiye\u2019nin BATI\u2019YA, EMPERYAL\u0130ZME ve onun y\u0131llard\u0131r mazlum co\u011frafyalara takt\u0131\u011f\u0131 prangalar\u0131n s\u00f6k\u00fcl\u00fcp at\u0131ld\u0131\u011f\u0131 \u015eEREFL\u0130 bir galibiyetidir.<\/p>\n<p>15 Temmuzu ge\u00e7tik diye dereyi ge\u00e7miyoruz hemen. As\u0131l i\u015f bundan sonra ba\u015fl\u0131yor. \u015eimdi bu urdan tamamen temizlenme zaman\u0131. B\u00fct\u00fcn kurumlar\u0131 bu al\u00e7ak yap\u0131dan temizleyip hastal\u0131ks\u0131z, \u00f6n\u00fcnde hi\u00e7bir dikenli yol olmayan, ayd\u0131nl\u0131k bir T\u00fcrkiye ile yola devam etmek. Onlar elbette genetiklerinin gere\u011fi olarak karalamaya, \u00e7elme takmaya, yok etme \u00e7al\u0131\u015fmalar\u0131na devam edecekler. Ancak b\u00f6yle bir vaka oldu\u011funda T\u00fcrk milletinin neler yapabilece\u011fini g\u00f6rd\u00fcler.<\/p>\n<p>\u015eunu g\u00f6rd\u00fc \u015fimdi AL\u00c7AK BATI: Bu adam on saniyelik bir konu\u015fmayla 79 milyon insan\u0131 soka\u011fa d\u00f6kt\u00fc. YA \u0130SLAM D\u00dcNYASINI da soka\u011fa d\u00f6kerse ne olur? Hadise bunu hesap yapacaklard\u0131r. \u00dclkede darbe giri\u015fimi oldu diye kabu\u011funa \u00e7ekilip ne yapaca\u011f\u0131z diye d\u00fc\u015f\u00fcn\u00fcyor mu? Hay\u0131r! Onu yapanlar zaten var. T\u0131k\u0131r t\u0131k\u0131r temizleme operasyonu devam ediyor. Ne yapt\u0131 Tayyip Erdo\u011fan YEN\u0130KAPI mitinginden sonra solu\u011fu Rusya\u2019da ald\u0131. Vizyonu geni\u015f, \u00fclke problemleriyle u\u011fra\u015fmaktan bo\u011fulmayan, devletini ses getirecek seviyelere \u00e7\u0131karma ad\u0131na koltu\u011funda oturmayan, ferasetli bir D\u00dcNYA L\u0130DER\u0130.<\/p>\n<p>Rusya bizim en b\u00fcy\u00fck ticaret orta\u011f\u0131m\u0131z, en \u00e7ok ihracat yapt\u0131\u011f\u0131m\u0131z, en \u00e7ok do\u011falgaz ithal etti\u011fimiz \u00fclke. Ayn\u0131 zamanda Suriye ile siyasi, ekonomik i\u015fbirli\u011fi i\u00e7erisinde olmak zorunda oldu\u011fumuz bir ortak. Tayyip Erdo\u011fan kara ka\u015f\u0131na hayran oldu\u011fundan gitmiyor oraya kadar. Eli kanl\u0131 da olsa gidip bu sorunlar\u0131 orada konu\u015fmak mecburiyetinde devletinin ekonomik ve siyasi sorunlar\u0131n\u0131 bertaraf etmek i\u00e7in. Bak\u0131n yapt\u0131r\u0131mlar kalkt\u0131, u\u00e7ak seferlerinde anla\u015f\u0131ld\u0131, Suriye konusunda ayr\u0131ca g\u00f6r\u00fc\u015f\u00fclecek.<\/p>\n<p>T\u00fcrkiye\u2019nin d\u00fcne g\u00f6re normalle\u015fti\u011finin g\u00f6stergesidir bunlar. E\u011fer 780 kilometre kareye s\u0131k\u0131\u015f\u0131p kalsayd\u0131k, ba\u015f\u0131m\u0131z\u0131 hi\u00e7 oraya buraya uzatmasayd\u0131k, t\u00fcm \u0130slam alemini aya\u011fa kald\u0131rma giri\u015fiminde bulunmasayd\u0131k, uslu uslu dursayd\u0131k, DEM\u0130REL gibi, ECEV\u0130T gibi el pen\u00e7e dursayd\u0131k elbette BATILI, HAHAM\u0130ST, EMPERYAL\u0130ST, AL\u00c7AK BATI bizi severdi. Art\u0131k o devir ge\u00e7ti yeni hedeflere do\u011fru y\u00f6n\u00fcn\u00fc her yere \u00e7evirebilen bir T\u00fcrkiye \u015fart. Bunu da g\u00f6sterdik zaten\u2026 SELAM VE DUA \u0130LE\u2026 \u0130BRAH\u0130M YAVUZ<\/p>\n","protected":false},"excerpt":{"rendered":"<p>15 Temmuz \u015f\u00fcphesiz son y\u00fczy\u0131lda hatta daha da geriye gidelim iki \u00fc\u00e7 y\u00fczy\u0131ld\u0131r bize kar\u015f\u0131 giri\u015filen en b\u00fcy\u00fck SAVA\u015eTIR. Bunu neden s\u00f6yl\u00fcyorum. \u00c7\u00fcnk\u00fc giri\u015filen darbeye bak\u0131ld\u0131\u011f\u0131nda a\u00e7\u0131k\u00e7a g\u00f6r\u00fclecektir ki i\u015fin i\u00e7erisinde tek bir yap\u0131lanma yok. T\u00fcrkiye ve onun dahilinde t\u00fcm \u0130slam alemine kar\u015f\u0131 a\u00e7\u0131lan bir sava\u015ft\u0131r bu. \u0130\u00e7erisinde akl\u0131 veren \u0130ngiltere var, uygulamaya koyan Amerika &hellip;<\/p>\n","protected":false},"author":20,"featured_media":46135,"comment_status":"open","ping_status":"open","sticky":false,"template":"","format":"standard","meta":{"om_disable_all_campaigns":false,"_themeisle_gutenberg_block_has_review":false,"_joinchat":[],"footnotes":""},"categories":[1,57,43],"tags":[],"class_list":["post-14493","post","type-post","status-publish","format-standard","has-post-thumbnail","","category-genel","category-ibrahim","category-yazarlar"],"_links":{"self":[{"href":"https:\/\/akincilardergisi.com\/tr\/wp-json\/wp\/v2\/posts\/14493","targetHints":{"allow":["GET"]}}],"collection":[{"href":"https:\/\/akincilardergisi.com\/tr\/wp-json\/wp\/v2\/posts"}],"about":[{"href":"https:\/\/akincilardergisi.com\/tr\/wp-json\/wp\/v2\/types\/post"}],"author":[{"embeddable":true,"href":"https:\/\/akincilardergisi.com\/tr\/wp-json\/wp\/v2\/users\/20"}],"replies":[{"embeddable":true,"href":"https:\/\/akincilardergisi.com\/tr\/wp-json\/wp\/v2\/comments?post=14493"}],"version-history":[{"count":0,"href":"https:\/\/akincilardergisi.com\/tr\/wp-json\/wp\/v2\/posts\/14493\/revisions"}],"wp:featuredmedia":[{"embeddable":true,"href":"https:\/\/akincilardergisi.com\/tr\/wp-json\/wp\/v2\/media\/46135"}],"wp:attachment":[{"href":"https:\/\/akincilardergisi.com\/tr\/wp-json\/wp\/v2\/media?parent=14493"}],"wp:term":[{"taxonomy":"category","embeddable":true,"href":"https:\/\/akincilardergisi.com\/tr\/wp-json\/wp\/v2\/categories?post=14493"},{"taxonomy":"post_tag","embeddable":true,"href":"https:\/\/akincilardergisi.com\/tr\/wp-json\/wp\/v2\/tags?post=14493"}],"curies":[{"name":"wp","href":"https:\/\/api.w.org\/{rel}","templated":true}]}}