{"id":14419,"date":"2016-08-09T00:55:52","date_gmt":"2016-08-08T21:55:52","guid":{"rendered":"http:\/\/akincilardergisi.com\/dergi\/?p=14419"},"modified":"2023-11-07T15:59:21","modified_gmt":"2023-11-07T12:59:21","slug":"14419-2","status":"publish","type":"post","link":"https:\/\/akincilardergisi.com\/tr\/14419-2\/","title":{"rendered":"DARBE DE\u011e\u0130L \u0130\u015eGAL\u2026"},"content":{"rendered":"<p>&nbsp;<\/p>\n<p>15-16 TEMMUZ<br \/>\nGecesi darbe de\u011fil, \u00fclkemizi i\u015fgal provas\u0131yd\u0131.<br \/>\nHalk\u0131m\u0131z o ince sezgisiyle bunu fark etti ve o h\u0131n\u00e7la meydanlara akt\u0131.<br \/>\nMillet olarak belki 100 y\u0131ld\u0131r ilk defa bu kadar g\u00fc\u00e7l\u00fc bir \u015fekilde birbirimize kenetlendik.<br \/>\nCumhurba\u015fkan\u0131m\u0131z\u0131 seven sevmeyen, televizyondaki \u00e7a\u011fr\u0131s\u0131n\u0131 duyar duymaz -\u00e7ok az bir kesim hari\u00e7- bayra\u011f\u0131 alan meydanlara ko\u015ftu.<\/p>\n<p>DARBEC\u0130LERDE TELA\u015e<br \/>\nABD DE \u015eA\u015eKINLIK<br \/>\nHain darbeciler millete \u2018\u2019H\u00f6t!..\u2019\u2019 deyince siniverece\u011fini d\u00fc\u015f\u00fcnd\u00fcler. Bundan dolay\u0131 \u00fcstlerine y\u00fcr\u00fcyen silahs\u0131z savunmas\u0131z halka insafs\u0131zca ate\u015f etmekten \u00e7ekinmediler.<br \/>\nNeden?<br \/>\n\u00c7\u00fcnk\u00fc Hain korkak olur.<br \/>\nBeklemiyorlard\u0131 \u00f6yle bir direni\u015f\u2026 Bundan dolay\u0131 tela\u015fa kap\u0131ld\u0131lar. O tela\u015fla bir\u00e7ok masum insan\u0131n kan\u0131n\u0131 d\u00f6kt\u00fcler.<br \/>\nABD uzun zamand\u0131r bu darbe i\u015fi \u00fczerinde titizlikle \u00e7al\u0131\u015fm\u0131\u015f oldu\u011fu g\u00f6r\u00fcl\u00fcyor.<br \/>\n\u0130tiraf\u00e7\u0131lar<br \/>\nD\u00f6k\u00fcld\u00fck\u00e7e darbenin gayet detayl\u0131 bir \u015fekilde haz\u0131rland\u0131\u011f\u0131 g\u00f6r\u00fclmektedir.<br \/>\nAncak<br \/>\nUnuttuklar\u0131 bir \u015fey var:<br \/>\nAmerikal\u0131lar<br \/>\nHesaplar\u0131n\u0131 rasyonel veriler \u00fczerine yapar.<br \/>\nH\u00e2lbuki<br \/>\nBiz; maneviyat\u00e7\u0131 moral de\u011ferleri y\u00fcksek bir Milletiz, rasyonel hesaplara gelmeyiz.<\/p>\n<p>DESTAN DESTAN DESTAN<br \/>\nO gece<br \/>\nBu manevi y\u00f6n\u00fcm\u00fcz\u00fc anlatan kahraman o kadar \u00e7ok ki, hangisini anlatay\u0131m.<br \/>\n\u2018\u2019Kanser tedavisi g\u00f6r\u00fcyorum.. \u00e7a\u011fr\u0131y\u0131 duyunca bayra\u011f\u0131 ald\u0131m ve \u00e7\u0131kt\u0131m. S\u00f6z konusu vatansa\u2026\u2019\u2019 diyen kanser tedavisi g\u00f6ren han\u0131mefendiyi mi?<br \/>\nGeneral k\u0131l\u0131kl\u0131 bir hain gelip \u2018\u2019Darbe oldu! Bundan sonra emirleri benden alacaks\u0131n!\u2019\u2019 der demez \u015eehit olaca\u011f\u0131n\u0131 bile bile tabancas\u0131n\u0131 \u00e7ekip darbeci generalin aln\u0131n\u0131n \u00e7at\u0131s\u0131ndan vuran \u00d6mer Astsubay\u0131 m\u0131?<br \/>\n\u2018\u2019Ben T\u00fcrk askeriyim.. siz kimin askerisiniz?\u2019\u2019 deyip Havaliman\u0131nda tank\u0131n \u00f6n\u00fcne yatan yi\u011fidi mi?<br \/>\nT\u00fcm mahalleyi arkas\u0131na al\u0131p kamyonu darbecilerin \u00fczerine s\u00fcren \u00c7ar\u015fafl\u0131 kamyon s\u00fcr\u00fcc\u00fcs\u00fcn\u00fc m\u00fc?<br \/>\nBirinci tank\u0131n paletleri aras\u0131ndan sa\u011f \u00e7\u0131k\u0131p, ikinci tank\u0131n \u00fczerinden ge\u00e7ip kolunu par\u00e7alad\u0131\u011f\u0131 vatanda\u015f\u0131 m\u0131?<br \/>\nTrakt\u00f6rlerine atlat\u0131p direni\u015f i\u00e7in merkezlere ko\u015fan k\u00f6yl\u00fcleri mi?<br \/>\nF 16 lar\u0131n u\u00e7u\u015funu engellemek i\u00e7in \u00fcr\u00fcn\u00fcn\u00fc yakan \u00e7ift\u00e7iyi mi?<br \/>\nHangisini anlatay\u0131m? Sahifeler yetmez.<\/p>\n<p>NENE HATUNLAR<br \/>\nBu \u00fclkenin ne kahraman\u0131 biter ne de haini\u2026<br \/>\nK\u00f6pr\u00fcde darbeciler<br \/>\nAyaklar\u0131n\u0131n dibine ate\u015f etmesine ra\u011fmen, hainlerin ve tank\u0131n \u00fczerine y\u00fcr\u00fcyen Nene Hatunlar\u2026<br \/>\nO tanklar ki, a\u00e7t\u0131klar\u0131 ate\u015f sonucu insanlar\u0131 par\u00e7alara ay\u0131ran tanklar\u2026<br \/>\nBuna ra\u011fmen tank\u0131n \u00fcst\u00fcne y\u00fcr\u00fcmek destan de\u011fil de nedir?<br \/>\nNe diyordu Mehmet Akif:<br \/>\nNe b\u00fcy\u00fcks\u00fcn ki, kan\u0131n kurtar\u0131yor Tevhid\u2019i<br \/>\nBedr\u2019in aslanlar\u0131 ancak bu kadar \u015fanl\u0131 idi.<\/p>\n<p>D\u0130\u011eER KAHRAMANLAR<br \/>\nKimse dile getirmiyor ama ben s\u00f6yleyeyim.<br \/>\nBa\u015fkomutan\u0131m\u0131z\u0131 havaalan\u0131na g\u00f6t\u00fcren ve oradan \u0130stanbul\u2019a ta\u015f\u0131yan t\u00fcm personel\u2026<br \/>\nHava Kuvvetlerimizin darbecilerin eline ge\u00e7ti\u011fini bildikleri halde.. at\u0131lacak f\u00fczeyle havada par\u00e7alanmay\u0131 g\u00f6ze alarak, Ba\u015fkomutan\u0131m\u0131z\u0131 \u0130stanbul\u2019a salimen getiren ekip, kendilerinden hi\u00e7 bahsedilmeyen o gecenin kahramanlar\u0131d\u0131r.<\/p>\n<p>Medya<br \/>\nDarbeye i\u015fgale kar\u015f\u0131 \u00e7\u0131kan polislerimiz<br \/>\nHalk\u0131 meydanlara \u00e7a\u011f\u0131ran STK lar<br \/>\n\u0130\u015fgale kar\u015f\u0131 direnen Askerler<br \/>\nVe en \u00f6nemlisi \u00d6zel Harek\u00e2t\u2026<br \/>\nDarbeci Hainler<br \/>\nE\u011fer \u00d6zel Harek\u00e2t\u0131 ele ge\u00e7irseydiler bu darbenin bast\u0131r\u0131lmas\u0131 \u00e7ok daha kanl\u0131 olabilirdi.<br \/>\nO gece t\u00fcm T\u00fcrkiye destan yazd\u0131.<br \/>\nDosta d\u00fc\u015fmana \u00c7anakkale\u2019nin ge\u00e7ilmeyece\u011fini bir daha g\u00f6sterdi.<\/p>\n<p>SEY\u0130D ONBA\u015eI<br \/>\n\u00d6MER ASTSUBAY<br \/>\nYaz\u0131lan destan\u0131n \u015fu anda fark\u0131nda de\u011filiz.<br \/>\nAynen<br \/>\nSeyit Onba\u015f\u0131n\u0131n o g\u00fclleyi \u0130ngiliz sava\u015f gemisine f\u0131rlatt\u0131\u011f\u0131nda ne kadar b\u00fcy\u00fck bir i\u015f ba\u015fard\u0131\u011f\u0131n\u0131n fark\u0131nda olmad\u0131\u011f\u0131 gibi.<br \/>\n\u015eu anda da \u015eehidimiz \u00d6mer Halisdemir\u2019in, darbeci i\u015fgalci Generali aln\u0131n\u0131n \u00e7at\u0131s\u0131ndan vururken ne kadar b\u00fcy\u00fck bir i\u015f ba\u015fard\u0131\u011f\u0131n\u0131 belki y\u0131llar sonra anla\u015f\u0131lacakt\u0131r.<\/p>\n<p>ABD-\u0130NG\u0130L\u0130Z<br \/>\n\u00c7anakkale\u2019de de i\u015fgalcilerin ba\u015f\u0131n\u0131 \u0130ngilizler \u00e7ekiyordu. Bug\u00fcn de \u00dclkemizi FET\u00d6 ter\u00f6r \u00f6rg\u00fct\u00fcn\u00fc kullanarak i\u015fgal etmek isteyen yine \u0130ngilizler ve onun t\u00fcrevi Amerikal\u0131lard\u0131r.<br \/>\nBundan dolay\u0131<br \/>\nHalk bunu askeri darbe olarak de\u011fil Emperyalistlerin i\u015fgali olarak g\u00f6rm\u00fc\u015f, vatan bayrak namus u\u011fruna meydanlara ko\u015fmu\u015ftur.<\/p>\n<p>\u0130\u015eTE ORDU<br \/>\n\u0130\u015eTE KOMUTAN<br \/>\nParti \u00e7al\u0131\u015fmalar\u0131m\u0131z s\u0131ras\u0131nda bu slogan gen\u00e7ler taraf\u0131ndan s\u00f6ylenir.. abart\u0131l\u0131 buldu\u011fum i\u00e7in i\u015ftirak etmezdim.<br \/>\nAncak bu sefer yerine \u00f6yle bir oturdu ki, b\u00fct\u00fcn benli\u011fimle i\u015ftirak ettim.<br \/>\nBa\u015fkomutan hayk\u0131rd\u0131:<br \/>\n\u2018\u2019Milletim! Halk\u0131m! Sizleri meydanlara davet ediyorum\u2019\u2019<br \/>\nHi\u00e7 birimizin ne tolgas\u0131 ne r\u00fctbesi, ne de ni\u015fan\u0131 vard\u0131.<br \/>\nAma<br \/>\nEmri alm\u0131\u015f bir ordu gibi herkes meydanlara \u00f6yle bir akt\u0131 ki hainlerin kan\u0131 dondu.<br \/>\n\u2018\u2019\u0130\u015fte ordu! \u0130\u015fte Komutan!\u2019\u2019 slogan\u0131,<br \/>\n\u0130lk defa bu kadar g\u00fczel yerini buldu.<\/p>\n<p>M\u0130LLET ORDUYU KURTARDI<br \/>\nEvet. Bu Millet bu orduyu kurtard\u0131.<br \/>\nGenel Kurmay Ba\u015fkan\u0131 esir.<br \/>\nB\u00fct\u00fcn kuvvet komutanlar\u0131 esir.<br \/>\nHava kuvvetleri i\u015fgalcilerin elinde<br \/>\n\u00dclkenin can damarlar\u0131 t\u0131kanm\u0131\u015f.<br \/>\nM\u0130T her \u015fey olup bittikten sonra yar\u0131m yamalak bilgiler verebiliyor.<br \/>\nTanklar \u00f6nemli merkezleri ele ge\u00e7irmek i\u00e7in harekete ge\u00e7mi\u015f.<br \/>\nVe<br \/>\nTam bu kaos ortam\u0131nda Millet olarak tanklar\u0131n \u00f6n\u00fcne ge\u00e7ip, Ordu i\u015fgalcilerin elinden kurtar\u0131l\u0131yor.<\/p>\n<p>Rahmetli Yahya Kemal sanki bu g\u00fcnleri anlatm\u0131\u015f:<br \/>\nBin atl\u0131 ak\u0131nlarda \u00e7ocuklar gibi \u015fendik<br \/>\nBin atl\u0131 o g\u00fcn dev gibi bir orduyu yendik<\/p>\n<p>Hayk\u0131rd\u0131, ak tolgal\u0131 beylerbeyi &#8220;\u0130lerle!&#8221;<br \/>\nBir yaz g\u00fcn\u00fc ge\u00e7tik Tuna&#8217;dan kafilelerle<\/p>\n<p>\u015eim\u015fek gibi at\u0131ld\u0131k bir semte yedi koldan<br \/>\n\u015eim\u015fek gibi T\u00fcrk atlar\u0131n\u0131n ge\u00e7ti\u011fi yoldan<\/p>\n<p>Bir g\u00fcn yine doludizgin atlar\u0131m\u0131zla<br \/>\nYerden yedi kat ar\u015fa kanatland\u0131k o h\u0131zla<\/p>\n<p>Cennette bu g\u00fcn g\u00fclleri a\u00e7m\u0131\u015f g\u00f6r\u00fcr\u00fcz de<br \/>\nH\u00e2l\u00e2 o k\u0131z\u0131l h\u00e2t\u0131ra gitmez g\u00f6z\u00fcm\u00fczde<\/p>\n<p>Bin atl\u0131 ak\u0131nlarda \u00e7ocuklar gibi \u015fendik<br \/>\nBin atl\u0131 o g\u00fcn dev gibi bir orduyu yendik<\/p>\n<p>MENDERES<br \/>\nVE<br \/>\n56 YIL SONRA GELEN \u00d6Z\u00dcR<br \/>\nYa\u015f\u0131 m\u00fcsait olanlar\u0131n ifadelerine dikkat ettim. Hepsi adeta Menderes\u2019in ruhaniyetinden \u00f6z\u00fcr diler gibiydi.<br \/>\nHastanede yatan yaral\u0131 vatanda\u015f \u2018\u2019Menderes\u2019i yedirdik, Tayyip\u2019i yedirmeyece\u011fiz..\u2019\u2019 derken 27 May\u0131s 1960\u2019\u0131n ac\u0131 hat\u0131ralar\u0131 y\u00fcz\u00fcnden okunuyordu.<\/p>\n<p>NET\u0130CE<br \/>\n\u015e\u00fck\u00fcrler olsun bu badireyi atlatt\u0131k.<br \/>\nHerkes \u015funu g\u00f6rd\u00fc ki:<br \/>\n1- Sava\u015fmay\u0131, direnmeyi ve \u00f6lmeyi g\u00f6ze alm\u0131\u015f bir Milleti Allah\u2019tan ba\u015fka yenecek bir g\u00fc\u00e7 yoktur.<br \/>\n2- O gece ba\u015fta yak\u0131n co\u011frafyam\u0131z olmak \u00fczere t\u00fcm \u0130slam alemi bizimle birlikte y\u00fcrekleri att\u0131, bizimle birlikte a\u011flad\u0131, ve sabaha kar\u015f\u0131 bizimle birlikte g\u00fcld\u00fc.<br \/>\n3- Destans\u0131 direni\u015fimiz dost-d\u00fc\u015fman t\u00fcm d\u00fcnyaya parmak \u0131s\u0131rtt\u0131.<br \/>\nBundan sonra \u015fehit ve gazilerimizin d\u00f6kt\u00fc\u011f\u00fc kana lay\u0131k olmaya \u00e7al\u0131\u015faca\u011f\u0131z.<br \/>\nGayret bizden Tevfik Allah\u2019tand\u0131r.<br \/>\nHasbunallah ve ni\u2019mel vekil.<br \/>\nEmin Batur<\/p>\n","protected":false},"excerpt":{"rendered":"<p>&nbsp; 15-16 TEMMUZ Gecesi darbe de\u011fil, \u00fclkemizi i\u015fgal provas\u0131yd\u0131. Halk\u0131m\u0131z o ince sezgisiyle bunu fark etti ve o h\u0131n\u00e7la meydanlara akt\u0131. Millet olarak belki 100 y\u0131ld\u0131r ilk defa bu kadar g\u00fc\u00e7l\u00fc bir \u015fekilde birbirimize kenetlendik. Cumhurba\u015fkan\u0131m\u0131z\u0131 seven sevmeyen, televizyondaki \u00e7a\u011fr\u0131s\u0131n\u0131 duyar duymaz -\u00e7ok az bir kesim hari\u00e7- bayra\u011f\u0131 alan meydanlara ko\u015ftu. DARBEC\u0130LERDE TELA\u015e ABD DE &hellip;<\/p>\n","protected":false},"author":14,"featured_media":48521,"comment_status":"open","ping_status":"open","sticky":false,"template":"","format":"standard","meta":{"om_disable_all_campaigns":false,"_themeisle_gutenberg_block_has_review":false,"_joinchat":[],"footnotes":""},"categories":[56,38,43],"tags":[],"class_list":["post-14419","post","type-post","status-publish","format-standard","has-post-thumbnail","","category-emin","category-guncel","category-yazarlar"],"_links":{"self":[{"href":"https:\/\/akincilardergisi.com\/tr\/wp-json\/wp\/v2\/posts\/14419","targetHints":{"allow":["GET"]}}],"collection":[{"href":"https:\/\/akincilardergisi.com\/tr\/wp-json\/wp\/v2\/posts"}],"about":[{"href":"https:\/\/akincilardergisi.com\/tr\/wp-json\/wp\/v2\/types\/post"}],"author":[{"embeddable":true,"href":"https:\/\/akincilardergisi.com\/tr\/wp-json\/wp\/v2\/users\/14"}],"replies":[{"embeddable":true,"href":"https:\/\/akincilardergisi.com\/tr\/wp-json\/wp\/v2\/comments?post=14419"}],"version-history":[{"count":0,"href":"https:\/\/akincilardergisi.com\/tr\/wp-json\/wp\/v2\/posts\/14419\/revisions"}],"wp:featuredmedia":[{"embeddable":true,"href":"https:\/\/akincilardergisi.com\/tr\/wp-json\/wp\/v2\/media\/48521"}],"wp:attachment":[{"href":"https:\/\/akincilardergisi.com\/tr\/wp-json\/wp\/v2\/media?parent=14419"}],"wp:term":[{"taxonomy":"category","embeddable":true,"href":"https:\/\/akincilardergisi.com\/tr\/wp-json\/wp\/v2\/categories?post=14419"},{"taxonomy":"post_tag","embeddable":true,"href":"https:\/\/akincilardergisi.com\/tr\/wp-json\/wp\/v2\/tags?post=14419"}],"curies":[{"name":"wp","href":"https:\/\/api.w.org\/{rel}","templated":true}]}}