{"id":14292,"date":"2016-08-03T09:53:58","date_gmt":"2016-08-03T06:53:58","guid":{"rendered":"http:\/\/akincilardergisi.com\/dergi\/?p=14292"},"modified":"2023-11-07T11:28:44","modified_gmt":"2023-11-07T08:28:44","slug":"meydan-verirseniz-uzerinize-at-kosturan-cok-olur","status":"publish","type":"post","link":"https:\/\/akincilardergisi.com\/tr\/meydan-verirseniz-uzerinize-at-kosturan-cok-olur\/","title":{"rendered":"MEYDAN VER\u0130RSEN\u0130Z \u00dcZER\u0130N\u0130ZE AT KO\u015eTURAN \u00c7OK OLUR"},"content":{"rendered":"<p class=\"x_MsoNormal\" style=\"text-align: left\" align=\"center\"><span style=\"line-height: 115%;font-family: 'Palatino Linotype',serif;font-size: 12pt\">K\u00f6t\u00fcler, k\u00f6t\u00fcl\u00fcklerini yapmak i\u00e7in her zaman f\u0131rsat kollam\u0131\u015flard\u0131r. Bunu \u00e7a\u011fr\u0131\u015ft\u0131ran atas\u00f6zlerimiz olduk\u00e7a yayg\u0131nd\u0131r. Bunlardan biri de \u015fudur<b>: \u201cKendime yer edim, g\u00f6r bak sana neler edim.\u201d<\/b> K\u00f6t\u00fclerin k\u00f6t\u00fcl\u00fcklerini icra etmeleri, d\u00fc\u015f\u00fcncelerini eyleme ge\u00e7irmeleri hi\u00e7bir zaman sadece kendileriyle alakal\u0131 de\u011fildir. Bu i\u015fin bir de kar\u015f\u0131 taraf\u0131 vard\u0131r. Onlara k\u00f6t\u00fcl\u00fcklerini yapmak i\u00e7in imk\u00e2n ve f\u0131rsat veren bir ikinci taraf mevcuttur. G\u00f6nl\u00fcn\u00fc kapt\u0131rmaya haz\u0131r olmayan\u0131n g\u00f6nl\u00fc kap\u0131lmaz. Bir toprak par\u00e7as\u0131 oran\u0131n sakinleri taraf\u0131ndan ba\u015fkalar\u0131n\u0131n fethine haz\u0131rlanmam\u0131\u015f ise oras\u0131 fethedilmez. Co\u011frafyalar\u0131n fetihlerindeki de\u011fi\u015fmez kurallardan birisi de budur.\u00a0\u00a0<\/span><\/p>\n<p class=\"x_MsoNormal\" style=\"text-align: justify\"><span style=\"line-height: 115%;font-family: 'Palatino Linotype',serif;font-size: 12pt\">Genelde insan\u0131n i\u00e7i d\u0131\u015f\u0131 gibi de\u011fildir. Gruplar\u0131n, ekollerin, topluluklar\u0131n, cemaatlerin y\u00f6neticileri, \u00f6nderleri ve \u00f6nc\u00fc kadrolar\u0131n\u0131n i\u00e7 d\u00fcnyalar\u0131 alttakilerin i\u00e7 d\u00fcnyalar\u0131ndan y\u00fcz seksen derece ters olabilir. Bu s\u00fcr\u00fc psikolojisiyle alakal\u0131 bir durumdur. Sen s\u00fcr\u00fc olmaya namzet olursan seni bir yerlere g\u00f6t\u00fcrecek olan \u00e7ok olur. Ne zaman ki can\u0131n yanmaya, ac\u0131maya ba\u015flar sen de o zaman s\u00f6ylenmeye ba\u015flars\u0131n. \u201cAnlamad\u0131k, bilemedik, ne bileyim b\u00f6yle yapacaklar\u0131n\u0131.\u201d Bu t\u00fcrden yak\u0131nmalar\u0131n sonu gelmez. Onlara de\u011fil de hep ba\u015fkalar\u0131na ve bu yap\u0131ya kar\u015f\u0131 kendilerini uyaranlara \u015f\u00fcphe ile bakt\u0131lar. Bu insanlar neye yans\u0131nlar? Ma\u011fduriyetlerine mi, safl\u0131klar\u0131na m\u0131, kerizlemesine verdiklerine mi? Allah\u2019\u0131n insana verdi\u011fi en m\u00fckemmel nimet olan ak\u0131l gere\u011fi gibi kullan\u0131lmad\u0131\u011f\u0131nda s\u00fcr\u00fc psikolojisiyle varaca\u011f\u0131n yer pisliktir. Seni bu pisli\u011fe \u00e7ekenler, pe\u015finde f\u0131r\u0131ldak gibi d\u00f6nenler, geceni-g\u00fcnd\u00fcz\u00fcn\u00fc, mesaini \u00e7alanlar \u015fimdi nerdeler? Sordum ma\u011fdurlar\u0131ndan birisine: \u201cAbi arayan\u0131n, soran\u0131n var m\u0131? diye. Ne gezer abi, dedi. Maalesef satmay\u0131 iyi bilirler; zira vatan\u0131 satt\u0131lar, sen ben ne ki? \u015eimdilerde ma\u011fdur ettiklerinin evlerine ate\u015fler sald\u0131klar\u0131n\u0131n fark\u0131nda bile de\u011filler. \u00c7ok da umurlar\u0131ndayd\u0131 sanki. \u00d6nc\u00fclerin bir\u00e7o\u011fu zaten ka\u00e7t\u0131 gitti. Altta kalan\u0131n can\u0131 \u00e7\u0131ks\u0131n nakarat\u0131n\u0131 s\u00f6yleyip duruyorlar.<\/span><\/p>\n<p class=\"x_MsoNormal\" style=\"text-align: justify\"><span style=\"line-height: 115%;font-family: 'Palatino Linotype',serif;font-size: 12pt\">Biz \u015fimdi ba\u015fl\u0131\u011fa ald\u0131\u011f\u0131m\u0131z c\u00fcmleye gelelim. C\u00fcmlemiz de\u011ferli karde\u015fim Neslihan Cebesoy\u2019dan al\u0131nt\u0131d\u0131r. Tam da bug\u00fcnlerde ya\u015fad\u0131klar\u0131m\u0131z\u0131 \u00f6zetleyen bir c\u00fcmledir. Siz imk\u00e2n verirseniz, siz destek verirseniz, siz meydan verirseniz, siz meydan\u0131 bo\u015f b\u0131rak\u0131rsan\u0131z \u00fczerinize at ko\u015fturacak olanlar elbette \u00e7ok olacakt\u0131r. Devlet akl\u0131n\u0131n \u00e7ok uyan\u0131k olmas\u0131 gerekmektedir. Safl\u0131\u011fa, duygusall\u0131\u011fa yer yoktur. Maalesef bu t\u00fcrden yap\u0131lar duygu s\u00f6m\u00fcr\u00fcs\u00fc uzman\u0131 olarak yakla\u015f\u0131rlar ve ne olursan ol, kim olursan ol bir \u015fekilde kap\u0131l\u0131r gidersin. B\u00f6yle olmasayd\u0131 Anadolu\u2019nun bunca g\u00fczel gen\u00e7lerini, k\u0131zlar\u0131n\u0131, esnaflar\u0131n\u0131, i\u015f adamlar\u0131n\u0131, yerel ve genel siyaset\u00e7ilerini kand\u0131rabilirler miydi? Hizmetlerine, emirlerine amade edebiliriler miydi? \u00d6yle veya b\u00f6yle bir \u015fekilde bu milletin akl\u0131n\u0131, zek\u00e2s\u0131n\u0131, heyecan\u0131n\u0131, ideallerini ve istikballerini \u00e7almad\u0131lar m\u0131? Ha bunlar\u0131 \u00e7alm\u0131\u015flar, ha sorular\u0131 \u00e7alm\u0131\u015flar hi\u00e7 fark etmez. Yar\u0131n f\u0131rsat\u0131n\u0131 bulsunlar yine \u00e7alacaklar. Onlar \u00e7alamaz ise ba\u015fkalar\u0131 \u00e7alacakt\u0131r. \u00c7\u00fcnk\u00fc di\u011ferlerinin mant\u0131klar\u0131yla bunlar\u0131nki aras\u0131nda benzerlikler \u00e7oktur. Ondan dolay\u0131 \u00e7ok da ses \u00e7\u0131kartmazlar. <\/span><\/p>\n<p class=\"x_MsoNormal\" style=\"text-align: justify\"><span style=\"line-height: 115%;font-family: 'Palatino Linotype',serif;font-size: 12pt\">Bir milleti olu\u015fturan t\u00fcm unsurlar\u0131n tek ortak paydas\u0131 olan devletin birilerinin \u00e7iftli\u011fi haline getirilmesine m\u00fcsaade etmek m\u00fcmk\u00fcn de\u011fildir. B\u00f6yle oldu\u011fu takdirde beridekini \u00f6tekinin zulm\u00fcnden kim kurtaracak? <\/span><\/p>\n<p class=\"x_MsoNormal\" style=\"text-align: justify\"><span style=\"line-height: 115%;font-family: 'Palatino Linotype',serif;font-size: 12pt\">Ben m\u00fcsl\u00fcman\u0131m bunlara asla g\u00fcvenmiyorum. Ben g\u00fcvenmiyorum da milletimizin tamam\u0131n\u0131 olu\u015fturan dini, siyasi ve \u0131rki unsurlar\u0131n hangisi g\u00fcvenebiliyor ki? Devletin imk\u00e2nlar\u0131n\u0131 eline ge\u00e7irmekle kalmay\u0131p devleti ele ge\u00e7irenlerin y\u00f6netti\u011fi bir \u00fclkede bunlara kim dur diyecektir? B\u00fcy\u00fck milletimizi olu\u015fturan unsurlar\u0131n haklar\u0131n\u0131 kim koruyacakt\u0131r? Herkes kendisini korumaya kalkt\u0131\u011f\u0131nda bunun ad\u0131na anar\u015fi denir. Bu devlet otoritesinin s\u0131f\u0131rlanmas\u0131 anlam\u0131na gelir ki hi\u00e7bir devlet buna m\u00fcsaade etmez, edemez. \u0130\u015fte b\u00fct\u00fcn bunlar\u0131n ya\u015fanmamas\u0131 i\u00e7in devlet bu manada hi\u00e7bir gruba, ekole, cemaate, mezhebe, tarikata ayr\u0131cal\u0131klar, \u00f6zel imtiyazlar veremez, sa\u011flayamaz. Bunlar\u0131n tamam\u0131 birbirinin pe\u015finde olan unsurlard\u0131r. Birinden do\u011facak olan bo\u015flu\u011fu doldurma m\u00fccadelesi vermektedirler. Al birini vur \u00f6tekine. Yok asl\u0131nda birbirlerinden fark\u0131. Beriki varsa \u00f6tekinin ya\u015fama hakk\u0131 yoktur anlay\u0131\u015f\u0131 bunlarda egemendir. Bu unsurlar Allah\u2019\u0131n kendilerine verdi\u011fi M\u00fcsl\u00fcman ismine (Hac, 78) asla raz\u0131 olmamaktad\u0131rlar. Muhterem Reisimiz avaz\u0131 \u00e7\u0131kt\u0131\u011f\u0131 kadar ba\u011f\u0131r\u0131yor: <b>\u201cBenim dinim ne S\u00fcnnilik ne \u015eiilik, dinim \u0130slam\u2019d\u0131r.\u201d \u201c<strong><span style=\"color: #111111;font-family: 'Palatino Linotype','serif'\">Bizim S\u00fcnn\u00eelik diye bir dinimiz yoktur, \u015eia diye bir dinimiz yoktur, tek dinimiz \u0130sl\u00e2m\u2019d\u0131r. Ne yaz\u0131k ki mezhebini din edinmi\u015f olanlarla ba\u015f\u0131m\u0131z dertte.<\/span><\/strong><\/b><span style=\"color: #111111\">\u201d<\/span> Bu gruplar bu s\u00f6zleri s\u00f6yleyen ba\u015fkalar\u0131n\u0131 tekfir ederken, Reisimiz s\u00f6yleyince sus pus oluyorlar. Niye? \u00c7\u00fcnk\u00fc meydanda yer kapma yar\u0131\u015f\u0131 i\u00e7erisindedirler de ondan.<\/span><span style=\"line-height: 115%;font-family: 'Palatino Linotype','serif';font-size: 12pt\"> M\u00fcnaf\u0131kl\u0131k yap\u0131p duygular\u0131n\u0131 i\u00e7lerine g\u00f6m\u00fcyorlar. Yar\u0131n f\u0131rsat bulduklar\u0131nda ilk i\u015fleri di\u011ferlerinin yapt\u0131\u011f\u0131ndan farkl\u0131 olmayacakt\u0131r. Y\u0131llar \u00f6nce bunlardan birisi bana demi\u015fti: <b>\u201c\u0130\u00e7imizde \u00f6yle Taliban kafal\u0131lar var ki, f\u0131rsat bulmas\u0131n, Afganistan\u2019daki Taliban\u2019dan bile beterini yaparlar.\u201d <\/b>diye. Ne yaz\u0131k ki biz buna da tan\u0131k olduk. \u00c7\u00fcnk\u00fc beslendikleri yer ayn\u0131 olunca, her ne kadar i\u00e7lerinde saklasalar da hepsi ayn\u0131 duygulara sahiptirler. Sadece f\u0131rsat\u0131n\u0131 kolluyorlar. \u015eu anda mesailerini meydanda yer kapma \u00fczerine planlanm\u0131\u015flard\u0131r. Biz \u015fimdi dua edece\u011fiz ve: <b>\u201cAllah\u2019\u0131m sen bunlara f\u0131rsat verme.\u201d<\/b> diyece\u011fiz. \u0130nan\u0131n ki b\u00f6yle bir dua etme hakk\u0131m\u0131z yok. Ben Rabbimin bana verdi\u011fi ak\u0131l nimetini kullanmayaca\u011f\u0131m, gidip beynimi ve g\u00f6nl\u00fcm\u00fc onlara teslim edece\u011fim. Devlet akl\u0131 da benim gibi davranacak, ondan sonra bizler: <b>\u201cAllah\u2019\u0131m onlara f\u0131rsat verme.\u201d<\/b> diye yapmam\u0131z gerekeni, devlet akl\u0131n\u0131n yapmas\u0131 gerekeni Allah\u2019a havale edece\u011fiz \u00f6yle mi? B\u00f6yle olmad\u0131\u011f\u0131 i\u00e7in, b\u00f6yle olmayaca\u011f\u0131 i\u00e7in Rabbimiz akl\u0131n\u0131 kullanmayanlar\u0131n \u00fczerine pislik ya\u011fd\u0131r\u0131yor. Bu g\u00fczel \u00fclkenin g\u00fczel insanlar\u0131n\u0131n ya\u015fad\u0131klar\u0131 tam da budur. Ben meydan verirsem benim \u00fczerime at ko\u015fturan \u00e7ok olur, sen meydan verirsen senin \u00fczerine at ko\u015fturan \u00e7ok olur, devlet meydan verirse devletin \u00fczerine at ko\u015fturan \u00e7ok olur. Oysa meydan ne benim, ne senin, ne de devletin. Meydan hepimizin. Kimin meydan\u0131n\u0131 kime pe\u015fke\u015f \u00e7ekiyoruz. Bir milletin ortak meydan\u0131n\u0131 kimse kimseye veremez, verirse ne oldu\u011funu g\u00f6rd\u00fck ve tecr\u00fcbe ettik. Ayn\u0131 ak\u0131beti bir kez daha ya\u015famak istemiyoruz vesselam.<\/span><\/p>\n<p class=\"x_MsoNormal\" style=\"text-align: justify\"><b><span style=\"line-height: 115%;font-family: 'Tahoma','sans-serif';font-size: 20pt\">\u00d6mer Naci Y\u0131lmaz<\/span><\/b><\/p>\n<p>&nbsp;<\/p>\n","protected":false},"excerpt":{"rendered":"<p>K\u00f6t\u00fcler, k\u00f6t\u00fcl\u00fcklerini yapmak i\u00e7in her zaman f\u0131rsat kollam\u0131\u015flard\u0131r. Bunu \u00e7a\u011fr\u0131\u015ft\u0131ran atas\u00f6zlerimiz olduk\u00e7a yayg\u0131nd\u0131r. Bunlardan biri de \u015fudur: \u201cKendime yer edim, g\u00f6r bak sana neler edim.\u201d K\u00f6t\u00fclerin k\u00f6t\u00fcl\u00fcklerini icra etmeleri, d\u00fc\u015f\u00fcncelerini eyleme ge\u00e7irmeleri hi\u00e7bir zaman sadece kendileriyle alakal\u0131 de\u011fildir. Bu i\u015fin bir de kar\u015f\u0131 taraf\u0131 vard\u0131r. Onlara k\u00f6t\u00fcl\u00fcklerini yapmak i\u00e7in imk\u00e2n ve f\u0131rsat veren bir ikinci &hellip;<\/p>\n","protected":false},"author":26,"featured_media":48521,"comment_status":"open","ping_status":"open","sticky":false,"template":"","format":"standard","meta":{"om_disable_all_campaigns":false,"_themeisle_gutenberg_block_has_review":false,"_joinchat":[],"footnotes":""},"categories":[38,54,43],"tags":[],"class_list":["post-14292","post","type-post","status-publish","format-standard","has-post-thumbnail","","category-guncel","category-omer","category-yazarlar"],"_links":{"self":[{"href":"https:\/\/akincilardergisi.com\/tr\/wp-json\/wp\/v2\/posts\/14292","targetHints":{"allow":["GET"]}}],"collection":[{"href":"https:\/\/akincilardergisi.com\/tr\/wp-json\/wp\/v2\/posts"}],"about":[{"href":"https:\/\/akincilardergisi.com\/tr\/wp-json\/wp\/v2\/types\/post"}],"author":[{"embeddable":true,"href":"https:\/\/akincilardergisi.com\/tr\/wp-json\/wp\/v2\/users\/26"}],"replies":[{"embeddable":true,"href":"https:\/\/akincilardergisi.com\/tr\/wp-json\/wp\/v2\/comments?post=14292"}],"version-history":[{"count":0,"href":"https:\/\/akincilardergisi.com\/tr\/wp-json\/wp\/v2\/posts\/14292\/revisions"}],"wp:featuredmedia":[{"embeddable":true,"href":"https:\/\/akincilardergisi.com\/tr\/wp-json\/wp\/v2\/media\/48521"}],"wp:attachment":[{"href":"https:\/\/akincilardergisi.com\/tr\/wp-json\/wp\/v2\/media?parent=14292"}],"wp:term":[{"taxonomy":"category","embeddable":true,"href":"https:\/\/akincilardergisi.com\/tr\/wp-json\/wp\/v2\/categories?post=14292"},{"taxonomy":"post_tag","embeddable":true,"href":"https:\/\/akincilardergisi.com\/tr\/wp-json\/wp\/v2\/tags?post=14292"}],"curies":[{"name":"wp","href":"https:\/\/api.w.org\/{rel}","templated":true}]}}